{"id":1003,"date":"2013-07-01T10:52:17","date_gmt":"2013-07-01T12:52:17","guid":{"rendered":"http:\/\/www.encontraermelinomatarazzo.com.br\/noticias\/?p=1003"},"modified":"2019-04-29T17:14:16","modified_gmt":"2019-04-29T19:14:16","slug":"subprefeitura-promove-encontro-com-empresarios-de-ermelino-e-regiao","status":"publish","type":"post","link":"https:\/\/www.encontraermelinomatarazzo.com.br\/sobre\/subprefeitura-promove-encontro-com-empresarios-de-ermelino-e-regiao\/","title":{"rendered":"Subprefeitura promove encontro com empres\u00e1rios de Ermelino e regi\u00e3o"},"content":{"rendered":"<div class=\"582a572a76647b318fccfc02422c37de\" data-index=\"1\" style=\"float: none; margin:0px;\">\n<!-- Anuncio display - global -->\r\n<ins class=\"adsbygoogle\"\r\n     style=\"display:block\"\r\n     data-ad-client=\"ca-pub-8585364105181520\"\r\n     data-ad-slot=\"8789329856\"\r\n     data-ad-format=\"auto\"\r\n     data-full-width-responsive=\"true\"><\/ins>\r\n<script>\r\n     (adsbygoogle = window.adsbygoogle || []).push({});\r\n<\/script>\n<\/div>\n<p>A subprefeitura de Ermelino e Ponte Rasa v\u00eam tomando algumas iniciativas positivas no sentido de aproximar-se ainda mais da popula\u00e7\u00e3o local. Uma das principais preocupa\u00e7\u00f5es da atual gest\u00e3o t\u00eam sido os preparativos e mobiliza\u00e7\u00f5es visando o \u00eaxito na participa\u00e7\u00e3o efetiva dos moradores do bairro na discuss\u00e3o da revis\u00e3o do Plano Diretor Estrat\u00e9gico.<\/p>\n<p>Nesse sentido a subprefeitura promoveu no \u00faltimo dia 25 de Junho passado um encontro com os empres\u00e1rios e comerciantes locais, a pauta principal desse encontro foi o fomento a \u201cGera\u00e7\u00e3o de empregos e renda\u201d, tema muito bem avaliado por todos os presentes.<\/p>\n<p>Um total de 120 participantes puderem dialogar com a administra\u00e7\u00e3o local, e ampliar ainda mais o canal de comunica\u00e7\u00e3o entre o empresariado local e a administra\u00e7\u00e3o p\u00fablica.<br \/>\nO objetivo inicial que era ouvir a opini\u00e3o de todos, foi contemplada, a palavra foi \u201caberta\u201d a todos que de uma forma clara e direta puderam expor suas opini\u00f5es, demandas e solicita\u00e7\u00f5es, al\u00e9m disso, todos se comprometeram a ampliar ainda mais esse di\u00e1logo realizando outras a\u00e7\u00f5es como essa, de forma continua e tamb\u00e9m a subprefeitura colocou mais uma vez o gabinete a disposi\u00e7\u00e3o de todos para todos esclarecimentos e a\u00e7\u00f5es que sejam necess\u00e1rias.<\/p>\n<p>Al\u00e9m dos comerciantes e empres\u00e1rios, tamb\u00e9m participaram os comandantes da Policia Militar da regi\u00e3o leste, o delegado da 7\u00aa seccional e diversas lideran\u00e7as locais.<\/p>\n<p><em>Fonte: Prefeitura do Rio<\/em><\/p>\n\n<div style=\"font-size: 0px; height: 0px; line-height: 0px; margin: 0; padding: 0; clear: both;\"><\/div>","protected":false},"excerpt":{"rendered":"<p>A subprefeitura de Ermelino e Ponte Rasa v\u00eam tomando algumas iniciativas positivas no sentido de aproximar-se ainda mais da popula\u00e7\u00e3o local. Uma das principais preocupa\u00e7\u00f5es da atual gest\u00e3o t\u00eam sido os preparativos e mobiliza\u00e7\u00f5es visando o \u00eaxito na participa\u00e7\u00e3o efetiva dos moradores do bairro na discuss\u00e3o da revis\u00e3o do Plano Diretor Estrat\u00e9gico. Nesse sentido a subprefeitura promoveu no \u00faltimo dia 25 de Junho passado um encontro com os empres\u00e1rios e comerciantes locais, a pauta principal desse encontro foi o fomento a \u201cGera\u00e7\u00e3o de empregos e renda\u201d, tema muito bem avaliado por todos os presentes. Um total de 120 participantes puderem <\/p>\n","protected":false},"author":1,"featured_media":0,"comment_status":"open","ping_status":"closed","sticky":false,"template":"","format":"standard","meta":{"footnotes":""},"categories":[6],"tags":[],"class_list":["post-1003","post","type-post","status-publish","format-standard","hentry","category-noticias-em-ermelino-matarazzo"],"aioseo_notices":[],"_links":{"self":[{"href":"https:\/\/www.encontraermelinomatarazzo.com.br\/sobre\/wp-json\/wp\/v2\/posts\/1003","targetHints":{"allow":["GET"]}}],"collection":[{"href":"https:\/\/www.encontraermelinomatarazzo.com.br\/sobre\/wp-json\/wp\/v2\/posts"}],"about":[{"href":"https:\/\/www.encontraermelinomatarazzo.com.br\/sobre\/wp-json\/wp\/v2\/types\/post"}],"author":[{"embeddable":true,"href":"https:\/\/www.encontraermelinomatarazzo.com.br\/sobre\/wp-json\/wp\/v2\/users\/1"}],"replies":[{"embeddable":true,"href":"https:\/\/www.encontraermelinomatarazzo.com.br\/sobre\/wp-json\/wp\/v2\/comments?post=1003"}],"version-history":[{"count":0,"href":"https:\/\/www.encontraermelinomatarazzo.com.br\/sobre\/wp-json\/wp\/v2\/posts\/1003\/revisions"}],"wp:attachment":[{"href":"https:\/\/www.encontraermelinomatarazzo.com.br\/sobre\/wp-json\/wp\/v2\/media?parent=1003"}],"wp:term":[{"taxonomy":"category","embeddable":true,"href":"https:\/\/www.encontraermelinomatarazzo.com.br\/sobre\/wp-json\/wp\/v2\/categories?post=1003"},{"taxonomy":"post_tag","embeddable":true,"href":"https:\/\/www.encontraermelinomatarazzo.com.br\/sobre\/wp-json\/wp\/v2\/tags?post=1003"}],"curies":[{"name":"wp","href":"https:\/\/api.w.org\/{rel}","templated":true}]}}