{"id":102,"date":"2011-06-22T15:07:34","date_gmt":"2011-06-22T17:07:34","guid":{"rendered":"http:\/\/www.encontraermelinomatarazzo.com.br\/noticias\/?p=102"},"modified":"2019-04-29T17:15:16","modified_gmt":"2019-04-29T19:15:16","slug":"policia-fecha-fabrica-de-agasalhos-clandestina-no-ermelino-matarazzo","status":"publish","type":"post","link":"https:\/\/www.encontraermelinomatarazzo.com.br\/sobre\/policia-fecha-fabrica-de-agasalhos-clandestina-no-ermelino-matarazzo\/","title":{"rendered":"Pol\u00edcia fecha f\u00e1brica de agasalhos clandestina no Ermelino Matarazzo"},"content":{"rendered":"<div class=\"582a572a76647b318fccfc02422c37de\" data-index=\"1\" style=\"float: none; margin:0px;\">\n<!-- Anuncio display - global -->\r\n<ins class=\"adsbygoogle\"\r\n     style=\"display:block\"\r\n     data-ad-client=\"ca-pub-8585364105181520\"\r\n     data-ad-slot=\"8789329856\"\r\n     data-ad-format=\"auto\"\r\n     data-full-width-responsive=\"true\"><\/ins>\r\n<script>\r\n     (adsbygoogle = window.adsbygoogle || []).push({});\r\n<\/script>\n<\/div>\n<p>A Pol\u00edcia Civil fechou uma confec\u00e7\u00e3o que produzia agasalhos esportivos no guia do bairro Ermelino Matarazzo, na zona leste da capital, na tarde de segunda-feira. Um comerciante, de 29 anos, respons\u00e1vel pelo estabelecimento, foi detido.<\/p>\n<p>A equipe do Departamento de Investiga\u00e7\u00f5es sobre Crime Organizado (Deic) passou a apurar a atividade da confec\u00e7\u00e3o ilegal a partir de apreens\u00f5es realizadas nos com\u00e9rcios populares nas regi\u00f5es da 25 de Mar\u00e7o e do Br\u00e1s.<\/p>\n<p>No local vistoriado na segunda-feira tamb\u00e9m foram apreendidas 19 m\u00e1quinas industriais de costura e mil pe\u00e7as prontas. Pelo menos 10 pessoas trabalhavam no im\u00f3vel. O preso foi autuado por crimes contra rela\u00e7\u00e3o de consumo e contra marcas. Os agasalhos passar\u00e3o por per\u00edcia.<\/p>\n<p><em>Fonte: O Estado de S. Paulo<\/em><\/p>\n\n<div style=\"font-size: 0px; height: 0px; line-height: 0px; margin: 0; padding: 0; clear: both;\"><\/div>","protected":false},"excerpt":{"rendered":"<p>A Pol\u00edcia Civil fechou uma confec\u00e7\u00e3o que produzia agasalhos esportivos no guia do bairro Ermelino Matarazzo, na zona leste da capital, na tarde de segunda-feira. Um comerciante, de 29 anos, respons\u00e1vel pelo estabelecimento, foi detido. A equipe do Departamento de Investiga\u00e7\u00f5es sobre Crime Organizado (Deic) passou a apurar a atividade da confec\u00e7\u00e3o ilegal a partir de apreens\u00f5es realizadas nos com\u00e9rcios populares nas regi\u00f5es da 25 de Mar\u00e7o e do Br\u00e1s. No local vistoriado na segunda-feira tamb\u00e9m foram apreendidas 19 m\u00e1quinas industriais de costura e mil pe\u00e7as prontas. Pelo menos 10 pessoas trabalhavam no im\u00f3vel. O preso foi autuado por crimes <\/p>\n","protected":false},"author":1,"featured_media":0,"comment_status":"open","ping_status":"closed","sticky":false,"template":"","format":"standard","meta":{"footnotes":""},"categories":[6],"tags":[],"class_list":["post-102","post","type-post","status-publish","format-standard","hentry","category-noticias-em-ermelino-matarazzo"],"aioseo_notices":[],"_links":{"self":[{"href":"https:\/\/www.encontraermelinomatarazzo.com.br\/sobre\/wp-json\/wp\/v2\/posts\/102","targetHints":{"allow":["GET"]}}],"collection":[{"href":"https:\/\/www.encontraermelinomatarazzo.com.br\/sobre\/wp-json\/wp\/v2\/posts"}],"about":[{"href":"https:\/\/www.encontraermelinomatarazzo.com.br\/sobre\/wp-json\/wp\/v2\/types\/post"}],"author":[{"embeddable":true,"href":"https:\/\/www.encontraermelinomatarazzo.com.br\/sobre\/wp-json\/wp\/v2\/users\/1"}],"replies":[{"embeddable":true,"href":"https:\/\/www.encontraermelinomatarazzo.com.br\/sobre\/wp-json\/wp\/v2\/comments?post=102"}],"version-history":[{"count":0,"href":"https:\/\/www.encontraermelinomatarazzo.com.br\/sobre\/wp-json\/wp\/v2\/posts\/102\/revisions"}],"wp:attachment":[{"href":"https:\/\/www.encontraermelinomatarazzo.com.br\/sobre\/wp-json\/wp\/v2\/media?parent=102"}],"wp:term":[{"taxonomy":"category","embeddable":true,"href":"https:\/\/www.encontraermelinomatarazzo.com.br\/sobre\/wp-json\/wp\/v2\/categories?post=102"},{"taxonomy":"post_tag","embeddable":true,"href":"https:\/\/www.encontraermelinomatarazzo.com.br\/sobre\/wp-json\/wp\/v2\/tags?post=102"}],"curies":[{"name":"wp","href":"https:\/\/api.w.org\/{rel}","templated":true}]}}