{"id":1030,"date":"2013-07-26T12:38:43","date_gmt":"2013-07-26T14:38:43","guid":{"rendered":"http:\/\/www.encontraermelinomatarazzo.com.br\/noticias\/?p=1030"},"modified":"2019-04-29T17:14:16","modified_gmt":"2019-04-29T19:14:16","slug":"operacao-cata-bagulho-passara-por-vias-do-ermelino-matarazzo-neste-sabado-27","status":"publish","type":"post","link":"https:\/\/www.encontraermelinomatarazzo.com.br\/sobre\/operacao-cata-bagulho-passara-por-vias-do-ermelino-matarazzo-neste-sabado-27\/","title":{"rendered":"Opera\u00e7\u00e3o Cata-Bagulho passar\u00e1 por vias do Ermelino Matarazzo neste s\u00e1bado (27)"},"content":{"rendered":"<div class=\"582a572a76647b318fccfc02422c37de\" data-index=\"1\" style=\"float: none; margin:0px;\">\n<!-- Anuncio display - global -->\r\n<ins class=\"adsbygoogle\"\r\n     style=\"display:block\"\r\n     data-ad-client=\"ca-pub-8585364105181520\"\r\n     data-ad-slot=\"8789329856\"\r\n     data-ad-format=\"auto\"\r\n     data-full-width-responsive=\"true\"><\/ins>\r\n<script>\r\n     (adsbygoogle = window.adsbygoogle || []).push({});\r\n<\/script>\n<\/div>\n<p>A Opera\u00e7\u00e3o desta semana conta a participa\u00e7\u00e3o de 27 Subprefeituras.<\/p>\n<p>As opera\u00e7\u00f5es de Cata-Bagulho s\u00e3o uma a\u00e7\u00e3o gratuita que a Prefeitura disponibiliza \u00e0 popula\u00e7\u00e3o, que visa o recolhimento de objetos considerados inserv\u00edveis, como m\u00f3veis velhos, colch\u00f5es, peda\u00e7os de madeira e eletrodom\u00e9sticos quebrados, para evitar o descarte irregular em vias p\u00fablicas ou margens de rios e c\u00f3rregos. Apenas em junho foram realizadas mais de cento e vinte opera\u00e7\u00f5es que resultaram no recolhimento de aproximadamente 3.400 toneladas desses materiais.<\/p>\n<p>\u00c9 importante ressaltar que a participa\u00e7\u00e3o dos moradores \u00e9 essencial para que a programa\u00e7\u00e3o seja realizada com sucesso, sendo assim, os objetos precisam estar em suas cal\u00e7adas com uma hora de anteced\u00eancia de acordo com a programa\u00e7\u00e3o abaixo, atentando para os hor\u00e1rios e para as vias que ser\u00e3o percorridas.<\/p>\n<p>O despejo irregular em \u00e1reas inapropriadas, al\u00e9m de prejudicar a conserva\u00e7\u00e3o do espa\u00e7o p\u00fablico, \u00e9 crime ambiental sujeito \u00e0 multa de R$ 14 mil em caso de flagrante. Por isso, se o mun\u00edcipe quiser descartar algum item inserv\u00edvel, mas sua rua n\u00e3o foi contemplada na \u00faltima opera\u00e7\u00e3o Cata-Bagulho, \u00e9 poss\u00edvel solicitar que a Subprefeitura de sua regi\u00e3o inclua a via na programa\u00e7\u00e3o futura do servi\u00e7o, atrav\u00e9s do telefone 156 ou do Servi\u00e7o de Atendimento ao Consumidor (SAC), nas Pra\u00e7as de Atendimento. H\u00e1 ainda a op\u00e7\u00e3o de levar o material em desuso a um dos Ecopontos espalhados pela cidade com, no m\u00e1ximo, 1 m\u00b3 de entulho (volume equivalente a uma caixa d\u2019\u00e1gua de mil litros).<\/p>\n<p><strong>Confira as vias que receber\u00e3o a opera\u00e7\u00e3o:<\/strong><\/p>\n<p><strong>Ermelino Matarazzo: <\/strong>das 07h00 \u00e0s 10h00<\/p>\n<p>Onde: Rua Alrivercine Duarte de Oliveira, Travessa Laranja Cravo, Rua Sebasti\u00e3o Zaque Pedroso, Rua Martine, Rua Provincia de Alberta,Travessa Brandenburgo, Rua Maria Ciabredo, Rua Belem de S\u00e3o Francisco, Rua Antonio Le\u00e3o, Rua Antonio Carlos Lamego, Rua Sim\u00e3o Bueno da Silva, Rua Martinho de Sousa, Rua Bramanter Butoni, Rua Felipe Jos\u00e9 de Figueiredo, Rua Elias Guimar\u00e3es, Alameda Rodrigo de Brum, Rua Domingos Manoel, Rua Raul Gomes, Rua Copa do Mundo, Rua Miguel Novaes, Rua Andr\u00e9 Pirro, Travessa Nobreza Ga\u00facha, Rua Sebasti\u00e3o Cruz, Rua Dullio Lenarduzzi, Rua Esmeraldina N. de Sousa, Rua Oscar mariano do Silva, Rua Maria Jos\u00e9 B. Romualda, Rua Jo\u00e3o Batista de Oliveira, Rua Augusto Muniz Ribeiro, Rua Mario Massi, Rua General Costa Campos, Rua Angelo Cori, Av. Antonio Augusto de Lima, Rua Paulina Augustin, Rua Mat\u00f5es, Travessa Matinhos, Rua Baia dos Pinheiros, Rua Bei, Rua Josefina Chiaquetta, Rua Antonio Jos\u00e9 Henriques, Rua Anaz de Paula Machado, Rua Francisco Matias da Silva, Rua Presidente Hor\u00e1cio Vasques, Rua Jos\u00e9 Goes Nogueira, Rua Rita Soares, Rua Alicinha, Travessa Antonio Dorneu, Travessa Miron, Rua Vit\u00f3ria Simionato, Rua Lino Petenoni, Rua Antonio Jos\u00e9 Medeiros, Rua Terra Branca, Rua Bandeira do Col\u00f4nia, Rua Primavera da Vida, Rua Bigati, Rua Te\u00f3filo Gomes, Rua Candido Jos\u00e9 de Andrade, Travessa Raio de Luar, Rua Vinte e um de Setembro, Travessa Migueirinha, Rua Guarda dos Ferreiros, Rua Am\u00e9rico Lobo, Rua Afonso Moreira Pena, Rua Estevan de Araujo, Rua Ros\u00e1rio da Limeira, Rua Jean do Dufon, Av. Porcino dos Santos, Rua Caetano Furquim, Rua Miguel Rachid, entre outras vias dos bairros Vila Paranagu\u00e1 e Vila Robertina.<\/p>\n<p><em>Fonte: Prefeitura de S. Paulo<\/em><\/p>\n\n<div style=\"font-size: 0px; height: 0px; line-height: 0px; margin: 0; padding: 0; clear: both;\"><\/div>","protected":false},"excerpt":{"rendered":"<p>A Opera\u00e7\u00e3o desta semana conta a participa\u00e7\u00e3o de 27 Subprefeituras. As opera\u00e7\u00f5es de Cata-Bagulho s\u00e3o uma a\u00e7\u00e3o gratuita que a Prefeitura disponibiliza \u00e0 popula\u00e7\u00e3o, que visa o recolhimento de objetos considerados inserv\u00edveis, como m\u00f3veis velhos, colch\u00f5es, peda\u00e7os de madeira e eletrodom\u00e9sticos quebrados, para evitar o descarte irregular em vias p\u00fablicas ou margens de rios e c\u00f3rregos. Apenas em junho foram realizadas mais de cento e vinte opera\u00e7\u00f5es que resultaram no recolhimento de aproximadamente 3.400 toneladas desses materiais. \u00c9 importante ressaltar que a participa\u00e7\u00e3o dos moradores \u00e9 essencial para que a programa\u00e7\u00e3o seja realizada com sucesso, sendo assim, os objetos precisam <\/p>\n","protected":false},"author":1,"featured_media":0,"comment_status":"open","ping_status":"closed","sticky":false,"template":"","format":"standard","meta":{"footnotes":""},"categories":[6],"tags":[],"class_list":["post-1030","post","type-post","status-publish","format-standard","hentry","category-noticias-em-ermelino-matarazzo"],"aioseo_notices":[],"_links":{"self":[{"href":"https:\/\/www.encontraermelinomatarazzo.com.br\/sobre\/wp-json\/wp\/v2\/posts\/1030","targetHints":{"allow":["GET"]}}],"collection":[{"href":"https:\/\/www.encontraermelinomatarazzo.com.br\/sobre\/wp-json\/wp\/v2\/posts"}],"about":[{"href":"https:\/\/www.encontraermelinomatarazzo.com.br\/sobre\/wp-json\/wp\/v2\/types\/post"}],"author":[{"embeddable":true,"href":"https:\/\/www.encontraermelinomatarazzo.com.br\/sobre\/wp-json\/wp\/v2\/users\/1"}],"replies":[{"embeddable":true,"href":"https:\/\/www.encontraermelinomatarazzo.com.br\/sobre\/wp-json\/wp\/v2\/comments?post=1030"}],"version-history":[{"count":0,"href":"https:\/\/www.encontraermelinomatarazzo.com.br\/sobre\/wp-json\/wp\/v2\/posts\/1030\/revisions"}],"wp:attachment":[{"href":"https:\/\/www.encontraermelinomatarazzo.com.br\/sobre\/wp-json\/wp\/v2\/media?parent=1030"}],"wp:term":[{"taxonomy":"category","embeddable":true,"href":"https:\/\/www.encontraermelinomatarazzo.com.br\/sobre\/wp-json\/wp\/v2\/categories?post=1030"},{"taxonomy":"post_tag","embeddable":true,"href":"https:\/\/www.encontraermelinomatarazzo.com.br\/sobre\/wp-json\/wp\/v2\/tags?post=1030"}],"curies":[{"name":"wp","href":"https:\/\/api.w.org\/{rel}","templated":true}]}}