{"id":1038,"date":"2013-08-01T10:01:10","date_gmt":"2013-08-01T12:01:10","guid":{"rendered":"http:\/\/www.encontraermelinomatarazzo.com.br\/noticias\/?p=1038"},"modified":"2019-04-29T17:14:16","modified_gmt":"2019-04-29T19:14:16","slug":"plenaria-do-plano-diretor-no-ermelino-matarazzo-contou-com-participacao-popular","status":"publish","type":"post","link":"https:\/\/www.encontraermelinomatarazzo.com.br\/sobre\/plenaria-do-plano-diretor-no-ermelino-matarazzo-contou-com-participacao-popular\/","title":{"rendered":"Plen\u00e1ria do Plano Diretor no Ermelino Matarazzo contou com participa\u00e7\u00e3o popular"},"content":{"rendered":"<div class=\"582a572a76647b318fccfc02422c37de\" data-index=\"1\" style=\"float: none; margin:0px;\">\n<!-- Anuncio display - global -->\r\n<ins class=\"adsbygoogle\"\r\n     style=\"display:block\"\r\n     data-ad-client=\"ca-pub-8585364105181520\"\r\n     data-ad-slot=\"8789329856\"\r\n     data-ad-format=\"auto\"\r\n     data-full-width-responsive=\"true\"><\/ins>\r\n<script>\r\n     (adsbygoogle = window.adsbygoogle || []).push({});\r\n<\/script>\n<\/div>\n<p>A subprefeitura de Ermelino Matarazzo realizou no \u00faltimo dia 20 de Julho, reuni\u00e3o visando \u00e0 revis\u00e3o do \u201cPlano Diretor Estrat\u00e9gico\u201d da cidade de S\u00e3o Paulo. O local escolhido foi o CEU Parque S\u00e3o Carlos.<\/p>\n<p>O principal objetivo dessa atividade, foi ouvir a opini\u00e3o dos moradores dos distritos de Ermelino e Ponte Rasa, e seus anseios a respeito das novas diretrizes a serem implantadas com o novo Plano Diretor do munic\u00edpio.<\/p>\n<p>A nossa cidade passar\u00e1 por grandes e necess\u00e1rias mudan\u00e7as, e a participa\u00e7\u00e3o popular \u00e9 fundamental e extremamente importante. Para que assim, a administra\u00e7\u00e3o municipal possa realizar essa atividade de forma democr\u00e1tica e participativa visando uma melhor adequa\u00e7\u00e3o dessas transforma\u00e7\u00f5es junto \u00e0 popula\u00e7\u00e3o.<\/p>\n<p>A atividade iniciou-se as 09h00 com uma plen\u00e1ria de apresenta\u00e7\u00e3o a todos os presentes. Ap\u00f3s ent\u00e3o, todos se dirigiram as salas de aula onde em grupos de 50 pessoas puderam discutir, debater e interagir ainda mais a respeito do assunto em quest\u00e3o. Um total de 360 pessoas participaram de forma ativa de toda a atividade.<\/p>\n<p>Diversos movimentos organizados da sociedade civil, lideran\u00e7as, e moradores puderam participar das oficinas tem\u00e1ticas, questionando, opinando e ajudando a construir as principais propostas que ir\u00e3o nortear as futuras transforma\u00e7\u00f5es em nossa cidade.<\/p>\n<p>Ao final das atividades, cada grupo p\u00f4de expor de maneira direta em plen\u00e1rio o resultado de todo o debate feito, elencando de forma clara as ideias e os anseios de todos os participantes.<\/p>\n<p><em>Fonte: Prefeitura de S. Paulo<\/em><\/p>\n\n<div style=\"font-size: 0px; height: 0px; line-height: 0px; margin: 0; padding: 0; clear: both;\"><\/div>","protected":false},"excerpt":{"rendered":"<p>A subprefeitura de Ermelino Matarazzo realizou no \u00faltimo dia 20 de Julho, reuni\u00e3o visando \u00e0 revis\u00e3o do \u201cPlano Diretor Estrat\u00e9gico\u201d da cidade de S\u00e3o Paulo. O local escolhido foi o CEU Parque S\u00e3o Carlos. O principal objetivo dessa atividade, foi ouvir a opini\u00e3o dos moradores dos distritos de Ermelino e Ponte Rasa, e seus anseios a respeito das novas diretrizes a serem implantadas com o novo Plano Diretor do munic\u00edpio. A nossa cidade passar\u00e1 por grandes e necess\u00e1rias mudan\u00e7as, e a participa\u00e7\u00e3o popular \u00e9 fundamental e extremamente importante. Para que assim, a administra\u00e7\u00e3o municipal possa realizar essa atividade de forma <\/p>\n","protected":false},"author":1,"featured_media":0,"comment_status":"open","ping_status":"closed","sticky":false,"template":"","format":"standard","meta":{"footnotes":""},"categories":[6],"tags":[],"class_list":["post-1038","post","type-post","status-publish","format-standard","hentry","category-noticias-em-ermelino-matarazzo"],"aioseo_notices":[],"_links":{"self":[{"href":"https:\/\/www.encontraermelinomatarazzo.com.br\/sobre\/wp-json\/wp\/v2\/posts\/1038","targetHints":{"allow":["GET"]}}],"collection":[{"href":"https:\/\/www.encontraermelinomatarazzo.com.br\/sobre\/wp-json\/wp\/v2\/posts"}],"about":[{"href":"https:\/\/www.encontraermelinomatarazzo.com.br\/sobre\/wp-json\/wp\/v2\/types\/post"}],"author":[{"embeddable":true,"href":"https:\/\/www.encontraermelinomatarazzo.com.br\/sobre\/wp-json\/wp\/v2\/users\/1"}],"replies":[{"embeddable":true,"href":"https:\/\/www.encontraermelinomatarazzo.com.br\/sobre\/wp-json\/wp\/v2\/comments?post=1038"}],"version-history":[{"count":0,"href":"https:\/\/www.encontraermelinomatarazzo.com.br\/sobre\/wp-json\/wp\/v2\/posts\/1038\/revisions"}],"wp:attachment":[{"href":"https:\/\/www.encontraermelinomatarazzo.com.br\/sobre\/wp-json\/wp\/v2\/media?parent=1038"}],"wp:term":[{"taxonomy":"category","embeddable":true,"href":"https:\/\/www.encontraermelinomatarazzo.com.br\/sobre\/wp-json\/wp\/v2\/categories?post=1038"},{"taxonomy":"post_tag","embeddable":true,"href":"https:\/\/www.encontraermelinomatarazzo.com.br\/sobre\/wp-json\/wp\/v2\/tags?post=1038"}],"curies":[{"name":"wp","href":"https:\/\/api.w.org\/{rel}","templated":true}]}}