{"id":105,"date":"2011-06-28T15:45:39","date_gmt":"2011-06-28T17:45:39","guid":{"rendered":"http:\/\/www.encontraermelinomatarazzo.com.br\/noticias\/?p=105"},"modified":"2019-04-29T17:15:16","modified_gmt":"2019-04-29T19:15:16","slug":"cat-movel-no-ermelino-matarazzo-seleciona-profissionais-para-vagas-em-supermercados","status":"publish","type":"post","link":"https:\/\/www.encontraermelinomatarazzo.com.br\/sobre\/cat-movel-no-ermelino-matarazzo-seleciona-profissionais-para-vagas-em-supermercados\/","title":{"rendered":"CAT M\u00f3vel no Ermelino Matarazzo seleciona profissionais para vagas em supermercados"},"content":{"rendered":"<div class=\"582a572a76647b318fccfc02422c37de\" data-index=\"1\" style=\"float: none; margin:0px;\">\n<!-- Anuncio display - global -->\r\n<ins class=\"adsbygoogle\"\r\n     style=\"display:block\"\r\n     data-ad-client=\"ca-pub-8585364105181520\"\r\n     data-ad-slot=\"8789329856\"\r\n     data-ad-format=\"auto\"\r\n     data-full-width-responsive=\"true\"><\/ins>\r\n<script>\r\n     (adsbygoogle = window.adsbygoogle || []).push({});\r\n<\/script>\n<\/div>\n<p>As unidades de atendimento do Centro de Apoio ao Trabalho (CAT), da    Secretaria Municipal de Desenvolvimento Econ\u00f4mico e do Trabalho est\u00e3o    com inscri\u00e7\u00f5es abertas, nos dias 27,28 e 29, para o preenchimento de    584 vagas no setor supermercadista.<\/p>\n<p>H\u00e1 oportunidades para as mais   diversas fun\u00e7\u00f5es. Os profissionais mais  requisitados s\u00e3o a\u00e7ougueiro,   atendente de balc\u00e3o de caf\u00e9, atendente de  farm\u00e1cia, atendente de   padaria, empacotador a m\u00e3o, operador de caixa,  operador de   empilhadeira, padeiro, peixeiro, confeiteiro, promotor de  vendas e   repositor de supermercado.<\/p>\n<p>Para participar da sele\u00e7\u00e3o s\u00e3o   necess\u00e1rios experi\u00eancia m\u00ednima de seis  meses na fun\u00e7\u00e3o pretendida e   ensino m\u00e9dio completo. J\u00e1 para as de  repositor, operador de caixa,   promotor e atendente, al\u00e9m das exig\u00eancias  anteriores tamb\u00e9m \u00e9   solicitado conhecimento de inform\u00e1tica.<\/p>\n<p>As vagas s\u00e3o para   trabalhar por turnos, manh\u00e3, tarde e noite e os  supermercados oferecem   treinamento, uniforme, vale transporte e sal\u00e1rios  que variam de R$ 640  a  R$ 1.100, conforme a fun\u00e7\u00e3o ou supermercado  contratante.<\/p>\n<p>Os interessados devem comparecer a um dos endere\u00e7os do CAT e apresentar Carteira de Trabalho, RG e CPF (originais).<\/p>\n<p><strong>Servi\u00e7o<\/strong><\/p>\n<p><strong>Unidades Fixas<\/strong><\/p>\n<p>CAT Luz<br \/>\nAv. Prestes Maia, 913 \/ 919<br \/>\nSegunda a sexta-feira: 7h \u00e0s 18h<br \/>\nS\u00e1bado: 7h \u00e0s 13h<\/p>\n<p>CAT Itaquera<br \/>\nRua Greg\u00f3rio Ramalho, 12<br \/>\nSegunda a sexta-feira: 7h \u00e0s 18h<br \/>\nS\u00e1bado: 7h \u00e0s 13h<\/p>\n<p>CAT Penha<br \/>\nRua Candapu\u00ed, 492 (dentro da Subprefeitura da Penha)<br \/>\nSegunda a sexta-feira: 8h \u00e0s 17h<br \/>\nS\u00e1bado: 7h \u00e0s 13h<\/p>\n<p>CAT Itaim Paulista<br \/>\nAv. Marechal Tito, 3.012<br \/>\nSegunda a sexta-feira: 8h \u00e0s 17h<br \/>\nS\u00e1bado: 7h \u00e0s 13h<\/p>\n<p>CAT S\u00e3o Mateus I<br \/>\nAv. Mateo Bei, 1.641<br \/>\nSegunda a sexta-feira: 7h \u00e0s 18h<br \/>\nS\u00e1bado: 7h \u00e0s 13h<\/p>\n<p>CAT S\u00e3o Mateus II<br \/>\nRagueb Chohfi, 1.400<br \/>\nSegunda a sexta-feira: 8h \u00e0s 17h<br \/>\nS\u00e1bado: 7h \u00e0s 13h<\/p>\n<p>CAT Santana<br \/>\nRua Volunt\u00e1rios da P\u00e1tria, 1.553<br \/>\nSegunda a sexta-feira: 7h \u00e1s 18h<br \/>\nS\u00e1bado: 7h \u00e0s 13h<\/p>\n<p>CAT Casa Verde<br \/>\nAv. Ordem e Progresso, 1.001<br \/>\nSegunda a sexta-feira: 8h \u00e0s 17h<br \/>\nS\u00e1bado: 7h \u00e0s 13h<\/p>\n<p>CAT Perus<br \/>\nRua Yl\u00eddio Figueiredo, 349<br \/>\nSegunda a sexta-feira: 8h \u00e0s 17h<br \/>\nS\u00e1bado: 7h \u00e0s 13h<\/p>\n<p>CAT Lapa<br \/>\nRua Monteiro de Melo, 342<br \/>\nSegunda a sexta-feira: 7h \u00e0s 18h<br \/>\nS\u00e1bado: 7h \u00e0s 13h<\/p>\n<p>CAT Interlagos<br \/>\nAv. Interlagos, 6.122<br \/>\nSegunda a sexta-feira: 7h \u00e0s 18h<br \/>\nS\u00e1bado: 7h \u00e0s 13h<\/p>\n<p>CAT Jabaquara<br \/>\nAv. Eng. Armando de Arruda Pereira, 2.314<br \/>\nSegunda a sexta-feira: 8h \u00e0s 17h<br \/>\nS\u00e1bado: 7h \u00e0s 13h<\/p>\n<p>CAT Cidade Ademar<br \/>\nAv. Yervant Kissajikian, 416<br \/>\nSegunda a sexta-feira: 8h \u00e0s 17h<br \/>\nS\u00e1bado: 7h \u00e0s 13h<\/p>\n<p>CAT Parelheiros<br \/>\nAv. Sadamu Inoue, 5.252<br \/>\nSegunda a sexta-feira: 8h \u00e0s 17h<br \/>\nS\u00e1bado: 7h \u00e0s 13h<\/p>\n<p><strong>Unidades M\u00f3veis<\/strong><\/p>\n<p>Pra\u00e7a da Rep\u00fablica<br \/>\nem frente \u00e0 Secretaria Estadual da Educa\u00e7\u00e3o<\/p>\n<p>Mercado Municipal Jos\u00e9 Gomes de Moraes Neto<br \/>\nRua Silva Bueno, 2.109 \u2013 Ipiranga<\/p>\n<p>Pra\u00e7a Agente C\u00edcero<br \/>\nem frente \u00e0 Esta\u00e7\u00e3o da CPTM \u2013 Br\u00e1s<\/p>\n<p>Igreja S\u00e3o Francisco de Assis<br \/>\nRua Miguel Rachid, 997, Ermelino Matarazzo<\/p>\n<p>Programa A\u00e7\u00e3o Social \u2013 E.E. Prof\u00ba Tito L\u00edvio Ferreira\u00a0(apenas no dia 2 de julho)<br \/>\nRua Bardana, 35 \u2013 S\u00e3o Miguel Paulista<\/p>\n<p>CEU Paulistano<br \/>\nRua Aparecida do Taboado, s\/n\u00ba, Jardim Paulistano<\/p>\n<p>Base da Pol\u00edcia Militar do Morro Doce<br \/>\nRua Delsuc Alves de Magalh\u00e3es, 1, Morro Doce<\/p>\n<p><em>Fonte: Prefeitura de S\u00e3o Paulo<\/em><\/p>\n\n<div style=\"font-size: 0px; height: 0px; line-height: 0px; margin: 0; padding: 0; clear: both;\"><\/div>","protected":false},"excerpt":{"rendered":"<p>As unidades de atendimento do Centro de Apoio ao Trabalho (CAT), da Secretaria Municipal de Desenvolvimento Econ\u00f4mico e do Trabalho est\u00e3o com inscri\u00e7\u00f5es abertas, nos dias 27,28 e 29, para o preenchimento de 584 vagas no setor supermercadista. H\u00e1 oportunidades para as mais diversas fun\u00e7\u00f5es. Os profissionais mais requisitados s\u00e3o a\u00e7ougueiro, atendente de balc\u00e3o de caf\u00e9, atendente de farm\u00e1cia, atendente de padaria, empacotador a m\u00e3o, operador de caixa, operador de empilhadeira, padeiro, peixeiro, confeiteiro, promotor de vendas e repositor de supermercado. Para participar da sele\u00e7\u00e3o s\u00e3o necess\u00e1rios experi\u00eancia m\u00ednima de seis meses na fun\u00e7\u00e3o pretendida e ensino m\u00e9dio completo. J\u00e1 <\/p>\n","protected":false},"author":1,"featured_media":0,"comment_status":"open","ping_status":"closed","sticky":false,"template":"","format":"standard","meta":{"footnotes":""},"categories":[6],"tags":[],"class_list":["post-105","post","type-post","status-publish","format-standard","hentry","category-noticias-em-ermelino-matarazzo"],"aioseo_notices":[],"_links":{"self":[{"href":"https:\/\/www.encontraermelinomatarazzo.com.br\/sobre\/wp-json\/wp\/v2\/posts\/105","targetHints":{"allow":["GET"]}}],"collection":[{"href":"https:\/\/www.encontraermelinomatarazzo.com.br\/sobre\/wp-json\/wp\/v2\/posts"}],"about":[{"href":"https:\/\/www.encontraermelinomatarazzo.com.br\/sobre\/wp-json\/wp\/v2\/types\/post"}],"author":[{"embeddable":true,"href":"https:\/\/www.encontraermelinomatarazzo.com.br\/sobre\/wp-json\/wp\/v2\/users\/1"}],"replies":[{"embeddable":true,"href":"https:\/\/www.encontraermelinomatarazzo.com.br\/sobre\/wp-json\/wp\/v2\/comments?post=105"}],"version-history":[{"count":0,"href":"https:\/\/www.encontraermelinomatarazzo.com.br\/sobre\/wp-json\/wp\/v2\/posts\/105\/revisions"}],"wp:attachment":[{"href":"https:\/\/www.encontraermelinomatarazzo.com.br\/sobre\/wp-json\/wp\/v2\/media?parent=105"}],"wp:term":[{"taxonomy":"category","embeddable":true,"href":"https:\/\/www.encontraermelinomatarazzo.com.br\/sobre\/wp-json\/wp\/v2\/categories?post=105"},{"taxonomy":"post_tag","embeddable":true,"href":"https:\/\/www.encontraermelinomatarazzo.com.br\/sobre\/wp-json\/wp\/v2\/tags?post=105"}],"curies":[{"name":"wp","href":"https:\/\/api.w.org\/{rel}","templated":true}]}}