{"id":110,"date":"2011-06-30T20:37:50","date_gmt":"2011-06-30T22:37:50","guid":{"rendered":"http:\/\/www.encontraermelinomatarazzo.com.br\/noticias\/?p=110"},"modified":"2019-04-29T17:15:16","modified_gmt":"2019-04-29T19:15:16","slug":"prefeitura-inaugura-telecentro-no-ermelino-matarazzo","status":"publish","type":"post","link":"https:\/\/www.encontraermelinomatarazzo.com.br\/sobre\/prefeitura-inaugura-telecentro-no-ermelino-matarazzo\/","title":{"rendered":"Prefeitura inaugura telecentro no Ermelino Matarazzo"},"content":{"rendered":"<div class=\"582a572a76647b318fccfc02422c37de\" data-index=\"1\" style=\"float: none; margin:0px;\">\n<!-- Anuncio display - global -->\r\n<ins class=\"adsbygoogle\"\r\n     style=\"display:block\"\r\n     data-ad-client=\"ca-pub-8585364105181520\"\r\n     data-ad-slot=\"8789329856\"\r\n     data-ad-format=\"auto\"\r\n     data-full-width-responsive=\"true\"><\/ins>\r\n<script>\r\n     (adsbygoogle = window.adsbygoogle || []).push({});\r\n<\/script>\n<\/div>\n<p>Na quarta-feira (22\/6) o prefeito de S\u00e3o Paulo inaugurou 53    telecentros  em uma solenidade no Edif\u00edcio Matarazzo, sede da   Prefeitura.  As  unidades j\u00e1 estavam funcionando em pr\u00e9-opera\u00e7\u00e3o e agora   passam a  fazer  parte oficialmente da rede de telecentros da Capital.   Espalhados  por  toda a cidade, os novos telecentros devem incorporar   mais de 200 mil   novos atendimentos por m\u00eas.<\/p>\n<p>&#8220;Este \u00e9 um dos principais programas  que temos na Secretaria de    Participa\u00e7\u00e3o e Parceria. Este aumento no  n\u00famero de telecentros \u00e9 muito    importante para os cidad\u00e3os. Muitas vezes,  \u00e9 a partir dessas unidades    que as pessoas podem ingressar ou mesmo  melhorar sua posi\u00e7\u00e3o no   mercado  de trabalho por meio da capacita\u00e7\u00e3o  oferecida nas unidades.   Isso em  uma cidade com 11 milh\u00f5es de pessoas faz  a diferen\u00e7a em   rela\u00e7\u00e3o \u00e0  qualidade de vida das pessoas&#8221;, destacou o prefeito.<\/p>\n<p>O programa \u00e9 gerenciado pela Coordenadoria de Inclus\u00e3o  Digital  (CID),   da Secretaria de Participa\u00e7\u00e3o e Parceria, e consiste em   disponibilizar   espa\u00e7os para utiliza\u00e7\u00e3o de computadores com acesso \u00e0   internet, al\u00e9m   oferecer cursos e oficinas de inform\u00e1tica para todas as   faixas et\u00e1rias.   Atualmente, o Telecentro \u00e9 considerado o maior  programa  do mundo de   inclus\u00e3o digital desenvolvido em uma mesma  localidade. Cerca  de 2   milh\u00f5es de pessoas est\u00e3o cadastradas nas  unidades.<\/p>\n<p>Com as  inaugura\u00e7\u00f5es de hoje, a cidade passa a contar com 353    telecentros que  disponibilizam \u00e0 popula\u00e7\u00e3o 11 cursos e 60 oficinas com    diferentes  tem\u00e1ticas e ajust\u00e1veis de acordo com a demanda local dos    usu\u00e1rios. Os  cursos com maior procura s\u00e3o &#8220;Introdu\u00e7\u00e3o \u00e0 inform\u00e1tica&#8221;,    &#8220;Digita\u00e7\u00e3o&#8221; e  &#8220;Editor de Planilha&#8221;.<\/p>\n<p>&#8220;S\u00e3o 53 telecentros que funcionavam em  car\u00e1ter de pr\u00e9-opera\u00e7\u00e3o e  agora   passam a fazer parte da rede  oficialmente. Estamos caminhando  para   chegar aos 400 telecentros este  ano e aos 500 ano que vem. A  inclus\u00e3o   digital \u00e9 fundamental pela  oportunidade que d\u00e1 a todas as  faixas   et\u00e1rias: do jovem, preparando-o  para o mercado de trabalho,  at\u00e9 o   idoso, que \u00e9 inserido nesta nova  tecnologia. Com certeza h\u00e1  ganho na   qualidade de vida&#8221;, pontuou o secret\u00e1rio de Participa\u00e7\u00e3o e  Parceria.<\/p>\n<p>Confira a rela\u00e7\u00e3o dos\u00a0 telecentros inaugurados:<\/p>\n<p>Subprefeitura de Ermelino Matarazzo<\/p>\n<p>Biblioteca Rubens Borba de Moraes<br \/>\nRua Sampei Sato, 440 &#8211; Bairro Ermelino Matarazzo \u2013 Zona Leste da capital<\/p>\n<p>ACDEM &#8211; S\u00e3o Francisco de Assis<br \/>\nRua Americo Lobo n\u00ba 100 \u2013 Vila Robertina \u2013 Zona Leste<br \/>\n<em><br \/>\nFonte: Prefeitura de S. Paulo<\/em><\/p>\n\n<div style=\"font-size: 0px; height: 0px; line-height: 0px; margin: 0; padding: 0; clear: both;\"><\/div>","protected":false},"excerpt":{"rendered":"<p>Na quarta-feira (22\/6) o prefeito de S\u00e3o Paulo inaugurou 53 telecentros em uma solenidade no Edif\u00edcio Matarazzo, sede da Prefeitura. As unidades j\u00e1 estavam funcionando em pr\u00e9-opera\u00e7\u00e3o e agora passam a fazer parte oficialmente da rede de telecentros da Capital. Espalhados por toda a cidade, os novos telecentros devem incorporar mais de 200 mil novos atendimentos por m\u00eas. &#8220;Este \u00e9 um dos principais programas que temos na Secretaria de Participa\u00e7\u00e3o e Parceria. Este aumento no n\u00famero de telecentros \u00e9 muito importante para os cidad\u00e3os. Muitas vezes, \u00e9 a partir dessas unidades que as pessoas podem ingressar ou mesmo melhorar sua <\/p>\n","protected":false},"author":1,"featured_media":0,"comment_status":"open","ping_status":"closed","sticky":false,"template":"","format":"standard","meta":{"footnotes":""},"categories":[6],"tags":[],"class_list":["post-110","post","type-post","status-publish","format-standard","hentry","category-noticias-em-ermelino-matarazzo"],"aioseo_notices":[],"_links":{"self":[{"href":"https:\/\/www.encontraermelinomatarazzo.com.br\/sobre\/wp-json\/wp\/v2\/posts\/110","targetHints":{"allow":["GET"]}}],"collection":[{"href":"https:\/\/www.encontraermelinomatarazzo.com.br\/sobre\/wp-json\/wp\/v2\/posts"}],"about":[{"href":"https:\/\/www.encontraermelinomatarazzo.com.br\/sobre\/wp-json\/wp\/v2\/types\/post"}],"author":[{"embeddable":true,"href":"https:\/\/www.encontraermelinomatarazzo.com.br\/sobre\/wp-json\/wp\/v2\/users\/1"}],"replies":[{"embeddable":true,"href":"https:\/\/www.encontraermelinomatarazzo.com.br\/sobre\/wp-json\/wp\/v2\/comments?post=110"}],"version-history":[{"count":0,"href":"https:\/\/www.encontraermelinomatarazzo.com.br\/sobre\/wp-json\/wp\/v2\/posts\/110\/revisions"}],"wp:attachment":[{"href":"https:\/\/www.encontraermelinomatarazzo.com.br\/sobre\/wp-json\/wp\/v2\/media?parent=110"}],"wp:term":[{"taxonomy":"category","embeddable":true,"href":"https:\/\/www.encontraermelinomatarazzo.com.br\/sobre\/wp-json\/wp\/v2\/categories?post=110"},{"taxonomy":"post_tag","embeddable":true,"href":"https:\/\/www.encontraermelinomatarazzo.com.br\/sobre\/wp-json\/wp\/v2\/tags?post=110"}],"curies":[{"name":"wp","href":"https:\/\/api.w.org\/{rel}","templated":true}]}}