{"id":128,"date":"2011-07-15T02:43:31","date_gmt":"2011-07-15T04:43:31","guid":{"rendered":"http:\/\/www.encontraermelinomatarazzo.com.br\/noticias\/?p=128"},"modified":"2019-04-29T17:15:16","modified_gmt":"2019-04-29T19:15:16","slug":"prefeito-anuncia-desapropriacao-de-area-no-ermelino-matarazzo","status":"publish","type":"post","link":"https:\/\/www.encontraermelinomatarazzo.com.br\/sobre\/prefeito-anuncia-desapropriacao-de-area-no-ermelino-matarazzo\/","title":{"rendered":"Prefeito anuncia desapropria\u00e7\u00e3o de \u00e1rea no Ermelino Matarazzo"},"content":{"rendered":"<div class=\"582a572a76647b318fccfc02422c37de\" data-index=\"1\" style=\"float: none; margin:0px;\">\n<!-- Anuncio display - global -->\r\n<ins class=\"adsbygoogle\"\r\n     style=\"display:block\"\r\n     data-ad-client=\"ca-pub-8585364105181520\"\r\n     data-ad-slot=\"8789329856\"\r\n     data-ad-format=\"auto\"\r\n     data-full-width-responsive=\"true\"><\/ins>\r\n<script>\r\n     (adsbygoogle = window.adsbygoogle || []).push({});\r\n<\/script>\n<\/div>\n<p>Na manh\u00e3 deste domingo (10\/7), ao participar da missa campal pela abertura da 20\u00aa Festa das Na\u00e7\u00f5esno bairro de Ermelino Matarazzo, o\u00a0 prefeito de S\u00e3o Paulo anunciou que nesta semana a Prefeitura entrou com a\u00e7\u00e3o judicial para a desapropria\u00e7\u00e3o do terreno das ind\u00fastrias Gazarra, localizado na avenida Jacu P\u00eassego, em Itaquera, para a instala\u00e7\u00e3o da Universidade Federal da Zona Leste.\u00a0 A a\u00e7\u00e3o \u00e9 uma das v\u00e1rias iniciativas da Prefeitura para melhorar a qualidade de vida da popula\u00e7\u00e3o da regi\u00e3o.<\/p>\n<p>A missa teve car\u00e1ter de celebra\u00e7\u00e3o pela comunidade, que sonhava com uma institui\u00e7\u00e3o de ensino superior p\u00fablica na regi\u00e3o. Na introdu\u00e7\u00e3o do folheto com os c\u00e2nticos, para o acompanhamento da cerim\u00f4nia religiosa, havia uma frase de destaque: &#8220;\u00c9 a celebra\u00e7\u00e3o da vit\u00f3ria da Universidade Federal na Zona Leste. Nossa gratid\u00e3o a todos e todas que participaram nesta importante conquista para toda a Zona Leste&#8221;.<\/p>\n<p>O prefeito ao se dirigir ao p\u00fablico confirmou que a comunidade tinha motivos para celebrar. \u201cA Prefeitura encerra a etapa mais importante da compra do terreno onde ser\u00e1 constru\u00edda a Unifesp, pois agora esta \u00e1rea j\u00e1 est\u00e1 disponibilizada para o munic\u00edpio e n\u00e3o poder\u00e1 ser utilizada para nenhum outro fim que n\u00e3o seja o definido pela administra\u00e7\u00e3o. A Zona Leste est\u00e1 a um passo de realizar a maior festa do mundo que \u00e9 a abertura da Copa do Mundo. Portanto, a Zona Leste cresce, se envolve cada vez mais com projetos de visibilidade nacional e isso \u00e9 muito positivo para a cidade\u201d.<\/p>\n<p>Segundo o prefeito, esta a\u00e7\u00e3o n\u00e3o \u00e9 s\u00f3 da Prefeitura, \u00e9 da cidade, da sociedade civil, das igrejas diversas e da popula\u00e7\u00e3o da Zona Leste que lutou para implantar mais uma universidade p\u00fablica em S\u00e3o Paulo.<\/p>\n<p>O padre Tic\u00e3o, representante da Zona Leste nesta luta, lembrou que h\u00e1 tr\u00eas anos, quando fez a primeira reuni\u00e3o com o prefeito com a solicita\u00e7\u00e3o de uma institui\u00e7\u00e3o de ensino superior para a regi\u00e3o, Kassab se comprometeu prontamente em conseguir a \u00e1rea. \u201cFalando do terreno, se planta a semente e pacientemente depois de um tempo se colhe o fruto. Hoje,\u00a0 o nosso prefeito Gilberto Kassab est\u00e1 aqui para dar uma resposta a toda a Zona Leste. Ent\u00e3o queremos logo partir a fita e inaugurar a Universidade Federal\u201d, afirmou o religioso.<\/p>\n<p>O terreno da futura Unifesp Leste possui uma \u00e1rea de aproximadamente 175 mil metros quadrados e\u00a0 integra um conjunto de interven\u00e7\u00f5es e investimentos coordenados para o desenvolvimento da regi\u00e3o, entre os quais se destaca o P\u00f3lo Institucional da Zona Leste, com diversos equipamentos p\u00fablicos, que tem foco na oferta de capacita\u00e7\u00e3o t\u00e9cnica para a popula\u00e7\u00e3o da regi\u00e3o.<\/p>\n<p>O prefeito estava acompanhado do secret\u00e1rio de Coordena\u00e7\u00e3o das Subprefeituras que representou as onze subprefeituras da Zona Leste, que ser\u00e3o beneficiadas com a nova institui\u00e7\u00e3o de ensino.<\/p>\n<p>Festa das Na\u00e7\u00f5es<\/p>\n<p>Antes da Missa, o prefeito caminhou entre as barracas e tomou o caf\u00e9 da manh\u00e3 organizado para os idosos assistidos pelo Lar Vicentino. A Festa das Na\u00e7\u00f5es faz parte do calend\u00e1rio oficial de eventos da cidade de S\u00e3o Paulo. Al\u00e9m das comidas t\u00edpicas, o evento ainda conta com dan\u00e7as, m\u00fasicas, bebidas de diferentes pa\u00edses como: Brasil, Estados Unidos, Espanha, Uruguai, Gr\u00e9cia, Su\u00ed\u00e7a, M\u00e9xico, It\u00e1lia, L\u00edbano, Portugal, Jap\u00e3o entre outros e, tem como objetivo divulgar a cultura desses povos e promover uma maior integra\u00e7\u00e3o entre a comunidade presente \u00e0 festa.<\/p>\n<p>Toda a renda do evento ser\u00e1 destinada \u00e0 manuten\u00e7\u00e3o e aos projetos de amplia\u00e7\u00e3o do \u201cCentro de Promo\u00e7\u00e3o Humana Lar Vicentino\u201d, entidade beneficente e cultural, que ampara e abriga idosos carentes desde 1972.<\/p>\n<p><em>Fonte: Prefeitura de S. Paulo<\/em><\/p>\n\n<div style=\"font-size: 0px; height: 0px; line-height: 0px; margin: 0; padding: 0; clear: both;\"><\/div>","protected":false},"excerpt":{"rendered":"<p>Na manh\u00e3 deste domingo (10\/7), ao participar da missa campal pela abertura da 20\u00aa Festa das Na\u00e7\u00f5esno bairro de Ermelino Matarazzo, o\u00a0 prefeito de S\u00e3o Paulo anunciou que nesta semana a Prefeitura entrou com a\u00e7\u00e3o judicial para a desapropria\u00e7\u00e3o do terreno das ind\u00fastrias Gazarra, localizado na avenida Jacu P\u00eassego, em Itaquera, para a instala\u00e7\u00e3o da Universidade Federal da Zona Leste.\u00a0 A a\u00e7\u00e3o \u00e9 uma das v\u00e1rias iniciativas da Prefeitura para melhorar a qualidade de vida da popula\u00e7\u00e3o da regi\u00e3o. A missa teve car\u00e1ter de celebra\u00e7\u00e3o pela comunidade, que sonhava com uma institui\u00e7\u00e3o de ensino superior p\u00fablica na regi\u00e3o. Na introdu\u00e7\u00e3o <\/p>\n","protected":false},"author":1,"featured_media":0,"comment_status":"open","ping_status":"closed","sticky":false,"template":"","format":"standard","meta":{"footnotes":""},"categories":[6],"tags":[],"class_list":["post-128","post","type-post","status-publish","format-standard","hentry","category-noticias-em-ermelino-matarazzo"],"aioseo_notices":[],"_links":{"self":[{"href":"https:\/\/www.encontraermelinomatarazzo.com.br\/sobre\/wp-json\/wp\/v2\/posts\/128","targetHints":{"allow":["GET"]}}],"collection":[{"href":"https:\/\/www.encontraermelinomatarazzo.com.br\/sobre\/wp-json\/wp\/v2\/posts"}],"about":[{"href":"https:\/\/www.encontraermelinomatarazzo.com.br\/sobre\/wp-json\/wp\/v2\/types\/post"}],"author":[{"embeddable":true,"href":"https:\/\/www.encontraermelinomatarazzo.com.br\/sobre\/wp-json\/wp\/v2\/users\/1"}],"replies":[{"embeddable":true,"href":"https:\/\/www.encontraermelinomatarazzo.com.br\/sobre\/wp-json\/wp\/v2\/comments?post=128"}],"version-history":[{"count":0,"href":"https:\/\/www.encontraermelinomatarazzo.com.br\/sobre\/wp-json\/wp\/v2\/posts\/128\/revisions"}],"wp:attachment":[{"href":"https:\/\/www.encontraermelinomatarazzo.com.br\/sobre\/wp-json\/wp\/v2\/media?parent=128"}],"wp:term":[{"taxonomy":"category","embeddable":true,"href":"https:\/\/www.encontraermelinomatarazzo.com.br\/sobre\/wp-json\/wp\/v2\/categories?post=128"},{"taxonomy":"post_tag","embeddable":true,"href":"https:\/\/www.encontraermelinomatarazzo.com.br\/sobre\/wp-json\/wp\/v2\/tags?post=128"}],"curies":[{"name":"wp","href":"https:\/\/api.w.org\/{rel}","templated":true}]}}