{"id":139,"date":"2011-07-26T13:15:04","date_gmt":"2011-07-26T15:15:04","guid":{"rendered":"http:\/\/www.encontraermelinomatarazzo.com.br\/noticias\/?p=139"},"modified":"2019-04-29T17:15:16","modified_gmt":"2019-04-29T19:15:16","slug":"kassab-troca-subprefeito-de-subprefeitura-do-ermelino-matarazzo","status":"publish","type":"post","link":"https:\/\/www.encontraermelinomatarazzo.com.br\/sobre\/kassab-troca-subprefeito-de-subprefeitura-do-ermelino-matarazzo\/","title":{"rendered":"Kassab troca subprefeito de subprefeitura do Ermelino Matarazzo"},"content":{"rendered":"<div class=\"582a572a76647b318fccfc02422c37de\" data-index=\"1\" style=\"float: none; margin:0px;\">\n<!-- Anuncio display - global -->\r\n<ins class=\"adsbygoogle\"\r\n     style=\"display:block\"\r\n     data-ad-client=\"ca-pub-8585364105181520\"\r\n     data-ad-slot=\"8789329856\"\r\n     data-ad-format=\"auto\"\r\n     data-full-width-responsive=\"true\"><\/ins>\r\n<script>\r\n     (adsbygoogle = window.adsbygoogle || []).push({});\r\n<\/script>\n<\/div>\n<p>O prefeito de S\u00e3o Paulo, Gilberto Kassab, trocou, de uma s\u00f3 vez, o   comando de nove das 31 subprefeituras da capital paulista. A mudan\u00e7a   come\u00e7ar\u00e1 a valer a partir do dia 8 de agosto. Seis subprefeitos v\u00e3o   assumir postos em outras subprefeituras. Outros tr\u00eas foram afastados e   passar\u00e3o a ser assessores especiais da Secretaria Municipal de   Coordena\u00e7\u00e3o das Subprefeituras, cujo titular, Ronaldo Camargo, saiu de   f\u00e9rias nesta segunda-feira (25).<\/p>\n<p>Entre os exonerados do cargo  est\u00e1 o subprefeito da Mooca, coronel  Rubens Casado. Ele administra a  regi\u00e3o do Pari, onde funciona a feirinha  da madrugada. O com\u00e9rcio  popular \u00e9 alvo de investiga\u00e7\u00f5es da Pol\u00edcia  Federal, a pedido do  Minist\u00e9rio P\u00fablico, por den\u00fancias de cobran\u00e7a de  propina por vereadores  do PR.<\/p>\n<p>Kassab, que confirmou ter recebido cartas com den\u00fancias  do esquema  irregular e encaminhado para investiga\u00e7\u00e3o, procurou afastar  ontem  especula\u00e7\u00f5es de que a sa\u00edda de Casado tenha a ver com as  suspeitas de  cobran\u00e7a de propina. &#8220;N\u00e3o (tem rela\u00e7\u00e3o com a cobran\u00e7a de  propina). Ele  (Casado) continua na subprefeitura&#8221;, disse Kassab.<\/p>\n<p>Ser\u00e3o trocados os subprefeitos da Mooca, Pirituba, Santana\/Tucuruvi,  Ja\u00e7an\u00e3\/Trememb\u00e9, Pinheiros, Capela do Socorro, Ermelino Matarazzo, S\u00e3o  Mateus e Perus.<\/p>\n<p><em>Fonte: G1<\/em><\/p>\n\n<div style=\"font-size: 0px; height: 0px; line-height: 0px; margin: 0; padding: 0; clear: both;\"><\/div>","protected":false},"excerpt":{"rendered":"<p>O prefeito de S\u00e3o Paulo, Gilberto Kassab, trocou, de uma s\u00f3 vez, o comando de nove das 31 subprefeituras da capital paulista. A mudan\u00e7a come\u00e7ar\u00e1 a valer a partir do dia 8 de agosto. Seis subprefeitos v\u00e3o assumir postos em outras subprefeituras. Outros tr\u00eas foram afastados e passar\u00e3o a ser assessores especiais da Secretaria Municipal de Coordena\u00e7\u00e3o das Subprefeituras, cujo titular, Ronaldo Camargo, saiu de f\u00e9rias nesta segunda-feira (25). Entre os exonerados do cargo est\u00e1 o subprefeito da Mooca, coronel Rubens Casado. Ele administra a regi\u00e3o do Pari, onde funciona a feirinha da madrugada. O com\u00e9rcio popular \u00e9 alvo de <\/p>\n","protected":false},"author":1,"featured_media":0,"comment_status":"open","ping_status":"closed","sticky":false,"template":"","format":"standard","meta":{"footnotes":""},"categories":[6],"tags":[],"class_list":["post-139","post","type-post","status-publish","format-standard","hentry","category-noticias-em-ermelino-matarazzo"],"aioseo_notices":[],"_links":{"self":[{"href":"https:\/\/www.encontraermelinomatarazzo.com.br\/sobre\/wp-json\/wp\/v2\/posts\/139","targetHints":{"allow":["GET"]}}],"collection":[{"href":"https:\/\/www.encontraermelinomatarazzo.com.br\/sobre\/wp-json\/wp\/v2\/posts"}],"about":[{"href":"https:\/\/www.encontraermelinomatarazzo.com.br\/sobre\/wp-json\/wp\/v2\/types\/post"}],"author":[{"embeddable":true,"href":"https:\/\/www.encontraermelinomatarazzo.com.br\/sobre\/wp-json\/wp\/v2\/users\/1"}],"replies":[{"embeddable":true,"href":"https:\/\/www.encontraermelinomatarazzo.com.br\/sobre\/wp-json\/wp\/v2\/comments?post=139"}],"version-history":[{"count":0,"href":"https:\/\/www.encontraermelinomatarazzo.com.br\/sobre\/wp-json\/wp\/v2\/posts\/139\/revisions"}],"wp:attachment":[{"href":"https:\/\/www.encontraermelinomatarazzo.com.br\/sobre\/wp-json\/wp\/v2\/media?parent=139"}],"wp:term":[{"taxonomy":"category","embeddable":true,"href":"https:\/\/www.encontraermelinomatarazzo.com.br\/sobre\/wp-json\/wp\/v2\/categories?post=139"},{"taxonomy":"post_tag","embeddable":true,"href":"https:\/\/www.encontraermelinomatarazzo.com.br\/sobre\/wp-json\/wp\/v2\/tags?post=139"}],"curies":[{"name":"wp","href":"https:\/\/api.w.org\/{rel}","templated":true}]}}