{"id":154,"date":"2011-08-02T13:37:59","date_gmt":"2011-08-02T15:37:59","guid":{"rendered":"http:\/\/www.encontraermelinomatarazzo.com.br\/noticias\/?p=154"},"modified":"2019-04-29T17:15:16","modified_gmt":"2019-04-29T19:15:16","slug":"acao-social-em-ermelino-matarazzo-oferece-servicos-na-area-da-saude-beleza-e-lazer","status":"publish","type":"post","link":"https:\/\/www.encontraermelinomatarazzo.com.br\/sobre\/acao-social-em-ermelino-matarazzo-oferece-servicos-na-area-da-saude-beleza-e-lazer\/","title":{"rendered":"A\u00e7\u00e3o social em Ermelino Matarazzo oferece servi\u00e7os na \u00e1rea da sa\u00fade, beleza e lazer"},"content":{"rendered":"<div class=\"582a572a76647b318fccfc02422c37de\" data-index=\"1\" style=\"float: none; margin:0px;\">\n<!-- Anuncio display - global -->\r\n<ins class=\"adsbygoogle\"\r\n     style=\"display:block\"\r\n     data-ad-client=\"ca-pub-8585364105181520\"\r\n     data-ad-slot=\"8789329856\"\r\n     data-ad-format=\"auto\"\r\n     data-full-width-responsive=\"true\"><\/ins>\r\n<script>\r\n     (adsbygoogle = window.adsbygoogle || []).push({});\r\n<\/script>\n<\/div>\n<p>Acontece no pr\u00f3ximo dia 6, a A\u00e7\u00e3o Social\u00a0 Jornada da Cidadania no Jardim Keralux. O projeto \u00e9 organizado por estudantes universit\u00e1rios e \u00e9 resultado de uma parceria de moradores, comerciantes e colaboradores do bairro de Ermelino Matarazzo. O evento oferece servi\u00e7os na \u00e1rea da sa\u00fade, beleza e lazer. Os adultos poder\u00e3o fazer massagem, acupuntura, exame oftalmol\u00f3gico e de glicemia, emitir RG e carteira de trabalho, entre outros. Para as crian\u00e7as haver\u00e1 cama el\u00e1stica, piscina de bolinhas e sala de games.\u00a0 O evento acontece na Escola Estadual Irm\u00e3 Annete de Mello (Rua Arlindo B\u00e9ttio, 45 B) das 10h \u00e0s 17h. Para conferir a programa\u00e7\u00e3o completa acesse: ermelino.org\/e-cidadao\/200-acao-social-2011-jornada-da-cidade .<br \/>\n<em><br \/>\nFonte: Di\u00e1rio de S. Paulo<\/em><\/p>\n\n<div style=\"font-size: 0px; height: 0px; line-height: 0px; margin: 0; padding: 0; clear: both;\"><\/div>","protected":false},"excerpt":{"rendered":"<p>Acontece no pr\u00f3ximo dia 6, a A\u00e7\u00e3o Social\u00a0 Jornada da Cidadania no Jardim Keralux. O projeto \u00e9 organizado por estudantes universit\u00e1rios e \u00e9 resultado de uma parceria de moradores, comerciantes e colaboradores do bairro de Ermelino Matarazzo. O evento oferece servi\u00e7os na \u00e1rea da sa\u00fade, beleza e lazer. Os adultos poder\u00e3o fazer massagem, acupuntura, exame oftalmol\u00f3gico e de glicemia, emitir RG e carteira de trabalho, entre outros. Para as crian\u00e7as haver\u00e1 cama el\u00e1stica, piscina de bolinhas e sala de games.\u00a0 O evento acontece na Escola Estadual Irm\u00e3 Annete de Mello (Rua Arlindo B\u00e9ttio, 45 B) das 10h \u00e0s 17h. Para <\/p>\n","protected":false},"author":1,"featured_media":0,"comment_status":"open","ping_status":"closed","sticky":false,"template":"","format":"standard","meta":{"footnotes":""},"categories":[6],"tags":[],"class_list":["post-154","post","type-post","status-publish","format-standard","hentry","category-noticias-em-ermelino-matarazzo"],"aioseo_notices":[],"_links":{"self":[{"href":"https:\/\/www.encontraermelinomatarazzo.com.br\/sobre\/wp-json\/wp\/v2\/posts\/154","targetHints":{"allow":["GET"]}}],"collection":[{"href":"https:\/\/www.encontraermelinomatarazzo.com.br\/sobre\/wp-json\/wp\/v2\/posts"}],"about":[{"href":"https:\/\/www.encontraermelinomatarazzo.com.br\/sobre\/wp-json\/wp\/v2\/types\/post"}],"author":[{"embeddable":true,"href":"https:\/\/www.encontraermelinomatarazzo.com.br\/sobre\/wp-json\/wp\/v2\/users\/1"}],"replies":[{"embeddable":true,"href":"https:\/\/www.encontraermelinomatarazzo.com.br\/sobre\/wp-json\/wp\/v2\/comments?post=154"}],"version-history":[{"count":0,"href":"https:\/\/www.encontraermelinomatarazzo.com.br\/sobre\/wp-json\/wp\/v2\/posts\/154\/revisions"}],"wp:attachment":[{"href":"https:\/\/www.encontraermelinomatarazzo.com.br\/sobre\/wp-json\/wp\/v2\/media?parent=154"}],"wp:term":[{"taxonomy":"category","embeddable":true,"href":"https:\/\/www.encontraermelinomatarazzo.com.br\/sobre\/wp-json\/wp\/v2\/categories?post=154"},{"taxonomy":"post_tag","embeddable":true,"href":"https:\/\/www.encontraermelinomatarazzo.com.br\/sobre\/wp-json\/wp\/v2\/tags?post=154"}],"curies":[{"name":"wp","href":"https:\/\/api.w.org\/{rel}","templated":true}]}}