{"id":162,"date":"2011-08-09T00:45:24","date_gmt":"2011-08-09T02:45:24","guid":{"rendered":"http:\/\/www.encontraermelinomatarazzo.com.br\/noticias\/?p=162"},"modified":"2019-04-29T17:15:16","modified_gmt":"2019-04-29T19:15:16","slug":"artistas-e-moradores-de-ermelino-matarazzo-reivindicam-um-espaco-fixo-para-cultura","status":"publish","type":"post","link":"https:\/\/www.encontraermelinomatarazzo.com.br\/sobre\/artistas-e-moradores-de-ermelino-matarazzo-reivindicam-um-espaco-fixo-para-cultura\/","title":{"rendered":"Artistas e moradores de Ermelino Matarazzo reivindicam um espa\u00e7o fixo para cultura"},"content":{"rendered":"<div class=\"582a572a76647b318fccfc02422c37de\" data-index=\"1\" style=\"float: none; margin:0px;\">\n<!-- Anuncio display - global -->\r\n<ins class=\"adsbygoogle\"\r\n     style=\"display:block\"\r\n     data-ad-client=\"ca-pub-8585364105181520\"\r\n     data-ad-slot=\"8789329856\"\r\n     data-ad-format=\"auto\"\r\n     data-full-width-responsive=\"true\"><\/ins>\r\n<script>\r\n     (adsbygoogle = window.adsbygoogle || []).push({});\r\n<\/script>\n<\/div>\n<p>Moradores e artistas do bairro Ermelino Matarazzo, na Zona Leste da cidade de SP, reivindicam a constru\u00e7\u00e3o de uma Casa\u00a0 de Cultura na regi\u00e3o. Eles alegam que n\u00e3o existe nenhum espa\u00e7o fixo para a realiza\u00e7\u00e3o de manifesta\u00e7\u00f5es culturais. Querem deixar de serem &#8220;ciganos&#8221; e ter uma casa pr\u00f3pria para as atividades. Atualmente, s\u00f3 existe uma biblioteca p\u00fablica na \u00e1rea.<\/p>\n<p>De acordo com representantes do grupo, a reivindica\u00e7\u00e3o \u00e9 antiga, de aproximadamente 20 anos. Mas foi intensificada h\u00e1 um ano com a\u00e7\u00f5es de dois movimentos: Cultura da ZL (Zona Leste) e Cultura na Pra\u00e7a.<\/p>\n<p>&#8220;Atualmente, quando vamos fazer algum evento, utilizamos um espa\u00e7o cedido por uma entidade ou por um comerciante local. Cada hora \u00e9 em um lugar. Ermelino Matarazzo tem um movimento cultural intenso e precisa de um espa\u00e7o&#8221;, afirmou o grafiteiro, poeta e educador social Vander Clementino Guedes, de 24 anos, mais conhecido no meio art\u00edstico como Ch\u00ea.<\/p>\n<p>Segundo ele, j\u00e1 houve algumas tratativas com o secret\u00e1rio municipal de Cultura, Carlos Augusto Machado Calil. &#8220;H\u00e1 cerca de quatro meses, ele veio aqui no bairro e conversou com a gente. Ficou em vista um im\u00f3vel na Avenida Paranagu\u00e1, com aluguel de aproximadamente R$ 4 mil por m\u00eas. Ele se mostrou receptivo com o nosso pedido, mas n\u00e3o houve nada de concreto at\u00e9 agora&#8221;, comentou Ch\u00ea.<\/p>\n<p>Manifesto \/O grupo planeja realizar seu segundo ato na regi\u00e3o em prol da reivindica\u00e7\u00e3o. O manifesto ser\u00e1 no pr\u00f3ximo dia 20, ao meio-dia, em uma pra\u00e7a na Rua Professor Ant\u00f4nio de Castro Lopes, n\u00famero 1.371. No primeiro, realizado em dezembro do ano passado, compareceram cerca de 200 pessoas. &#8220;Haver\u00e1 v\u00e1rias performances culturais, como teatro, poesia e grafite, entre outros&#8221;, disse o poeta Emerson Alcalde, de 29 anos.<\/p>\n<p>&#8220;Outros bairros j\u00e1 possuem um espa\u00e7o cultural, queremos tamb\u00e9m um para n\u00f3s&#8221;, disse Carla Soares, de 24, que faz trabalhos com fotografia e v\u00eddeo. A Secretaria Municipal de Cultura confirmou o encontro do secret\u00e1rio com o grupo e a pesquisa de im\u00f3veis da regi\u00e3o. Disse que o im\u00f3vel na Avenida Paranagu\u00e1 se mostrou adequado, mas n\u00e3o deu prazo para resolver a quest\u00e3o.<\/p>\n<p>Bairro sofre com alta concentra\u00e7\u00e3o de\u00a0 favelas e baixa renda m\u00e9dia<br \/>\nAl\u00e9m da car\u00eancia de espa\u00e7os culturais, Ermelino Matarazzo padece de outros problemas, como a alta concentra\u00e7\u00e3o de favelas, por exemplo. O bairro possui aproximadamente 200 mil habitantes, sendo que 18,45% deles moram em favelas. O rendimento m\u00e9dio dos chefes de fam\u00edlia \u00e9 de R$ 815,91, bem abaixo da m\u00e9dia da capital, de R$ 1.325.<\/p>\n<p>&#8220;Precisamos de muitas melhorias para o bairro, n\u00e3o s\u00f3 uma Casa de Cultura, por exemplo. N\u00e3o podemos esquecer que aqui existem poucas op\u00e7\u00f5es de lazer, de maneira geral&#8221;, afirmou o poeta Emerson Alcalde. Um dos pontos de lazer do bairro era a hist\u00f3rica fonte do Jardim Bel\u00e9m, que n\u00e3o existe mais. &#8220;Temos esperan\u00e7a de melhora&#8221;, contou o poeta.<\/p>\n<p>Secretaria estadual diz que h\u00e1 4 &#8216;f\u00e1bricas&#8217; na Zona Leste<br \/>\nA Secretaria Estadual de Cultura informou que tem investido em programas e equipamentos na periferia de S\u00e3o Paulo. Cita como exemplo a constru\u00e7\u00e3o das F\u00e1bricas de Cultura, espa\u00e7os voltados \u00e0 forma\u00e7\u00e3o cultural de jovens de 8 a 19 anos.\u00a0 S\u00e3o 10 f\u00e1bricas previstas at\u00e9 o final do ano, sendo quatro na Zona Leste: as de Vila Curu\u00e7\u00e1 e Sapopemba j\u00e1 est\u00e3o em funcionamento, a do Itaim Paulista deve ser inaugurada em breve e a outra, em Cidade Tiradentes, est\u00e1 em constru\u00e7\u00e3o. A secretaria tamb\u00e9m disse que outra a\u00e7\u00e3o, o Projeto Guri, possui 14 polos na Zona Leste, sendo um no Jardim S\u00e3o Carlos, pr\u00f3ximo de Encontra Ermelino Matarazzo.<\/p>\n<p>Oficinas culturais oferecem 365 vagas at\u00e9 dezembro<br \/>\nAs oficinas culturais, promovidas pelo estado, oferecem 365 vagas em Ermelino Matarazzo, de agosto a dezembro, divididas em 18 atividades nas \u00e1reas de artes pl\u00e1sticas, artes c\u00eanicas e dan\u00e7a, entre outras, ministradas em 12 entidades parceiras.<\/p>\n<p><em>Fonte: Di\u00e1rio de S. Paulo<\/em><\/p>\n\n<div style=\"font-size: 0px; height: 0px; line-height: 0px; margin: 0; padding: 0; clear: both;\"><\/div>","protected":false},"excerpt":{"rendered":"<p>Moradores e artistas do bairro Ermelino Matarazzo, na Zona Leste da cidade de SP, reivindicam a constru\u00e7\u00e3o de uma Casa\u00a0 de Cultura na regi\u00e3o. Eles alegam que n\u00e3o existe nenhum espa\u00e7o fixo para a realiza\u00e7\u00e3o de manifesta\u00e7\u00f5es culturais. Querem deixar de serem &#8220;ciganos&#8221; e ter uma casa pr\u00f3pria para as atividades. Atualmente, s\u00f3 existe uma biblioteca p\u00fablica na \u00e1rea. De acordo com representantes do grupo, a reivindica\u00e7\u00e3o \u00e9 antiga, de aproximadamente 20 anos. Mas foi intensificada h\u00e1 um ano com a\u00e7\u00f5es de dois movimentos: Cultura da ZL (Zona Leste) e Cultura na Pra\u00e7a. &#8220;Atualmente, quando vamos fazer algum evento, utilizamos <\/p>\n","protected":false},"author":1,"featured_media":0,"comment_status":"open","ping_status":"closed","sticky":false,"template":"","format":"standard","meta":{"footnotes":""},"categories":[6],"tags":[],"class_list":["post-162","post","type-post","status-publish","format-standard","hentry","category-noticias-em-ermelino-matarazzo"],"aioseo_notices":[],"_links":{"self":[{"href":"https:\/\/www.encontraermelinomatarazzo.com.br\/sobre\/wp-json\/wp\/v2\/posts\/162","targetHints":{"allow":["GET"]}}],"collection":[{"href":"https:\/\/www.encontraermelinomatarazzo.com.br\/sobre\/wp-json\/wp\/v2\/posts"}],"about":[{"href":"https:\/\/www.encontraermelinomatarazzo.com.br\/sobre\/wp-json\/wp\/v2\/types\/post"}],"author":[{"embeddable":true,"href":"https:\/\/www.encontraermelinomatarazzo.com.br\/sobre\/wp-json\/wp\/v2\/users\/1"}],"replies":[{"embeddable":true,"href":"https:\/\/www.encontraermelinomatarazzo.com.br\/sobre\/wp-json\/wp\/v2\/comments?post=162"}],"version-history":[{"count":0,"href":"https:\/\/www.encontraermelinomatarazzo.com.br\/sobre\/wp-json\/wp\/v2\/posts\/162\/revisions"}],"wp:attachment":[{"href":"https:\/\/www.encontraermelinomatarazzo.com.br\/sobre\/wp-json\/wp\/v2\/media?parent=162"}],"wp:term":[{"taxonomy":"category","embeddable":true,"href":"https:\/\/www.encontraermelinomatarazzo.com.br\/sobre\/wp-json\/wp\/v2\/categories?post=162"},{"taxonomy":"post_tag","embeddable":true,"href":"https:\/\/www.encontraermelinomatarazzo.com.br\/sobre\/wp-json\/wp\/v2\/tags?post=162"}],"curies":[{"name":"wp","href":"https:\/\/api.w.org\/{rel}","templated":true}]}}