{"id":164,"date":"2011-08-11T16:01:33","date_gmt":"2011-08-11T18:01:33","guid":{"rendered":"http:\/\/www.encontraermelinomatarazzo.com.br\/noticias\/?p=164"},"modified":"2019-04-29T17:15:16","modified_gmt":"2019-04-29T19:15:16","slug":"terceirizado-na-prefeitura-comanda-despejos-em-favelas-e-ameaca-moradores-em-ermelino-matarazzo","status":"publish","type":"post","link":"https:\/\/www.encontraermelinomatarazzo.com.br\/sobre\/terceirizado-na-prefeitura-comanda-despejos-em-favelas-e-ameaca-moradores-em-ermelino-matarazzo\/","title":{"rendered":"Terceirizado da prefeitura de SP comanda despejos em favelas e amea\u00e7a moradores de Ermelino Matarazzo"},"content":{"rendered":"<div class=\"582a572a76647b318fccfc02422c37de\" data-index=\"1\" style=\"float: none; margin:0px;\">\n<!-- Anuncio display - global -->\r\n<ins class=\"adsbygoogle\"\r\n     style=\"display:block\"\r\n     data-ad-client=\"ca-pub-8585364105181520\"\r\n     data-ad-slot=\"8789329856\"\r\n     data-ad-format=\"auto\"\r\n     data-full-width-responsive=\"true\"><\/ins>\r\n<script>\r\n     (adsbygoogle = window.adsbygoogle || []).push({});\r\n<\/script>\n<\/div>\n<p>Francisco Evandro Ferreira Figueiredo \u00e9 o funcion\u00e1rio da BST Transportadora contratado pela Prefeitura de S\u00e3o Paulo para \u201cfazer a faxina\u201d, termo que utiliza quando se refere \u00e0 remo\u00e7\u00e3o de moradores das comunidades pobres nas periferias de S\u00e3o Paulo. Este ano, a R\u00e1dio Brasil Atual j\u00e1 flagrou Evandro \u2013 como \u00e9 mais conhecido \u2013 em dois despejos truculentos, sem mandado judicial. Lideran\u00e7as de movimentos sociais criticam a viol\u00eancia nos despejos e a falta de alternativas habitacionais para as fam\u00edlias retiradas.<\/p>\n<p>Na Favela do Sapo, zona oeste da capital, os moradores denunciaram que Evandro se apresentava armado, dizia ser funcion\u00e1rio da Prefeitura e intimava-os a deixarem suas casas. Em fevereiro deste ano, sob seu comando, funcion\u00e1rios do poder p\u00fablico municipal derrubaram 17 casas na comunidade, com o acompanhamento da Pol\u00edcia Militar e da Guarda Civil Municipal, sem apresentar mandado judicial de reintegra\u00e7\u00e3o de posse ou qualquer documento que legitimasse a a\u00e7\u00e3o. Os moradores se mobilizaram e, com a ajuda de parlamentares e representantes de movimentos sociais de moradia, conseguiram impedir que mais casas fossem derrubadas.<\/p>\n<p><strong>Sem contrapartidas<\/strong><\/p>\n<p>A expuls\u00e3o dos moradores da comunidade est\u00e1 ligada ao projeto de urbaniza\u00e7\u00e3o batizado de S\u00e3o Francisco Global, que custar\u00e1 aos cofres p\u00fablicos R$ 237 milh\u00f5es. Para o projeto, a prefeitura terceirizou n\u00e3o apenas a execu\u00e7\u00e3o da obra, mas tamb\u00e9m a retirada dos moradores, que ficou sob responsabilidade da empreiteira Cons\u00f3rcio EIT Santa B\u00e1rbara. Respons\u00e1vel por uma s\u00e9rie de projetos urban\u00edsticos na cidade, a empreiteira foi respons\u00e1vel pelo despejo truculento realizado em 2008 no Parque Cocaia, e chegou a ser alvo de uma a\u00e7\u00e3o da Defensoria P\u00fablica.<\/p>\n<p>A remo\u00e7\u00e3o das casas do Jardim S\u00e3o Francisco teve in\u00edcio na segunda quinzena de julho. Sem oferecer nenhuma contrapartida habitacional, os moradores foram intimados a deixar suas casas por seguran\u00e7as terceirizados acompanhados de integrantes da Guarda Ambiental e da Guarda Civil Municipal.<\/p>\n<p>Douglas Alves Mendes, secret\u00e1rio-executivo do Movimento A\u00e7\u00e3o Cultura e Ecologia, entidade de defesa dos moradores da regi\u00e3o de S\u00e3o Mateus, registou um boletim de ocorr\u00eancia para denunciar a trucul\u00eancia da prefeitura na remo\u00e7\u00e3o dos moradores. \u201cEles v\u00eam simplesmente com a Guarda Ambiental e com seguran\u00e7as da empreiteira e tentam tirar os moradores \u00e0 for\u00e7a\u201d, relata.<\/p>\n<p>Ap\u00f3s uma manifesta\u00e7\u00e3o realizada por membros da comunidade em frente \u00e0 Subprefeitura de S\u00e3o Mateus, uma comiss\u00e3o foi recebida e o despejo momentaneamente paralisado. A subprefeitura de S\u00e3o Mateus est\u00e1 entre as nove que sofreram recentes altera\u00e7\u00f5es de administradores sob o comando do prefeito Gilberto Kassab (ex-DEM, em dire\u00e7\u00e3o ao PSD). Na segunda-feira (8), o ent\u00e3o subprefeito da regi\u00e3o, Ademir Aparecido Ramos, oficial de reserva da PM, trocou de posto com Jos\u00e9 Guerra J\u00fanior, que \u00e9 coronel da reserva da PM. Ademir vai para guia Ermelino Matarazzo e Guerra, h\u00e1 dois meses no cargo, assume S\u00e3o Mateus.<\/p>\n<p>Apesar da interrup\u00e7\u00e3o moment\u00e2nea dos despejos, a situa\u00e7\u00e3o no Jardim S\u00e3o Francisco continua sendo motivo de preocupa\u00e7\u00e3o. Nesta quinta-feira (11), a Defensoria P\u00fablica, o escrit\u00f3rio modelo Dom Paulo Evaristo Arns da Pontif\u00edcia Universidade Cat\u00f3lica (PUC) e moradores da comunidade re\u00fanem-se para definir as a\u00e7\u00f5es que ser\u00e3o tomadas para barrar definitivamente os despejos e realizar a regulariza\u00e7\u00e3o dos moradores junto ao atendimento habitacional da prefeitura.<\/p>\n<p><em>Fonte: Portal Brasil Atual<\/em><\/p>\n\n<div style=\"font-size: 0px; height: 0px; line-height: 0px; margin: 0; padding: 0; clear: both;\"><\/div>","protected":false},"excerpt":{"rendered":"<p>Francisco Evandro Ferreira Figueiredo \u00e9 o funcion\u00e1rio da BST Transportadora contratado pela Prefeitura de S\u00e3o Paulo para \u201cfazer a faxina\u201d, termo que utiliza quando se refere \u00e0 remo\u00e7\u00e3o de moradores das comunidades pobres nas periferias de S\u00e3o Paulo. Este ano, a R\u00e1dio Brasil Atual j\u00e1 flagrou Evandro \u2013 como \u00e9 mais conhecido \u2013 em dois despejos truculentos, sem mandado judicial. Lideran\u00e7as de movimentos sociais criticam a viol\u00eancia nos despejos e a falta de alternativas habitacionais para as fam\u00edlias retiradas. Na Favela do Sapo, zona oeste da capital, os moradores denunciaram que Evandro se apresentava armado, dizia ser funcion\u00e1rio da Prefeitura <\/p>\n","protected":false},"author":1,"featured_media":0,"comment_status":"open","ping_status":"closed","sticky":false,"template":"","format":"standard","meta":{"footnotes":""},"categories":[6],"tags":[],"class_list":["post-164","post","type-post","status-publish","format-standard","hentry","category-noticias-em-ermelino-matarazzo"],"aioseo_notices":[],"_links":{"self":[{"href":"https:\/\/www.encontraermelinomatarazzo.com.br\/sobre\/wp-json\/wp\/v2\/posts\/164","targetHints":{"allow":["GET"]}}],"collection":[{"href":"https:\/\/www.encontraermelinomatarazzo.com.br\/sobre\/wp-json\/wp\/v2\/posts"}],"about":[{"href":"https:\/\/www.encontraermelinomatarazzo.com.br\/sobre\/wp-json\/wp\/v2\/types\/post"}],"author":[{"embeddable":true,"href":"https:\/\/www.encontraermelinomatarazzo.com.br\/sobre\/wp-json\/wp\/v2\/users\/1"}],"replies":[{"embeddable":true,"href":"https:\/\/www.encontraermelinomatarazzo.com.br\/sobre\/wp-json\/wp\/v2\/comments?post=164"}],"version-history":[{"count":0,"href":"https:\/\/www.encontraermelinomatarazzo.com.br\/sobre\/wp-json\/wp\/v2\/posts\/164\/revisions"}],"wp:attachment":[{"href":"https:\/\/www.encontraermelinomatarazzo.com.br\/sobre\/wp-json\/wp\/v2\/media?parent=164"}],"wp:term":[{"taxonomy":"category","embeddable":true,"href":"https:\/\/www.encontraermelinomatarazzo.com.br\/sobre\/wp-json\/wp\/v2\/categories?post=164"},{"taxonomy":"post_tag","embeddable":true,"href":"https:\/\/www.encontraermelinomatarazzo.com.br\/sobre\/wp-json\/wp\/v2\/tags?post=164"}],"curies":[{"name":"wp","href":"https:\/\/api.w.org\/{rel}","templated":true}]}}