{"id":173,"date":"2011-08-18T00:03:43","date_gmt":"2011-08-18T02:03:43","guid":{"rendered":"http:\/\/www.encontraermelinomatarazzo.com.br\/noticias\/?p=173"},"modified":"2019-04-29T17:15:15","modified_gmt":"2019-04-29T19:15:15","slug":"subprefeitura-ermelino-matarazzo-realiza-pre-conferencia-de-atencao-as-drogas","status":"publish","type":"post","link":"https:\/\/www.encontraermelinomatarazzo.com.br\/sobre\/subprefeitura-ermelino-matarazzo-realiza-pre-conferencia-de-atencao-as-drogas\/","title":{"rendered":"Subprefeitura Ermelino Matarazzo realiza Pr\u00e9-Confer\u00eancia de Aten\u00e7\u00e3o \u00e0s Drogas"},"content":{"rendered":"<div class=\"582a572a76647b318fccfc02422c37de\" data-index=\"1\" style=\"float: none; margin:0px;\">\n<!-- Anuncio display - global -->\r\n<ins class=\"adsbygoogle\"\r\n     style=\"display:block\"\r\n     data-ad-client=\"ca-pub-8585364105181520\"\r\n     data-ad-slot=\"8789329856\"\r\n     data-ad-format=\"auto\"\r\n     data-full-width-responsive=\"true\"><\/ins>\r\n<script>\r\n     (adsbygoogle = window.adsbygoogle || []).push({});\r\n<\/script>\n<\/div>\n<p>No pr\u00f3ximo dia 31 de agosto, das 10h00 \u00e0s 12h00, a Subprefeitura do bairro de  Ermelino Matarazzo em parceria com a Secretaria Municipal de  Participa\u00e7\u00e3o e Parceria, promovem a Pr\u00e9 Confer\u00eancia de Aten\u00e7\u00e3o as  Drogas.<\/p>\n<p>O evento tem o objetivo estimular as a\u00e7\u00f5es comunit\u00e1rias de preven\u00e7\u00e3o,  tratamento e reabilita\u00e7\u00e3o do abuso e depend\u00eancia de drogas e,  proporcionar aos mun\u00edcipes um espa\u00e7o para discuss\u00f5es sobre o tema  &#8220;drogas&#8221;.<\/p>\n<p>O envento ser\u00e1 no audit\u00f3rio do Hospital Municipal Prof\u00ba Dr. Al\u00edpio  Correa Neto, localizado na Alameda Rodrigo de Brun, 1989, em Ermelino  Matarazzo.<\/p>\n<p>A Pr\u00e9-Confer\u00eancia vai possibilitar debates sobre o desenvolvimento de  programas e a\u00e7\u00f5es, continuadas e intersetoriais, de preven\u00e7\u00e3o do uso,  abuso e depend\u00eancia do \u00e1lcool e outras drogas, envolvendo profissionais  que atuam na \u00e1rea da sa\u00fade, da assist\u00eancia social, da seguran\u00e7a, do meio  empresarial, da educa\u00e7\u00e3o e outros.<\/p>\n<p>Podem participar da Pr\u00e9 Confer\u00eancia todos os moradores dos Distritos  de Ermelino Matarazzo e Ponte Rasa que querem desenvolver ou j\u00e1 realizam  algum trabalho junto\u00a0\u00e0 comunidade.<\/p>\n<p><em>Fonte: Prefeitura de S. Paulo<\/em><\/p>\n\n<div style=\"font-size: 0px; height: 0px; line-height: 0px; margin: 0; padding: 0; clear: both;\"><\/div>","protected":false},"excerpt":{"rendered":"<p>No pr\u00f3ximo dia 31 de agosto, das 10h00 \u00e0s 12h00, a Subprefeitura do bairro de Ermelino Matarazzo em parceria com a Secretaria Municipal de Participa\u00e7\u00e3o e Parceria, promovem a Pr\u00e9 Confer\u00eancia de Aten\u00e7\u00e3o as Drogas. O evento tem o objetivo estimular as a\u00e7\u00f5es comunit\u00e1rias de preven\u00e7\u00e3o, tratamento e reabilita\u00e7\u00e3o do abuso e depend\u00eancia de drogas e, proporcionar aos mun\u00edcipes um espa\u00e7o para discuss\u00f5es sobre o tema &#8220;drogas&#8221;. O envento ser\u00e1 no audit\u00f3rio do Hospital Municipal Prof\u00ba Dr. Al\u00edpio Correa Neto, localizado na Alameda Rodrigo de Brun, 1989, em Ermelino Matarazzo. A Pr\u00e9-Confer\u00eancia vai possibilitar debates sobre o desenvolvimento de programas <\/p>\n","protected":false},"author":1,"featured_media":0,"comment_status":"open","ping_status":"closed","sticky":false,"template":"","format":"standard","meta":{"footnotes":""},"categories":[6],"tags":[],"class_list":["post-173","post","type-post","status-publish","format-standard","hentry","category-noticias-em-ermelino-matarazzo"],"aioseo_notices":[],"_links":{"self":[{"href":"https:\/\/www.encontraermelinomatarazzo.com.br\/sobre\/wp-json\/wp\/v2\/posts\/173","targetHints":{"allow":["GET"]}}],"collection":[{"href":"https:\/\/www.encontraermelinomatarazzo.com.br\/sobre\/wp-json\/wp\/v2\/posts"}],"about":[{"href":"https:\/\/www.encontraermelinomatarazzo.com.br\/sobre\/wp-json\/wp\/v2\/types\/post"}],"author":[{"embeddable":true,"href":"https:\/\/www.encontraermelinomatarazzo.com.br\/sobre\/wp-json\/wp\/v2\/users\/1"}],"replies":[{"embeddable":true,"href":"https:\/\/www.encontraermelinomatarazzo.com.br\/sobre\/wp-json\/wp\/v2\/comments?post=173"}],"version-history":[{"count":0,"href":"https:\/\/www.encontraermelinomatarazzo.com.br\/sobre\/wp-json\/wp\/v2\/posts\/173\/revisions"}],"wp:attachment":[{"href":"https:\/\/www.encontraermelinomatarazzo.com.br\/sobre\/wp-json\/wp\/v2\/media?parent=173"}],"wp:term":[{"taxonomy":"category","embeddable":true,"href":"https:\/\/www.encontraermelinomatarazzo.com.br\/sobre\/wp-json\/wp\/v2\/categories?post=173"},{"taxonomy":"post_tag","embeddable":true,"href":"https:\/\/www.encontraermelinomatarazzo.com.br\/sobre\/wp-json\/wp\/v2\/tags?post=173"}],"curies":[{"name":"wp","href":"https:\/\/api.w.org\/{rel}","templated":true}]}}