{"id":1986,"date":"2013-08-22T12:34:15","date_gmt":"2013-08-22T14:34:15","guid":{"rendered":"http:\/\/www.encontraermelinomatarazzo.com.br\/noticias\/?p=1986"},"modified":"2019-04-29T17:14:16","modified_gmt":"2019-04-29T19:14:16","slug":"subprefeitura-ermelino-matarazzo-realiza-a-audiencia-publica-no-dia-3108","status":"publish","type":"post","link":"https:\/\/www.encontraermelinomatarazzo.com.br\/sobre\/subprefeitura-ermelino-matarazzo-realiza-a-audiencia-publica-no-dia-3108\/","title":{"rendered":"Subprefeitura Ermelino Matarazzo realiza a Audi\u00eancia P\u00fablica no dia 31\/08"},"content":{"rendered":"<div class=\"582a572a76647b318fccfc02422c37de\" data-index=\"1\" style=\"float: none; margin:0px;\">\n<!-- Anuncio display - global -->\r\n<ins class=\"adsbygoogle\"\r\n     style=\"display:block\"\r\n     data-ad-client=\"ca-pub-8585364105181520\"\r\n     data-ad-slot=\"8789329856\"\r\n     data-ad-format=\"auto\"\r\n     data-full-width-responsive=\"true\"><\/ins>\r\n<script>\r\n     (adsbygoogle = window.adsbygoogle || []).push({});\r\n<\/script>\n<\/div>\n<p>Mais de 6 mil pessoas participaram das 35 audi\u00eancias p\u00fablicas promovidas pela Secretaria Municipal de Planejamento, Or\u00e7amento e Gest\u00e3o (Sempla) em diversas regi\u00f5es da cidade para a discuss\u00e3o das 100 metas apresentadas pelo prefeito. Em agosto, nos dias 17 e 24, a Sempla voltar\u00e1 a cada uma das subprefeituras para apresentar aos cidad\u00e3os a vers\u00e3o final do Programa de Metas 2013-2016, elaborada de forma participativa.<\/p>\n<p>No total, mais de 9 mil propostas foram sugeridas pela popula\u00e7\u00e3o durante as reuni\u00f5es e tamb\u00e9m enviadas \u00e0 secretaria pela internet. As sugest\u00f5es foram computadas e sistematizadas de modo a otimizar o plano original. Al\u00e9m disso, a participa\u00e7\u00e3o popular propiciou a cria\u00e7\u00e3o de um banco de dados que servir\u00e1 para as futuras reavalia\u00e7\u00f5es do programa.<\/p>\n<p>Chamadas de devolutivas, as novas reuni\u00f5es marcar\u00e3o o in\u00edcio de uma nova etapa do Ciclo Participativo de Planejamento e Or\u00e7amento organizado pela Prefeitura e coordenado pela Sempla. Isso porque tamb\u00e9m ter\u00e3o in\u00edcio as discuss\u00f5es em torno do Plano Plurianual 2014-2017 (PPA 2014-2017).<\/p>\n<p><strong>Programa de Metas 2013-2016<\/strong><\/p>\n<p>Apresentado pelo prefeito em mar\u00e7o deste ano, o plano prev\u00ea 100 metas, associadas a 21 objetivos e organizadas em tr\u00eas eixos tem\u00e1ticos. Cada eixo apresenta um conjunto de objetivos estrat\u00e9gicos, que apontam aspectos importantes para melhoria da vida na cidade. As metas s\u00e3o algumas das iniciativas que possibilitar\u00e3o o alcance desses objetivos.<\/p>\n<p>O plano original foi elaborado de acordo com cinco articula\u00e7\u00f5es territoriais: resgate da cidadania nos territ\u00f3rios mais vulner\u00e1veis; estrutura\u00e7\u00e3o do Arco do Futuro; fortalecimento das centralidades locais e das redes de equipamentos p\u00fablicos; requalifica\u00e7\u00e3o da \u00e1rea central da cidade; e a reordena\u00e7\u00e3o da fronteira ambiental.<\/p>\n<p><span style=\"text-decoration: underline;\"><strong>Audi\u00eancia P\u00fablica na Subprefeitura de Ermelino Matarazzo<\/strong><\/p>\n<p><\/span> <strong>Quando:<\/strong> Dia \u00a031 de agosto,<br \/>\n<strong>Hor\u00e1rio:<\/strong> das 09h \u00e0s 12h<br \/>\n<strong>Local:<\/strong>\u00a0Audit\u00f3rio do Hospital Municipal de Ermelino Matarazzo &#8211; Rua Alameda Rodrigo de Brum, 1989 Vila Paranagu\u00e1<\/p>\n\n<div style=\"font-size: 0px; height: 0px; line-height: 0px; margin: 0; padding: 0; clear: both;\"><\/div>","protected":false},"excerpt":{"rendered":"<p>Mais de 6 mil pessoas participaram das 35 audi\u00eancias p\u00fablicas promovidas pela Secretaria Municipal de Planejamento, Or\u00e7amento e Gest\u00e3o (Sempla) em diversas regi\u00f5es da cidade para a discuss\u00e3o das 100 metas apresentadas pelo prefeito. Em agosto, nos dias 17 e 24, a Sempla voltar\u00e1 a cada uma das subprefeituras para apresentar aos cidad\u00e3os a vers\u00e3o final do Programa de Metas 2013-2016, elaborada de forma participativa. No total, mais de 9 mil propostas foram sugeridas pela popula\u00e7\u00e3o durante as reuni\u00f5es e tamb\u00e9m enviadas \u00e0 secretaria pela internet. As sugest\u00f5es foram computadas e sistematizadas de modo a otimizar o plano original. Al\u00e9m <\/p>\n","protected":false},"author":1,"featured_media":0,"comment_status":"open","ping_status":"closed","sticky":false,"template":"","format":"standard","meta":{"footnotes":""},"categories":[6],"tags":[],"class_list":["post-1986","post","type-post","status-publish","format-standard","hentry","category-noticias-em-ermelino-matarazzo"],"aioseo_notices":[],"_links":{"self":[{"href":"https:\/\/www.encontraermelinomatarazzo.com.br\/sobre\/wp-json\/wp\/v2\/posts\/1986","targetHints":{"allow":["GET"]}}],"collection":[{"href":"https:\/\/www.encontraermelinomatarazzo.com.br\/sobre\/wp-json\/wp\/v2\/posts"}],"about":[{"href":"https:\/\/www.encontraermelinomatarazzo.com.br\/sobre\/wp-json\/wp\/v2\/types\/post"}],"author":[{"embeddable":true,"href":"https:\/\/www.encontraermelinomatarazzo.com.br\/sobre\/wp-json\/wp\/v2\/users\/1"}],"replies":[{"embeddable":true,"href":"https:\/\/www.encontraermelinomatarazzo.com.br\/sobre\/wp-json\/wp\/v2\/comments?post=1986"}],"version-history":[{"count":0,"href":"https:\/\/www.encontraermelinomatarazzo.com.br\/sobre\/wp-json\/wp\/v2\/posts\/1986\/revisions"}],"wp:attachment":[{"href":"https:\/\/www.encontraermelinomatarazzo.com.br\/sobre\/wp-json\/wp\/v2\/media?parent=1986"}],"wp:term":[{"taxonomy":"category","embeddable":true,"href":"https:\/\/www.encontraermelinomatarazzo.com.br\/sobre\/wp-json\/wp\/v2\/categories?post=1986"},{"taxonomy":"post_tag","embeddable":true,"href":"https:\/\/www.encontraermelinomatarazzo.com.br\/sobre\/wp-json\/wp\/v2\/tags?post=1986"}],"curies":[{"name":"wp","href":"https:\/\/api.w.org\/{rel}","templated":true}]}}