{"id":2000,"date":"2013-09-23T00:37:34","date_gmt":"2013-09-23T02:37:34","guid":{"rendered":"http:\/\/www.encontraermelinomatarazzo.com.br\/noticias\/?p=2000"},"modified":"2019-04-29T17:14:15","modified_gmt":"2019-04-29T19:14:15","slug":"ermelino-matarazzo-recebera-obras-do-plano-verao-2014","status":"publish","type":"post","link":"https:\/\/www.encontraermelinomatarazzo.com.br\/sobre\/ermelino-matarazzo-recebera-obras-do-plano-verao-2014\/","title":{"rendered":"Ermelino Matarazzo receber\u00e1 obras do Plano Ver\u00e3o 2014"},"content":{"rendered":"<div class=\"582a572a76647b318fccfc02422c37de\" data-index=\"1\" style=\"float: none; margin:0px;\">\n<!-- Anuncio display - global -->\r\n<ins class=\"adsbygoogle\"\r\n     style=\"display:block\"\r\n     data-ad-client=\"ca-pub-8585364105181520\"\r\n     data-ad-slot=\"8789329856\"\r\n     data-ad-format=\"auto\"\r\n     data-full-width-responsive=\"true\"><\/ins>\r\n<script>\r\n     (adsbygoogle = window.adsbygoogle || []).push({});\r\n<\/script>\n<\/div>\n<p>O prefeito anunciou o Plano Ver\u00e3o 2014, que re\u00fane a\u00e7\u00f5es preventivas de curto prazo para preparar a cidade para o per\u00edodo de chuvas. Ser\u00e3o 79 obras de microdrenagem (j\u00e1 contratadas), reforma de cerca de dois mil sem\u00e1foros, substitui\u00e7\u00e3o de mil \u00e1rvores e a intensifica\u00e7\u00e3o nas a\u00e7\u00f5es de zeladoria. De acordo com a Prefeitura, a popula\u00e7\u00e3o poder\u00e1 acompanhar todo o andamento das interven\u00e7\u00f5es pela internet, por meio do novo site que ser\u00e1 lan\u00e7ado em outubro.<\/p>\n<p>Durante visita \u00e0 S\u00e3o Miguel, o prefeito afirmou que o plano j\u00e1 est\u00e1 em execu\u00e7\u00e3o. O que a administra\u00e7\u00e3o podia fazer em seis meses, n\u00f3s fizemos, que \u00e9 melhorar os sem\u00e1foros, a zeladoria e as obras de drenagem nos pontos de alagamento intransit\u00e1veis. O objetivo do plano \u00e9 minimizar transtornos causados por alagamentos, queda de \u00e1rvores e falhas na sinaliza\u00e7\u00e3o que prejudicam o tr\u00e2nsito na capital.<\/p>\n<p><strong>Sem\u00e1foros<\/strong><\/p>\n<p>Para a reforma dos sem\u00e1foro, foram selecionados quase dois mil cruzamentos cuja localiza\u00e7\u00e3o \u00e9 estrat\u00e9gica para a fluidez do tr\u00e2nsito na cidade. Os equipamentos ter\u00e3o a fia\u00e7\u00e3o trocada e aterrada, novas caixas de passagem, veda\u00e7\u00e3o e no-breaks. Ap\u00f3s a renova\u00e7\u00e3o, receber\u00e3o um adesivo amarelo e identifica\u00e7\u00e3o para permitir o acompanhamento de sua situa\u00e7\u00e3o.<\/p>\n<p><strong>Microdrenagem<\/strong><\/p>\n<p>Para evitar a forma\u00e7\u00e3o de pontos de alagamentos intransit\u00e1veis, a Prefeitura investe R$ 150 milh\u00f5es em obras de microdrenagem de m\u00e9dio prazo, que levam de 4 a 6 meses para serem conclu\u00eddas. Estas interven\u00e7\u00f5es j\u00e1 foram licitadas e receberam ordem de servi\u00e7o. V\u00e3o ajudar no escoamento mais r\u00e1pido de \u00e1guas em 79 pontos cr\u00edticos da cidade.<\/p>\n<p><strong>\u00c1rvores<\/strong><\/p>\n<p>No per\u00edodo de chuvas, a queda de \u00e1rvores provoca interrup\u00e7\u00f5es no fornecimento de energia el\u00e9trica e no tr\u00e1fego de ve\u00edculos, al\u00e9m de risco de atingir pedestres, motociclistas e motoristas. O Plano Ver\u00e3o prev\u00ea que mil \u00e1rvores que est\u00e3o doentes ser\u00e3o substitu\u00eddas por novas mudas. J\u00e1 em setembro, ser\u00e3o quase 300.<\/p>\n<p><strong>Portal<\/strong><\/p>\n<p>No novo portal da Prefeitura, o cidad\u00e3o poder\u00e1 acompanhar em tempo real as informa\u00e7\u00f5es meteorol\u00f3gicas em tempo real, como temperatura e possibilidade de chuvas em cada regi\u00e3o da cidade. A situa\u00e7\u00e3o das obras de microdrenagem, a reforma dos sem\u00e1foros e a troca das \u00e1rvores de forma tamb\u00e9m ser\u00e3o disponibilizadas em um mapa virtual.<\/p>\n<p><strong>Longo prazo<\/strong><\/p>\n<p>O Plano Ver\u00e3o 2014 foi anunciado nesta manh\u00e3 ap\u00f3s a assinatura da autoriza\u00e7\u00e3o do Programa Parque V\u00e1rzeas do Tiet\u00ea, conjunto de interven\u00e7\u00f5es de drenagem na Vila Itaim, Zona Leste da cidade. O sistema \u00e9 composto de p\u00f4lder com reservat\u00f3rio, bombas e rede de microdrenagem para evitar o transbordamento do rio Tiet\u00ea. Haver\u00e1 ainda o reassentamento de 280 fam\u00edlias e a instala\u00e7\u00e3o de 2,4 quil\u00f4metros de ciclovias. O programa ser\u00e1 realizado por meio da compensa\u00e7\u00e3o ambiental das obras na Marginal Tiet\u00ea, com recursos do Governo do Estado.<\/p>\n<p style=\"text-align: left;\"><strong>Veja a lista de locais no Ermelino Matarazzo que receber\u00e3o obras de microdrenagem:<\/strong><\/p>\n<p>Rua Francisco Tourinho<br \/>\nRua Rosa Mendes<br \/>\nRua Leonel Ferreira<br \/>\nRua Reverendo Issac Silverio<br \/>\nRua Heraclito Patriarca<br \/>\nRua Julieta Algorez<br \/>\nRua Sancho Junqueira<strong><\/strong><\/p>\n<p>&nbsp;<\/p>\n\n<div style=\"font-size: 0px; height: 0px; line-height: 0px; margin: 0; padding: 0; clear: both;\"><\/div>","protected":false},"excerpt":{"rendered":"<p>O prefeito anunciou o Plano Ver\u00e3o 2014, que re\u00fane a\u00e7\u00f5es preventivas de curto prazo para preparar a cidade para o per\u00edodo de chuvas. Ser\u00e3o 79 obras de microdrenagem (j\u00e1 contratadas), reforma de cerca de dois mil sem\u00e1foros, substitui\u00e7\u00e3o de mil \u00e1rvores e a intensifica\u00e7\u00e3o nas a\u00e7\u00f5es de zeladoria. De acordo com a Prefeitura, a popula\u00e7\u00e3o poder\u00e1 acompanhar todo o andamento das interven\u00e7\u00f5es pela internet, por meio do novo site que ser\u00e1 lan\u00e7ado em outubro. Durante visita \u00e0 S\u00e3o Miguel, o prefeito afirmou que o plano j\u00e1 est\u00e1 em execu\u00e7\u00e3o. O que a administra\u00e7\u00e3o podia fazer em seis meses, n\u00f3s fizemos, <\/p>\n","protected":false},"author":1,"featured_media":0,"comment_status":"open","ping_status":"closed","sticky":false,"template":"","format":"standard","meta":{"footnotes":""},"categories":[6],"tags":[],"class_list":["post-2000","post","type-post","status-publish","format-standard","hentry","category-noticias-em-ermelino-matarazzo"],"aioseo_notices":[],"_links":{"self":[{"href":"https:\/\/www.encontraermelinomatarazzo.com.br\/sobre\/wp-json\/wp\/v2\/posts\/2000","targetHints":{"allow":["GET"]}}],"collection":[{"href":"https:\/\/www.encontraermelinomatarazzo.com.br\/sobre\/wp-json\/wp\/v2\/posts"}],"about":[{"href":"https:\/\/www.encontraermelinomatarazzo.com.br\/sobre\/wp-json\/wp\/v2\/types\/post"}],"author":[{"embeddable":true,"href":"https:\/\/www.encontraermelinomatarazzo.com.br\/sobre\/wp-json\/wp\/v2\/users\/1"}],"replies":[{"embeddable":true,"href":"https:\/\/www.encontraermelinomatarazzo.com.br\/sobre\/wp-json\/wp\/v2\/comments?post=2000"}],"version-history":[{"count":0,"href":"https:\/\/www.encontraermelinomatarazzo.com.br\/sobre\/wp-json\/wp\/v2\/posts\/2000\/revisions"}],"wp:attachment":[{"href":"https:\/\/www.encontraermelinomatarazzo.com.br\/sobre\/wp-json\/wp\/v2\/media?parent=2000"}],"wp:term":[{"taxonomy":"category","embeddable":true,"href":"https:\/\/www.encontraermelinomatarazzo.com.br\/sobre\/wp-json\/wp\/v2\/categories?post=2000"},{"taxonomy":"post_tag","embeddable":true,"href":"https:\/\/www.encontraermelinomatarazzo.com.br\/sobre\/wp-json\/wp\/v2\/tags?post=2000"}],"curies":[{"name":"wp","href":"https:\/\/api.w.org\/{rel}","templated":true}]}}