{"id":2011,"date":"2013-11-04T11:28:12","date_gmt":"2013-11-04T13:28:12","guid":{"rendered":"http:\/\/www.encontraermelinomatarazzo.com.br\/noticias\/?p=2011"},"modified":"2019-04-29T17:14:15","modified_gmt":"2019-04-29T19:14:15","slug":"caravana-do-emprego-visita-ermelino-matarazzo-ate-0811","status":"publish","type":"post","link":"https:\/\/www.encontraermelinomatarazzo.com.br\/sobre\/caravana-do-emprego-visita-ermelino-matarazzo-ate-0811\/","title":{"rendered":"Caravana do Emprego visita Ermelino Matarazzo at\u00e9 08\/11"},"content":{"rendered":"<div class=\"582a572a76647b318fccfc02422c37de\" data-index=\"1\" style=\"float: none; margin:0px;\">\n<!-- Anuncio display - global -->\r\n<ins class=\"adsbygoogle\"\r\n     style=\"display:block\"\r\n     data-ad-client=\"ca-pub-8585364105181520\"\r\n     data-ad-slot=\"8789329856\"\r\n     data-ad-format=\"auto\"\r\n     data-full-width-responsive=\"true\"><\/ins>\r\n<script>\r\n     (adsbygoogle = window.adsbygoogle || []).push({});\r\n<\/script>\n<\/div>\n<p>A Secretaria Municipal do Desenvolvimento, Trabalho e Empreendedorismo, (SDTE), inicia a partir de hoje (4) a Caravana do Emprego com de mais de 9 mil vagas aos trabalhadores da cidade.<\/p>\n<p>Atrav\u00e9s do Centro de Apoio ao Trabalho (CAT), sete unidades do CAT M\u00f3vel realizar\u00e3o servi\u00e7os de emiss\u00e3o de carteira de trabalho, habilita\u00e7\u00e3o do seguro-desemprego, formaliza\u00e7\u00e3o para microempreendedor individual, entre outros atendimentos.<\/p>\n<p>Para o Secret\u00e1rio Municipal do Desenvolvimento, Trabalho e Empreendedorismo, Eliseu Gabriel, a Caravana do Emprego viabiliza os servi\u00e7os do CAT aos mun\u00edcipes e facilita o acesso ao emprego. \u201cH\u00e1 um esfor\u00e7o de nossos t\u00e9cnicos para aprimorar os servi\u00e7os e melhorar a oferta de vagas e qualifica\u00e7\u00e3o profissional, contribuindo para o mercado de trabalho local\u201d, ressalta o titular da pasta.<\/p>\n<p>As unidades do CAT M\u00f3vel ter\u00e3o como ponto de partida o Vale do Anhangaba\u00fa. Segundo a secretaria, a regi\u00e3o Leste ser\u00e1 a primeira a ser atendida. Os moradores ter\u00e3o acesso a 1.242 vagas voltadas para a regi\u00e3o, mais de 900 delas tempor\u00e1rias, que est\u00e3o entre as mais de 9 mil dispon\u00edveis no cadastro do CAT.<\/p>\n<p>Entre os bairros contemplados, a Caravana passar\u00e1 oportunidades em bairros como Vila Guilhermina, Tatuap\u00e9, Vila Carmosina, Itaquera, Mooca, Vila Formosa e Parque S\u00e3o Jorge.<\/p>\n<p>Para as vagas na zona Leste, dispon\u00edveis no per\u00edodo da a\u00e7\u00e3o na regi\u00e3o, os sal\u00e1rios variam at\u00e9 R$ 2,5 mil, neste caso, para cinco oportunidades como supervisor comercial com ensino m\u00e9dio completo.<\/p>\n<p>Operadores de telemarketing encontram 381 vagas, entre ativo e receptivo, sal\u00e1rios entre R$ 683,00 e R$ 1 mil. Necess\u00e1rio possuir ensino m\u00e9dio, que pode estar em andamento.<\/p>\n<p>A Caravana do Emprego tamb\u00e9m passar\u00e1 pelas regi\u00f5es Norte, Sul e Oeste neste m\u00eas, de acordo com o calend\u00e1rio abaixo:<\/p>\n<p><strong>Servi\u00e7o<\/strong><br \/>\nData: 4 a 8\/11<br \/>\nHor\u00e1rio: das 8h \u00e0s 17h<br \/>\nLocal: Base Comunit\u00e1ria da Policia Militar<br \/>\nEndere\u00e7o: Avenida Paranagu\u00e1, 1.840 \u2013 Ermelino Matarazzo<\/p>\n\n<div style=\"font-size: 0px; height: 0px; line-height: 0px; margin: 0; padding: 0; clear: both;\"><\/div>","protected":false},"excerpt":{"rendered":"<p>A Secretaria Municipal do Desenvolvimento, Trabalho e Empreendedorismo, (SDTE), inicia a partir de hoje (4) a Caravana do Emprego com de mais de 9 mil vagas aos trabalhadores da cidade. Atrav\u00e9s do Centro de Apoio ao Trabalho (CAT), sete unidades do CAT M\u00f3vel realizar\u00e3o servi\u00e7os de emiss\u00e3o de carteira de trabalho, habilita\u00e7\u00e3o do seguro-desemprego, formaliza\u00e7\u00e3o para microempreendedor individual, entre outros atendimentos. Para o Secret\u00e1rio Municipal do Desenvolvimento, Trabalho e Empreendedorismo, Eliseu Gabriel, a Caravana do Emprego viabiliza os servi\u00e7os do CAT aos mun\u00edcipes e facilita o acesso ao emprego. \u201cH\u00e1 um esfor\u00e7o de nossos t\u00e9cnicos para aprimorar os servi\u00e7os e <\/p>\n","protected":false},"author":1,"featured_media":0,"comment_status":"open","ping_status":"closed","sticky":false,"template":"","format":"standard","meta":{"footnotes":""},"categories":[6],"tags":[],"class_list":["post-2011","post","type-post","status-publish","format-standard","hentry","category-noticias-em-ermelino-matarazzo"],"aioseo_notices":[],"_links":{"self":[{"href":"https:\/\/www.encontraermelinomatarazzo.com.br\/sobre\/wp-json\/wp\/v2\/posts\/2011","targetHints":{"allow":["GET"]}}],"collection":[{"href":"https:\/\/www.encontraermelinomatarazzo.com.br\/sobre\/wp-json\/wp\/v2\/posts"}],"about":[{"href":"https:\/\/www.encontraermelinomatarazzo.com.br\/sobre\/wp-json\/wp\/v2\/types\/post"}],"author":[{"embeddable":true,"href":"https:\/\/www.encontraermelinomatarazzo.com.br\/sobre\/wp-json\/wp\/v2\/users\/1"}],"replies":[{"embeddable":true,"href":"https:\/\/www.encontraermelinomatarazzo.com.br\/sobre\/wp-json\/wp\/v2\/comments?post=2011"}],"version-history":[{"count":0,"href":"https:\/\/www.encontraermelinomatarazzo.com.br\/sobre\/wp-json\/wp\/v2\/posts\/2011\/revisions"}],"wp:attachment":[{"href":"https:\/\/www.encontraermelinomatarazzo.com.br\/sobre\/wp-json\/wp\/v2\/media?parent=2011"}],"wp:term":[{"taxonomy":"category","embeddable":true,"href":"https:\/\/www.encontraermelinomatarazzo.com.br\/sobre\/wp-json\/wp\/v2\/categories?post=2011"},{"taxonomy":"post_tag","embeddable":true,"href":"https:\/\/www.encontraermelinomatarazzo.com.br\/sobre\/wp-json\/wp\/v2\/tags?post=2011"}],"curies":[{"name":"wp","href":"https:\/\/api.w.org\/{rel}","templated":true}]}}