{"id":202,"date":"2011-09-14T17:43:43","date_gmt":"2011-09-14T19:43:43","guid":{"rendered":"http:\/\/www.encontraermelinomatarazzo.com.br\/noticias\/?p=202"},"modified":"2019-04-29T17:15:15","modified_gmt":"2019-04-29T19:15:15","slug":"virada-esportiva-em-ermelino-matarazzo","status":"publish","type":"post","link":"https:\/\/www.encontraermelinomatarazzo.com.br\/sobre\/virada-esportiva-em-ermelino-matarazzo\/","title":{"rendered":"Virada Esportiva em Ermelino Matarazzo"},"content":{"rendered":"<div class=\"582a572a76647b318fccfc02422c37de\" data-index=\"1\" style=\"float: none; margin:0px;\">\n<!-- Anuncio display - global -->\r\n<ins class=\"adsbygoogle\"\r\n     style=\"display:block\"\r\n     data-ad-client=\"ca-pub-8585364105181520\"\r\n     data-ad-slot=\"8789329856\"\r\n     data-ad-format=\"auto\"\r\n     data-full-width-responsive=\"true\"><\/ins>\r\n<script>\r\n     (adsbygoogle = window.adsbygoogle || []).push({});\r\n<\/script>\n<\/div>\n<p>Prepare-se para a maior jornada de atividades f\u00edsicas do Brasil. A 5\u00aa  edi\u00e7\u00e3o da Virada Esportiva vai mexer ainda mais com a cidade de S\u00e3o  Paulo.<\/p>\n<p>O objetivo da Virada Esportiva \u00e9 oferecer um evento com melhor  qualidade para a popula\u00e7\u00e3o e levar o esporte para todas as regi\u00f5es da  cidade, priorizando sempre a periferia. Ser\u00e3o mais de 1000 pontos de  atividades.<br \/>\nNos dias 17 e 18 de setembro das 10h00 \u00e0s 18h00, o Parque Linear  Francisco Menegollo, localizado na Rua Prof\u00ba Antonio de Castro Lopes, se  transformar\u00e1 no centro das atividades f\u00edsicas, esportivas e de lazer,  al\u00e9m das atividades que acontecer\u00e3o nos Clubes da Comunidade, pra\u00e7as e  Ruas de Lazer.<\/p>\n<p>Grande incentivador das pr\u00e1ticas esportivas, o Subprefeito n\u00e3o tem  economizado esfor\u00e7os para levar o evento para todos os equipamentos  esportivos dos bairros guia de Ermelino Matarazzo e Ponte Rasa.<\/p>\n<p>&#8220;A Virada Esportiva \u00e9 participativa.N\u00f3s queremos que a comunidade  saia do sedentarismo e venha praticar alguma atividade esportiva&#8221;, disse  o Subprefeito.<\/p>\n<p>A Virada Esportiva \u00e9 uma iniciativa da Prefeitura de S\u00e3o Paulo e  coordenada pela Secretaria Municipal de Esportes, Lazer e Recrea\u00e7\u00e3o<\/p>\n<p>Programa\u00e7\u00e3o:<br \/>\nV\u00f4lei e futebol de rua;<br \/>\nFutsal e Atletismo;<br \/>\nRecrea\u00e7\u00e3o infantil;<br \/>\nPiscina de bolinhas, pula \u2013pula;<br \/>\nXadrez, dama, frescobol;<br \/>\nGin\u00e1stica e dan\u00e7a;<br \/>\nEduca\u00e7\u00e3o ambiental, entre outras atividades.<\/p>\n<p>Participe, Traga sua fam\u00edlia e seus amigos!<\/p>\n<p><em>Fonte: Prefeitura de S. Paulo<\/em><\/p>\n\n<div style=\"font-size: 0px; height: 0px; line-height: 0px; margin: 0; padding: 0; clear: both;\"><\/div>","protected":false},"excerpt":{"rendered":"<p>Prepare-se para a maior jornada de atividades f\u00edsicas do Brasil. A 5\u00aa edi\u00e7\u00e3o da Virada Esportiva vai mexer ainda mais com a cidade de S\u00e3o Paulo. O objetivo da Virada Esportiva \u00e9 oferecer um evento com melhor qualidade para a popula\u00e7\u00e3o e levar o esporte para todas as regi\u00f5es da cidade, priorizando sempre a periferia. Ser\u00e3o mais de 1000 pontos de atividades. Nos dias 17 e 18 de setembro das 10h00 \u00e0s 18h00, o Parque Linear Francisco Menegollo, localizado na Rua Prof\u00ba Antonio de Castro Lopes, se transformar\u00e1 no centro das atividades f\u00edsicas, esportivas e de lazer, al\u00e9m das atividades <\/p>\n","protected":false},"author":1,"featured_media":0,"comment_status":"open","ping_status":"closed","sticky":false,"template":"","format":"standard","meta":{"footnotes":""},"categories":[6],"tags":[],"class_list":["post-202","post","type-post","status-publish","format-standard","hentry","category-noticias-em-ermelino-matarazzo"],"aioseo_notices":[],"_links":{"self":[{"href":"https:\/\/www.encontraermelinomatarazzo.com.br\/sobre\/wp-json\/wp\/v2\/posts\/202","targetHints":{"allow":["GET"]}}],"collection":[{"href":"https:\/\/www.encontraermelinomatarazzo.com.br\/sobre\/wp-json\/wp\/v2\/posts"}],"about":[{"href":"https:\/\/www.encontraermelinomatarazzo.com.br\/sobre\/wp-json\/wp\/v2\/types\/post"}],"author":[{"embeddable":true,"href":"https:\/\/www.encontraermelinomatarazzo.com.br\/sobre\/wp-json\/wp\/v2\/users\/1"}],"replies":[{"embeddable":true,"href":"https:\/\/www.encontraermelinomatarazzo.com.br\/sobre\/wp-json\/wp\/v2\/comments?post=202"}],"version-history":[{"count":0,"href":"https:\/\/www.encontraermelinomatarazzo.com.br\/sobre\/wp-json\/wp\/v2\/posts\/202\/revisions"}],"wp:attachment":[{"href":"https:\/\/www.encontraermelinomatarazzo.com.br\/sobre\/wp-json\/wp\/v2\/media?parent=202"}],"wp:term":[{"taxonomy":"category","embeddable":true,"href":"https:\/\/www.encontraermelinomatarazzo.com.br\/sobre\/wp-json\/wp\/v2\/categories?post=202"},{"taxonomy":"post_tag","embeddable":true,"href":"https:\/\/www.encontraermelinomatarazzo.com.br\/sobre\/wp-json\/wp\/v2\/tags?post=202"}],"curies":[{"name":"wp","href":"https:\/\/api.w.org\/{rel}","templated":true}]}}