{"id":210,"date":"2011-09-20T15:34:16","date_gmt":"2011-09-20T17:34:16","guid":{"rendered":"http:\/\/www.encontraermelinomatarazzo.com.br\/noticias\/?p=210"},"modified":"2019-04-29T17:15:15","modified_gmt":"2019-04-29T19:15:15","slug":"virada-esportiva-em-ermelino-matarazzo-reuniu-participantes-de-tres-a-70-anos","status":"publish","type":"post","link":"https:\/\/www.encontraermelinomatarazzo.com.br\/sobre\/virada-esportiva-em-ermelino-matarazzo-reuniu-participantes-de-tres-a-70-anos\/","title":{"rendered":"Virada Esportiva em Ermelino Matarazzo reuniu participantes de tr\u00eas a 70 anos"},"content":{"rendered":"<div class=\"582a572a76647b318fccfc02422c37de\" data-index=\"1\" style=\"float: none; margin:0px;\">\n<!-- Anuncio display - global -->\r\n<ins class=\"adsbygoogle\"\r\n     style=\"display:block\"\r\n     data-ad-client=\"ca-pub-8585364105181520\"\r\n     data-ad-slot=\"8789329856\"\r\n     data-ad-format=\"auto\"\r\n     data-full-width-responsive=\"true\"><\/ins>\r\n<script>\r\n     (adsbygoogle = window.adsbygoogle || []).push({});\r\n<\/script>\n<\/div>\n<p>Entre o s\u00e1bado (17) e o domingo (18), a popula\u00e7\u00e3o Ermelinense  participou da programa\u00e7\u00e3o gratuita da 5\u00aa edi\u00e7\u00e3o da Virada Esportiva.<\/p>\n<p>O dia bonito com muito sol, ajudou para o sucesso do evento. A Virada  Esportiva consolidou-se como um dos maiores eventos do pa\u00eds, com o  comparecimento de mais de 3,5 de milh\u00f5es de pessoas.<\/p>\n<p>Em Encontra Ermelino Matarazzo e Ponte Rasa o evento aconteceu em v\u00e1rios  locais: nas Ruas de Lazer, nos CDCs e no Parque Linear Francisco  Menegollo.<\/p>\n<p>Na Pra\u00e7a Benedicto Ramos Rodrigues, com o apoio da Defesa Civil, foram montadas v\u00e1rias tendas onde as crian\u00e7as participaram de atividades l\u00fadicas, com montagens de quebra cabe\u00e7as, pinturas e desenhos.<\/p>\n<p>Foi instalada uma rede para a pr\u00e1tica do voleibol de rua e, pequenos gols para a pr\u00e1tica do futebol de rua.<\/p>\n<p>Na tenda da dan\u00e7a, apresentaram-se os grupos de ballet da Escola Estadual Irm\u00e3 Anete e do Instituto Ink, ambos do Jardim Keralux.<\/p>\n<p>O karate tamb\u00e9m teve o seu espa\u00e7o com a participa\u00e7\u00e3o da Academia Nova Ermelino, que realizou uma apresenta\u00e7\u00e3o dos seus alunos.<\/p>\n<p>O Grupo de Capoeira da Associa\u00e7\u00e3o Poder Negro realizou uma apresenta\u00e7\u00e3o que foi uma das mais concorridas.<\/p>\n<p>Na tenda da Skill, crian\u00e7as de zero a 7 anos praticaram atividades  l\u00fadicas e motoras, como a montagem de quebra cabe\u00e7as, desenhos e  pinturas.<\/p>\n<p>A Virada Esportiva \u00e9 um evento democr\u00e1tico que tem por objetivo  incentivar a pr\u00e1tica de atividades esportivas, de lazer e da Cultura da  Paz.<\/p>\n<p><em>Fonte: Prefeitura de S. Paulo<\/em><\/p>\n\n<div style=\"font-size: 0px; height: 0px; line-height: 0px; margin: 0; padding: 0; clear: both;\"><\/div>","protected":false},"excerpt":{"rendered":"<p>Entre o s\u00e1bado (17) e o domingo (18), a popula\u00e7\u00e3o Ermelinense participou da programa\u00e7\u00e3o gratuita da 5\u00aa edi\u00e7\u00e3o da Virada Esportiva. O dia bonito com muito sol, ajudou para o sucesso do evento. A Virada Esportiva consolidou-se como um dos maiores eventos do pa\u00eds, com o comparecimento de mais de 3,5 de milh\u00f5es de pessoas. Em Encontra Ermelino Matarazzo e Ponte Rasa o evento aconteceu em v\u00e1rios locais: nas Ruas de Lazer, nos CDCs e no Parque Linear Francisco Menegollo. Na Pra\u00e7a Benedicto Ramos Rodrigues, com o apoio da Defesa Civil, foram montadas v\u00e1rias tendas onde as crian\u00e7as participaram de <\/p>\n","protected":false},"author":1,"featured_media":0,"comment_status":"open","ping_status":"closed","sticky":false,"template":"","format":"standard","meta":{"footnotes":""},"categories":[6],"tags":[],"class_list":["post-210","post","type-post","status-publish","format-standard","hentry","category-noticias-em-ermelino-matarazzo"],"aioseo_notices":[],"_links":{"self":[{"href":"https:\/\/www.encontraermelinomatarazzo.com.br\/sobre\/wp-json\/wp\/v2\/posts\/210","targetHints":{"allow":["GET"]}}],"collection":[{"href":"https:\/\/www.encontraermelinomatarazzo.com.br\/sobre\/wp-json\/wp\/v2\/posts"}],"about":[{"href":"https:\/\/www.encontraermelinomatarazzo.com.br\/sobre\/wp-json\/wp\/v2\/types\/post"}],"author":[{"embeddable":true,"href":"https:\/\/www.encontraermelinomatarazzo.com.br\/sobre\/wp-json\/wp\/v2\/users\/1"}],"replies":[{"embeddable":true,"href":"https:\/\/www.encontraermelinomatarazzo.com.br\/sobre\/wp-json\/wp\/v2\/comments?post=210"}],"version-history":[{"count":0,"href":"https:\/\/www.encontraermelinomatarazzo.com.br\/sobre\/wp-json\/wp\/v2\/posts\/210\/revisions"}],"wp:attachment":[{"href":"https:\/\/www.encontraermelinomatarazzo.com.br\/sobre\/wp-json\/wp\/v2\/media?parent=210"}],"wp:term":[{"taxonomy":"category","embeddable":true,"href":"https:\/\/www.encontraermelinomatarazzo.com.br\/sobre\/wp-json\/wp\/v2\/categories?post=210"},{"taxonomy":"post_tag","embeddable":true,"href":"https:\/\/www.encontraermelinomatarazzo.com.br\/sobre\/wp-json\/wp\/v2\/tags?post=210"}],"curies":[{"name":"wp","href":"https:\/\/api.w.org\/{rel}","templated":true}]}}