{"id":2132,"date":"2025-11-03T09:46:00","date_gmt":"2025-11-03T11:46:00","guid":{"rendered":"https:\/\/www.encontraermelinomatarazzo.com.br\/sobre\/reuniao-com-pedro-ribeiro\/"},"modified":"2025-11-03T09:46:00","modified_gmt":"2025-11-03T11:46:00","slug":"reuniao-com-pedro-ribeiro","status":"publish","type":"post","link":"https:\/\/www.encontraermelinomatarazzo.com.br\/sobre\/reuniao-com-pedro-ribeiro\/","title":{"rendered":"Reuni\u00e3o com Pedro Ribeiro"},"content":{"rendered":"<div class=\"582a572a76647b318fccfc02422c37de\" data-index=\"1\" style=\"float: none; margin:0px;\">\n<!-- Anuncio display - global -->\r\n<ins class=\"adsbygoogle\"\r\n     style=\"display:block\"\r\n     data-ad-client=\"ca-pub-8585364105181520\"\r\n     data-ad-slot=\"8789329856\"\r\n     data-ad-format=\"auto\"\r\n     data-full-width-responsive=\"true\"><\/ins>\r\n<script>\r\n     (adsbygoogle = window.adsbygoogle || []).push({});\r\n<\/script>\n<\/div>\n<h2>O que \u00e9 a Chefia de Gabinete?<\/h2>\n<p>A Chefia de Gabinete \u00e9 uma institui\u00e7\u00e3o essencial dentro da administra\u00e7\u00e3o p\u00fablica. Sua fun\u00e7\u00e3o principal \u00e9 auxiliar o chefe do executivo na gest\u00e3o e organiza\u00e7\u00e3o das atividades do governo. Isso inclui a coordena\u00e7\u00e3o de agendas, a articula\u00e7\u00e3o entre diferentes secretarias e a comunica\u00e7\u00e3o com o p\u00fablico. Assim, a Chefia de Gabinete desempenha um papel crucial na implementa\u00e7\u00e3o de pol\u00edticas e na execu\u00e7\u00e3o de programas governamentais.<\/p>\n<p>O titular da Chefia de Gabinete atua como um intermedi\u00e1rio, facilitando a comunica\u00e7\u00e3o entre o prefeito ou governador e as diversas \u00e1reas da administra\u00e7\u00e3o. Esse papel se torna ainda mais importante em momentos de crise ou mudan\u00e7a, onde a agilidade na tomada de decis\u00f5es \u00e9 imprescind\u00edvel.<\/p>\n<h2>Import\u00e2ncia das Reuni\u00f5es Internas<\/h2>\n<p>As reuni\u00f5es internas organizadas pela Chefia de Gabinete s\u00e3o fundamentais para a boa gest\u00e3o. Elas servem para alinhar os objetivos das diversas secretarias e permitir a troca de informa\u00e7\u00f5es entre os setores. Durante essas reuni\u00f5es, s\u00e3o discutidas estrat\u00e9gias, atualiza\u00e7\u00f5es sobre projetos em andamento e, principalmente, a aloca\u00e7\u00e3o de recursos.<\/p>\n<p>Esses encontros fortalecem a comunica\u00e7\u00e3o interna e garantem que todos os membros da equipe executiva estejam na mesma p\u00e1gina. Al\u00e9m disso, reuni\u00f5es bem planejadas e executadas podem resultar em solu\u00e7\u00f5es mais criativas para os problemas enfrentados pelo governo.<\/p>\n<h2>Quem \u00e9 Pedro Ribeiro?<\/h2>\n<p>Pedro Ribeiro \u00e9 um nome conhecido na esfera p\u00fablica, tendo atuado em diversas fun\u00e7\u00f5es ao longo de sua carreira. Com uma forma\u00e7\u00e3o s\u00f3lida em administra\u00e7\u00e3o p\u00fablica e experi\u00eancia em gest\u00e3o, Pedro foi escolhido como Chefe de Gabinete devido \u00e0 sua vis\u00e3o estrat\u00e9gica e capacidade de lideran\u00e7a.<\/p>\n<p>Com um enfoque em transpar\u00eancia e efici\u00eancia, Pedro busca modernizar a Chefia de Gabinete, integrando tecnologia e pr\u00e1ticas modernas de gest\u00e3o. Ele tem se destacado por promover um ambiente de trabalho colaborativo, valorizando a participa\u00e7\u00e3o de todos os envolvidos nas decis\u00f5es administrativas.<\/p>\n<h2>Principais T\u00f3picos da Reuni\u00e3o<\/h2>\n<p>A reuni\u00e3o com Pedro Ribeiro abordou diversos t\u00f3picos relevantes para a administra\u00e7\u00e3o p\u00fablica. Entre os principais pontos discutidos, destacam-se:<\/p>\n<ul>\n<li><strong>Atualiza\u00e7\u00e3o de Projetos:<\/strong> Acompanhamento do andamento de projetos em execu\u00e7\u00e3o e a identifica\u00e7\u00e3o de obst\u00e1culos.<\/li>\n<li><strong>Demandas da Comunidade:<\/strong> Discuss\u00e3o sobre as necessidades da popula\u00e7\u00e3o e como a administra\u00e7\u00e3o pode atend\u00ea-las.<\/li>\n<li><strong>Integra\u00e7\u00e3o entre Secretarias:<\/strong> Estrat\u00e9gias para melhorar a colabora\u00e7\u00e3o entre diferentes \u00e1reas do governo.<\/li>\n<li><strong>Inova\u00e7\u00f5es Tecnol\u00f3gicas:<\/strong> Implementa\u00e7\u00e3o de novas ferramentas para otimizar a comunica\u00e7\u00e3o e os processos administrativos.<\/li>\n<li><strong>Avalia\u00e7\u00e3o de Recursos:<\/strong> An\u00e1lise da aloca\u00e7\u00e3o or\u00e7ament\u00e1ria e identifica\u00e7\u00e3o de possibilidades de cortes ou investimentos.<\/li>\n<\/ul>\n<h2>Demandas da Subprefeitura<\/h2>\n<p>Durante a reuni\u00e3o, um dos pontos cr\u00edticos discutidos foram as demandas espec\u00edficas das subprefeituras. Essas solicita\u00e7\u00f5es variam de acordo com a realidade de cada regi\u00e3o, mas algumas demandas comuns incluem:<\/p>\n<ul>\n<li><strong>Infraestrutura:<\/strong> Melhorias em ruas, pra\u00e7as e espa\u00e7os p\u00fablicos.<\/li>\n<li><strong>Servi\u00e7os B\u00e1sicos:<\/strong> Efici\u00eancia no fornecimento de \u00e1gua, luz e coleta de lixo.<\/li>\n<li><strong>Seguran\u00e7a:<\/strong> Implementa\u00e7\u00e3o de a\u00e7\u00f5es que visem aumentar a seguran\u00e7a p\u00fablica nas comunidades.<\/li>\n<li><strong>Educa\u00e7\u00e3o:<\/strong> Necessidades em escolas e centros de educa\u00e7\u00e3o infantil.<\/li>\n<li><strong>Sa\u00fade:<\/strong> Refor\u00e7os nas unidades de sa\u00fade para atendimento \u00e0 popula\u00e7\u00e3o.<\/li>\n<\/ul>\n<h2>Impacto na Comunidade Local<\/h2>\n<p>As decis\u00f5es tomadas em reuni\u00f5es como a de Pedro Ribeiro t\u00eam um impacto direto na vida da popula\u00e7\u00e3o. Projetos bem implementados podem levar a melhorias significativas na qualidade de vida dos cidad\u00e3os. Por exemplo:<\/p>\n<ul>\n<li><strong>Mobilidade Urbana:<\/strong> Melhorias nas vias e transporte p\u00fablico aumentam a acessibilidade.<\/li>\n<li><strong>Qualidade Ambiental:<\/strong> Projetos de preserva\u00e7\u00e3o e limpeza de \u00e1reas verdes favorecem a sa\u00fade p\u00fablica.<\/li>\n<li><strong>Desenvolvimento Econ\u00f4mico:<\/strong> Iniciativas que apoiam pequenos neg\u00f3cios podem gerar empregos e renda.<\/li>\n<li><strong>Seguran\u00e7a P\u00fablica:<\/strong> A\u00e7\u00f5es integradas entre diversas secretarias podem resultar em uma cidade mais segura.<\/li>\n<\/ul>\n<h2>Pr\u00f3ximos Passos Ap\u00f3s a Reuni\u00e3o<\/h2>\n<p>Ap\u00f3s a reuni\u00e3o com Pedro Ribeiro, uma s\u00e9rie de passos devem ser seguidos para garantir que as decis\u00f5es tomadas sejam implementadas de forma efectiva:<\/p>\n<ul>\n<li><strong>Registro das Decis\u00f5es:<\/strong> Documentar todos os pontos discutidos e decis\u00f5es tomadas.<\/li>\n<li><strong>Designa\u00e7\u00e3o de Respons\u00e1veis:<\/strong> Atribuir cada tarefa a um respons\u00e1vel espec\u00edfico dentro das secretarias.<\/li>\n<li><strong>Estabelecer Prazos:<\/strong> Definir cronogramas para a execu\u00e7\u00e3o de cada a\u00e7\u00e3o acordada.<\/li>\n<li><strong>Acompanhamento:<\/strong> Criar um calend\u00e1rio de reuni\u00f5es regulares para monitorar o progresso das a\u00e7\u00f5es.<\/li>\n<li><strong>Feedback da Comunidade:<\/strong> Coletar opini\u00f5es da popula\u00e7\u00e3o sobre as iniciativas implementadas.<\/li>\n<\/ul>\n<h2>Como Participar das Reuni\u00f5es<\/h2>\n<p>A participa\u00e7\u00e3o da comunidade nas reuni\u00f5es e encontros promovidos pela Chefia de Gabinete \u00e9 fundamental para garantir uma gest\u00e3o democr\u00e1tica. Existem diversas maneiras de se envolver:<\/p>\n<ul>\n<li><strong>Inscri\u00e7\u00e3o em Boletins:<\/strong> Muitas vezes, as informa\u00e7\u00f5es sobre reuni\u00f5es s\u00e3o divulgadas em boletins informativos.<\/li>\n<li><strong>Intera\u00e7\u00e3o nas Redes Sociais:<\/strong> Acompanhe as redes sociais da Chefia de Gabinete para atualiza\u00e7\u00f5es e convites.<\/li>\n<li><strong>Atividades Comunit\u00e1rias:<\/strong> Participar de eventos locais onde as autoridades estejam presentes.<\/li>\n<li><strong>Formul\u00e1rios de Sugest\u00e3o:<\/strong> Muitas administra\u00e7\u00f5es disponibilizam canais de comunica\u00e7\u00e3o direta para a popula\u00e7\u00e3o.<\/li>\n<li><strong>Contrata\u00e7\u00e3o de Conselheiros:<\/strong> Em alguns casos, a participa\u00e7\u00e3o em conselhos e comit\u00eas pode abrir portas para mais envolvimento.<\/li>\n<\/ul>\n<h2>Legisla\u00e7\u00e3o e Gest\u00e3o P\u00fablica<\/h2>\n<p>A compreens\u00e3o da legisla\u00e7\u00e3o que rege a administra\u00e7\u00e3o p\u00fablica \u00e9 vital para uma gest\u00e3o eficaz. Durante a reuni\u00e3o, foram discutidos aspectos da legisla\u00e7\u00e3o pertinente, tais como:<\/p>\n<ul>\n<li><strong>Constitui\u00e7\u00e3o Federal:<\/strong> Diretrizes gerais sobre a administra\u00e7\u00e3o p\u00fablica e direitos do cidad\u00e3o.<\/li>\n<li><strong>Leis de Acesso \u00e0 Informa\u00e7\u00e3o:<\/strong> Garantia de transpar\u00eancia nas a\u00e7\u00f5es do governo.<\/li>\n<li><strong>Legisla\u00e7\u00f5es Municipais:<\/strong> Normas espec\u00edficas que afetam a opera\u00e7\u00e3o das subprefeituras.<\/li>\n<li><strong>Contratos e Licita\u00e7\u00f5es:<\/strong> Regras sobre como a administra\u00e7\u00e3o deve conduzir compras e contrata\u00e7\u00f5es.<\/li>\n<li><strong>Direitos Humanos:<\/strong> Considera\u00e7\u00f5es sobre como as pol\u00edticas p\u00fablicas devem respeitar e promover os direitos humanos.<\/li>\n<\/ul>\n<h2>Acessibilidade nas Reuni\u00f5es<\/h2>\n<p>A acessibilidade \u00e9 um tema crucial nas reuni\u00f5es da Chefia de Gabinete. \u00c9 fundamental que todos os cidad\u00e3os tenham a oportunidade de participar, independentemente de suas limita\u00e7\u00f5es. Algumas a\u00e7\u00f5es que podem ser tomadas incluem:<\/p>\n<ul>\n<li><strong>Espa\u00e7os Acess\u00edveis:<\/strong> Garantir que todos os locais de reuni\u00e3o sejam acess\u00edveis para pessoas com defici\u00eancia.<\/li>\n<li><strong>Recursos de Tradu\u00e7\u00e3o:<\/strong> Oferecer interpreta\u00e7\u00e3o de linguagem de sinais quando necess\u00e1rio.<\/li>\n<li><strong>Materiais Em Formatos Diversos:<\/strong> Distribuir materiais informativos em formatos acess\u00edveis a todos, como braile ou \u00e1udio.<\/li>\n<li><strong>Op\u00e7\u00f5es de Participa\u00e7\u00e3o Virtual:<\/strong> Permitir que os cidad\u00e3os participem das reuni\u00f5es online se n\u00e3o puderem comparecer fisicamente.<\/li>\n<li><strong>Feedback Cont\u00ednuo:<\/strong> Criar mecanismos para que as pessoas possam sugerir melhorias nas pr\u00e1ticas de acessibilidade.<\/li>\n<\/ul>\n\n<div style=\"font-size: 0px; height: 0px; line-height: 0px; margin: 0; padding: 0; clear: both;\"><\/div>","protected":false},"excerpt":{"rendered":"<p>Reuni\u00e3o com Pedro Ribeiro traz insights sobre a Chefia de Gabinete.<\/p>\n","protected":false},"author":1,"featured_media":2131,"comment_status":"open","ping_status":"closed","sticky":false,"template":"","format":"standard","meta":{"footnotes":""},"categories":[6],"tags":[],"class_list":["post-2132","post","type-post","status-publish","format-standard","has-post-thumbnail","hentry","category-noticias-em-ermelino-matarazzo","has_thumb"],"aioseo_notices":[],"_links":{"self":[{"href":"https:\/\/www.encontraermelinomatarazzo.com.br\/sobre\/wp-json\/wp\/v2\/posts\/2132","targetHints":{"allow":["GET"]}}],"collection":[{"href":"https:\/\/www.encontraermelinomatarazzo.com.br\/sobre\/wp-json\/wp\/v2\/posts"}],"about":[{"href":"https:\/\/www.encontraermelinomatarazzo.com.br\/sobre\/wp-json\/wp\/v2\/types\/post"}],"author":[{"embeddable":true,"href":"https:\/\/www.encontraermelinomatarazzo.com.br\/sobre\/wp-json\/wp\/v2\/users\/1"}],"replies":[{"embeddable":true,"href":"https:\/\/www.encontraermelinomatarazzo.com.br\/sobre\/wp-json\/wp\/v2\/comments?post=2132"}],"version-history":[{"count":0,"href":"https:\/\/www.encontraermelinomatarazzo.com.br\/sobre\/wp-json\/wp\/v2\/posts\/2132\/revisions"}],"wp:featuredmedia":[{"embeddable":true,"href":"https:\/\/www.encontraermelinomatarazzo.com.br\/sobre\/wp-json\/wp\/v2\/media\/2131"}],"wp:attachment":[{"href":"https:\/\/www.encontraermelinomatarazzo.com.br\/sobre\/wp-json\/wp\/v2\/media?parent=2132"}],"wp:term":[{"taxonomy":"category","embeddable":true,"href":"https:\/\/www.encontraermelinomatarazzo.com.br\/sobre\/wp-json\/wp\/v2\/categories?post=2132"},{"taxonomy":"post_tag","embeddable":true,"href":"https:\/\/www.encontraermelinomatarazzo.com.br\/sobre\/wp-json\/wp\/v2\/tags?post=2132"}],"curies":[{"name":"wp","href":"https:\/\/api.w.org\/{rel}","templated":true}]}}