{"id":2146,"date":"2025-11-06T13:04:00","date_gmt":"2025-11-06T15:04:00","guid":{"rendered":"https:\/\/www.encontraermelinomatarazzo.com.br\/sobre\/padre-ticao-ganha-mural-de-420-m%c2%b2-e-ceu-com-seu-nome-na-zona-leste-de-sp\/"},"modified":"2025-11-06T13:04:00","modified_gmt":"2025-11-06T15:04:00","slug":"padre-ticao-ganha-mural-de-420-m%c2%b2-e-ceu-com-seu-nome-na-zona-leste-de-sp","status":"publish","type":"post","link":"https:\/\/www.encontraermelinomatarazzo.com.br\/sobre\/padre-ticao-ganha-mural-de-420-m%c2%b2-e-ceu-com-seu-nome-na-zona-leste-de-sp\/","title":{"rendered":"Padre Tic\u00e3o ganha mural de 420 m\u00b2 e CEU com seu nome na Zona Leste de SP"},"content":{"rendered":"<div class=\"582a572a76647b318fccfc02422c37de\" data-index=\"1\" style=\"float: none; margin:0px;\">\n<!-- Anuncio display - global -->\r\n<ins class=\"adsbygoogle\"\r\n     style=\"display:block\"\r\n     data-ad-client=\"ca-pub-8585364105181520\"\r\n     data-ad-slot=\"8789329856\"\r\n     data-ad-format=\"auto\"\r\n     data-full-width-responsive=\"true\"><\/ins>\r\n<script>\r\n     (adsbygoogle = window.adsbygoogle || []).push({});\r\n<\/script>\n<\/div>\n<h2>O Legado de Padre Tic\u00e3o<\/h2>\n<p>Padre Tic\u00e3o \u00e9 um nome que ressoa na hist\u00f3ria da Zona Leste de S\u00e3o Paulo, especialmente por seu trabalho com a comunidade de Ermelino Matarazzo. Desde a sua chegada \u00e0 par\u00f3quia local, o padre se destacou por suas a\u00e7\u00f5es voltadas para o bem-estar social e a promo\u00e7\u00e3o da justi\u00e7a. Ele se tornou um defensor ardoroso dos direitos dos marginalizados e vulner\u00e1veis, utilizando sua plataforma religiosa para inspirar mudan\u00e7as significativas.<\/p>\n<p>O legado de Padre Tic\u00e3o vai al\u00e9m do aspecto espiritual. Ele construiu uma reputa\u00e7\u00e3o como l\u00edder comunit\u00e1rio, sempre envolvido em causas sociais. Muitas pessoas na comunidade expressam admira\u00e7\u00e3o por seu compromisso genu\u00edno em ajudar os necessitados. Isso resultou em diversas iniciativas que visam melhorar as condi\u00e7\u00f5es de vida local e promover a inclus\u00e3o social.<\/p>\n<h2>A Arte como Ferramenta de Ativismo<\/h2>\n<p>Em Ermelino Matarazzo, a arte tornou-se uma ferramenta poderosa de ativismo e uma forma de express\u00e3o cultural promovida por Padre Tic\u00e3o. O padre sempre acreditou que a arte tem o poder de criar consci\u00eancia, provocar di\u00e1logos e transformar mentalidades. Ele incentivou a utiliza\u00e7\u00e3o de murais e outras formas de arte visual como meio de conscientiza\u00e7\u00e3o sobre assuntos sociais relevantes.<\/p>\n<p>Os murais, em particular, se tornaram uma forma de engajamento comunit\u00e1rio. Atrav\u00e9s da colabora\u00e7\u00e3o com artistas locais, Padre Tic\u00e3o promoveu projetos que refletem as lutas e aspira\u00e7\u00f5es da popula\u00e7\u00e3o da Zona Leste. Isso n\u00e3o apenas embeleza a \u00e1rea, mas tamb\u00e9m gera discuss\u00f5es sobre temas como justi\u00e7a, igualdade e direitos humanos.<\/p>\n<h2>CEU Padre Tic\u00e3o: Um Espa\u00e7o Transformador<\/h2>\n<p>O CEU (Centro Educacional Unificado) Padre Tic\u00e3o \u00e9 uma das realiza\u00e7\u00f5es mais not\u00e1veis inspiradas pelo legado do padre. Este espa\u00e7o foi criado para oferecer educa\u00e7\u00e3o, cultura e lazer \u00e0 popula\u00e7\u00e3o local. Inaugurado em 2016, o CEU rapidamente se tornou um ponto de encontro para diversos grupos comunit\u00e1rios e uma plataforma para uma variedade de atividades.<\/p>\n<p>No CEU, as pessoas t\u00eam acesso a cursos, atividades esportivas, e eventos culturais. O espa\u00e7o promove um ambiente de aprendizado cont\u00ednuo e inclus\u00e3o. Al\u00e9m disso, o CEU Padre Tic\u00e3o oferece recursos para o desenvolvimento pessoal e social, incentivando a participa\u00e7\u00e3o ativa dos moradores na constru\u00e7\u00e3o de um futuro melhor.<\/p>\n<h2>A Cria\u00e7\u00e3o do Mural de Rafael Roque<\/h2>\n<p>Um dos projetos mais emblem\u00e1ticos realizados sob a supervis\u00e3o de Padre Tic\u00e3o foi a cria\u00e7\u00e3o de um mural de 420 m\u00b2, desenvolvido pelo artista Rafael Roque. Este mural destaca a cultura e a luta do povo da Zona Leste, trazendo \u00e0 tona as vozes muitas vezes silenciadas da comunidade. O mural n\u00e3o \u00e9 apenas uma obra de arte, mas uma express\u00e3o vibrante da identidade local.<\/p>\n<p>A iniciativa come\u00e7ou com workshops de discuss\u00e3o com a comunidade, onde os moradores puderam compartilhar suas hist\u00f3rias e vis\u00f5es. Rafael Roque teve a tarefa desafiadora de traduzir essas experi\u00eancias em arte visual, criando um mural que se desdobra em uma rica tape\u00e7aria de cores e narrativas.<\/p>\n<h2>Significado do Mural e Seus Elementos<\/h2>\n<p>O mural \u00e9 uma s\u00edntese da hist\u00f3ria da Zona Leste, incorporando elementos que representam a luta por direitos e reconhecimento. Cada detalhe foi pensado para contar uma parte da narrativa coletiva da comunidade. S\u00edmbolos de resist\u00eancia, for\u00e7a e esperan\u00e7a est\u00e3o entrela\u00e7ados na obra, criando um di\u00e1logo visual com os espectadores.<\/p>\n<p>Os elementos do mural incluem:<\/p>\n<ul>\n<li><strong>Imagens de L\u00edderes Locais:<\/strong> Retratos de figuras que lutaram pela comunidade e que inspiraram gera\u00e7\u00f5es.<\/li>\n<li><strong>Motivos Naturais:<\/strong> Plantas e animais que representam a regi\u00e3o, promovendo a valoriza\u00e7\u00e3o do meio ambiente.<\/li>\n<li><strong>A\u00e7\u00f5es Comunit\u00e1rias:<\/strong> Representa\u00e7\u00f5es de eventos e a\u00e7\u00f5es que fortalecem a uni\u00e3o e a solidariedade entre os habitantes.<\/li>\n<\/ul>\n<p>Atrav\u00e9s do mural, Padre Tic\u00e3o e Rafael Roque visam instigar um sentimento de orgulho e pertencimento entre os moradores, reafirmando que cada um tem um papel importante na constru\u00e7\u00e3o da hist\u00f3ria da Zona Leste.<\/p>\n<h2>Impacto na Comunidade de Ermelino Matarazzo<\/h2>\n<p>O mural e o CEU Padre Tic\u00e3o tiveram um impacto profundo n\u00e3o apenas na est\u00e9tica do bairro, mas tamb\u00e9m na din\u00e2mica social da comunidade. Ap\u00f3s a conclus\u00e3o do mural, muitos residentes relataram um aumento no orgulho local e um sentimento renovado de esperan\u00e7a. A arte tem o poder de unir as pessoas, e isso se manifestou claramente na Zona Leste.<\/p>\n<p>Al\u00e9m disso, o mural serve como um ponto de refer\u00eancia, atraindo visitantes e despertando interesse em iniciativas culturais e comunit\u00e1rias. O CEU e o mural se tornaram s\u00edmbolos de resist\u00eancia e transforma\u00e7\u00e3o, promovendo um espa\u00e7o onde a cultura e a educa\u00e7\u00e3o est\u00e3o ao alcance de todos.<\/p>\n<h2>Envolvimento e Desafios na Luta pela Cannabis<\/h2>\n<p>Padre Tic\u00e3o tamb\u00e9m se destacou na luta pela legaliza\u00e7\u00e3o da cannabis medicinal, um tema que gerou debates acalorados em toda a sociedade brasileira. Com uma vis\u00e3o voltada para a sa\u00fade e o bem-estar, ele assegura que a cannabis pode ser uma alternativa de tratamento para v\u00e1rias condi\u00e7\u00f5es m\u00e9dicas. Assumiu um papel ativo em conversas sobre a import\u00e2ncia da regulamenta\u00e7\u00e3o, promovendo f\u00f3runs e palestras na comunidade.<\/p>\n<p>Um dos principais desafios enfrentados nessa luta \u00e9 o preconceito em torno da cannabis. Padre Tic\u00e3o trabalha para desconstruir essa imagem negativa, apresentando casos de pessoas que tiveram suas vidas transformadas pelo uso medicinal da planta. Os educadores do CEU tamb\u00e9m ficam envolvidos, ministrando workshops e encontros para informar e educar a popula\u00e7\u00e3o sobre os benef\u00edcios e usos da cannabis.<\/p>\n<h2>A Import\u00e2ncia da Cannabis Medicinal<\/h2>\n<p>A cannabis medicinal \u00e9 reconhecida em v\u00e1rias partes do mundo como uma alternativa eficaz para o tratamento de diversas condi\u00e7\u00f5es. Isso inclui dor cr\u00f4nica, ansiedade, epilepsia e outras doen\u00e7as neurol\u00f3gicas. A luta de Padre Tic\u00e3o pela legaliza\u00e7\u00e3o \u00e9 fundamentada em evid\u00eancias cient\u00edficas que suportam o uso da planta para tratar problemas de sa\u00fade.<\/p>\n<p>A legaliza\u00e7\u00e3o n\u00e3o s\u00f3 beneficiaria pacientes, mas tamb\u00e9m impactaria a economia local atrav\u00e9s da cria\u00e7\u00e3o de empregos e oportunidades de neg\u00f3cios. Atrav\u00e9s de uma abordagem informada, Padre Tic\u00e3o busca mostrar aos cidad\u00e3os que a cannabis pode ser um recurso valioso para o sistema de sa\u00fade do Brasil.<\/p>\n<h2>Padre Tic\u00e3o e a Educa\u00e7\u00e3o para a Sa\u00fade<\/h2>\n<p>Educar a popula\u00e7\u00e3o sobre sa\u00fade \u00e9 uma das prioridades de Padre Tic\u00e3o. Ele acredita que o conhecimento \u00e9 empoderador, e que a informa\u00e7\u00e3o correta pode mudar a vida das pessoas. Atrav\u00e9s do CEU, ele implementou programas educacionais que abrangem temas saud\u00e1veis, incluindo nutri\u00e7\u00e3o, sa\u00fade mental e o uso respons\u00e1vel de subst\u00e2ncias.<\/p>\n<p>Os workshops incluem especialistas em sa\u00fade que compartilham conhecimentos valiosos. Essa iniciativa n\u00e3o apenas melhora a conscientiza\u00e7\u00e3o sobre a sa\u00fade, mas tamb\u00e9m refor\u00e7a a import\u00e2ncia do autocuidado e da preven\u00e7\u00e3o. Os jovens, em particular, t\u00eam sido incentivados a compartilhar suas experi\u00eancias e d\u00favidas, criando um ambiente de aprendizado colaborativo.<\/p>\n<h2>Futuro da Luta pela Cannabis no Brasil<\/h2>\n<p>Embora a luta pela legaliza\u00e7\u00e3o da cannabis medicinal tenha avan\u00e7ado, ainda h\u00e1 um longo caminho pela frente. A crescente conscientiza\u00e7\u00e3o sobre os benef\u00edcios da planta, aliada ao trabalho de l\u00edderes como Padre Tic\u00e3o, est\u00e1 ajudando a moldar o futuro dessa luta no Brasil.<\/p>\n<p>O engajamento da comunidade e a mobiliza\u00e7\u00e3o social s\u00e3o cruciais para garantir que a cannabis medicinal seja reconhecida como uma op\u00e7\u00e3o vi\u00e1vel de tratamento. A esperan\u00e7a \u00e9 que, com educa\u00e7\u00e3o e articula\u00e7\u00e3o, possamos avan\u00e7ar em dire\u00e7\u00e3o a um futuro onde pacientes tenham acesso \u00e0s terapias que necessitam, sem estigmas ou barreiras.<\/p>\n\n<div style=\"font-size: 0px; height: 0px; line-height: 0px; margin: 0; padding: 0; clear: both;\"><\/div>","protected":false},"excerpt":{"rendered":"<p>Padre Tic\u00e3o ganha mural e CEU, eternizando sua luta pela cannabis medicinal.<\/p>\n","protected":false},"author":1,"featured_media":2145,"comment_status":"open","ping_status":"closed","sticky":false,"template":"","format":"standard","meta":{"footnotes":""},"categories":[6],"tags":[],"class_list":["post-2146","post","type-post","status-publish","format-standard","has-post-thumbnail","hentry","category-noticias-em-ermelino-matarazzo","has_thumb"],"aioseo_notices":[],"_links":{"self":[{"href":"https:\/\/www.encontraermelinomatarazzo.com.br\/sobre\/wp-json\/wp\/v2\/posts\/2146","targetHints":{"allow":["GET"]}}],"collection":[{"href":"https:\/\/www.encontraermelinomatarazzo.com.br\/sobre\/wp-json\/wp\/v2\/posts"}],"about":[{"href":"https:\/\/www.encontraermelinomatarazzo.com.br\/sobre\/wp-json\/wp\/v2\/types\/post"}],"author":[{"embeddable":true,"href":"https:\/\/www.encontraermelinomatarazzo.com.br\/sobre\/wp-json\/wp\/v2\/users\/1"}],"replies":[{"embeddable":true,"href":"https:\/\/www.encontraermelinomatarazzo.com.br\/sobre\/wp-json\/wp\/v2\/comments?post=2146"}],"version-history":[{"count":0,"href":"https:\/\/www.encontraermelinomatarazzo.com.br\/sobre\/wp-json\/wp\/v2\/posts\/2146\/revisions"}],"wp:featuredmedia":[{"embeddable":true,"href":"https:\/\/www.encontraermelinomatarazzo.com.br\/sobre\/wp-json\/wp\/v2\/media\/2145"}],"wp:attachment":[{"href":"https:\/\/www.encontraermelinomatarazzo.com.br\/sobre\/wp-json\/wp\/v2\/media?parent=2146"}],"wp:term":[{"taxonomy":"category","embeddable":true,"href":"https:\/\/www.encontraermelinomatarazzo.com.br\/sobre\/wp-json\/wp\/v2\/categories?post=2146"},{"taxonomy":"post_tag","embeddable":true,"href":"https:\/\/www.encontraermelinomatarazzo.com.br\/sobre\/wp-json\/wp\/v2\/tags?post=2146"}],"curies":[{"name":"wp","href":"https:\/\/api.w.org\/{rel}","templated":true}]}}