{"id":2162,"date":"2025-11-11T11:49:00","date_gmt":"2025-11-11T13:49:00","guid":{"rendered":"https:\/\/www.encontraermelinomatarazzo.com.br\/sobre\/presidente-do-pt-sao-paulo-esteve-nos-dzs-de-sao-miguel-itaim-paulista-ermelino-matarazzo-e-butanta-neste-sabado-confira\/"},"modified":"2025-11-11T11:49:00","modified_gmt":"2025-11-11T13:49:00","slug":"presidente-do-pt-sao-paulo-esteve-nos-dzs-de-sao-miguel-itaim-paulista-ermelino-matarazzo-e-butanta-neste-sabado-confira","status":"publish","type":"post","link":"https:\/\/www.encontraermelinomatarazzo.com.br\/sobre\/presidente-do-pt-sao-paulo-esteve-nos-dzs-de-sao-miguel-itaim-paulista-ermelino-matarazzo-e-butanta-neste-sabado-confira\/","title":{"rendered":"Presidente do PT S\u00e3o Paulo esteve nos DZS de S\u00e3o Miguel, Itaim Paulista, Ermelino Matarazzo e Butant\u00e3 neste s\u00e1bado. Confira!"},"content":{"rendered":"<div class=\"582a572a76647b318fccfc02422c37de\" data-index=\"1\" style=\"float: none; margin:0px;\">\n<!-- Anuncio display - global -->\r\n<ins class=\"adsbygoogle\"\r\n     style=\"display:block\"\r\n     data-ad-client=\"ca-pub-8585364105181520\"\r\n     data-ad-slot=\"8789329856\"\r\n     data-ad-format=\"auto\"\r\n     data-full-width-responsive=\"true\"><\/ins>\r\n<script>\r\n     (adsbygoogle = window.adsbygoogle || []).push({});\r\n<\/script>\n<\/div>\n<h2>Visitas a Diretores Zonais<\/h2>\n<p>O presidente do PT em S\u00e3o Paulo tem investido em visitas regulares aos diretores zonais. Essas visitas t\u00eam como objetivo fortalecer a comunica\u00e7\u00e3o entre a dire\u00e7\u00e3o estadual e as bases.<\/p>\n<p>Durante essas visitas, o presidente se re\u00fane com diretores e militantes locais para ouvir demandas e apresentar propostas. Essa intera\u00e7\u00e3o \u00e9 essencial para compreender a realidade das diferentes regi\u00f5es.<\/p>\n<p>As visitas a diretores zonais tamb\u00e9m promovem a troca de experi\u00eancias. Os diretores compartilham desafios enfrentados e boas pr\u00e1ticas. Essa intera\u00e7\u00e3o enriquece a atua\u00e7\u00e3o do partido e fomenta a colabora\u00e7\u00e3o.<\/p>\n<h2>A Import\u00e2ncia do Di\u00e1logo com a Base<\/h2>\n<p>O di\u00e1logo com a base \u00e9 uma prioridade para o presidente do PT em S\u00e3o Paulo. Essa comunica\u00e7\u00e3o aberta permite que os membros do partido sintam-se ouvidos e valorizados.<\/p>\n<p>O presidente acredita que ouvir as reivindica\u00e7\u00f5es \u00e9 fundamental para construir um PT mais forte e unido. Al\u00e9m disso, o di\u00e1logo fortalece a democracia interna do partido.<\/p>\n<p>Iniciativas como audi\u00eancias p\u00fablicas e f\u00f3runs de debate s\u00e3o promovidas para incentivar essa troca. Dessa forma, a base pode apresentar sugest\u00f5es e participar ativamente da constru\u00e7\u00e3o das pol\u00edticas do partido.<\/p>\n<h2>Fortalecendo a Milit\u00e2ncia do PT<\/h2>\n<p>O fortalecimento da milit\u00e2ncia \u00e9 uma das metas do presidente do PT em S\u00e3o Paulo. Para isso, s\u00e3o oferecidos cursos de forma\u00e7\u00e3o, treinamentos e oficinas.<\/p>\n<p>Essas atividades cont\u00eam conte\u00fados sobre a hist\u00f3ria do partido, suas lutas e a import\u00e2ncia da milit\u00e2ncia. Al\u00e9m disso, a forma\u00e7\u00e3o ajuda os militantes a se tornarem porta-vozes das causas defendidas pelo PT.<\/p>\n<p>A valoriza\u00e7\u00e3o da milit\u00e2ncia \u00e9 uma estrat\u00e9gia que visa aumentar a participa\u00e7\u00e3o nas atividades do partido. Quanto mais capacitados estiverem os militantes, mais forte ser\u00e1 a atua\u00e7\u00e3o do PT no estado.<\/p>\n<h2>Eventos e Participa\u00e7\u00f5es Recentes<\/h2>\n<p>Nos \u00faltimos meses, o presidente do PT em S\u00e3o Paulo participou de diversos eventos importantes. Entre eles, destaca-se a Confer\u00eancia Municipal do Partido, onde foram discutidas diretrizes e planos de a\u00e7\u00e3o.<\/p>\n<p>Outro evento relevante foi a Marcha da Classe Trabalhadora, que reuniu milhares de pessoas em defesa dos direitos dos trabalhadores. A presen\u00e7a do presidente foi significativa para mostrar o apoio do PT \u00e0s pautas sociais.<\/p>\n<p>Al\u00e9m disso, o partido esteve presente em debates na Assembleia Legislativa e em audi\u00eancias p\u00fablicas sobre temas relevantes para a popula\u00e7\u00e3o, demonstrando seu compromisso com a participa\u00e7\u00e3o ativa na pol\u00edtica paulista.<\/p>\n<h2>Compromisso com a Classe Trabalhadora<\/h2>\n<p>O presidente do PT em S\u00e3o Paulo reafirma seu compromisso com a classe trabalhadora. Isso se reflete em a\u00e7\u00f5es e propostas que visam melhorar as condi\u00e7\u00f5es de vida dos trabalhadores.<\/p>\n<p>O partido tem lutado por pol\u00edticas de valoriza\u00e7\u00e3o do sal\u00e1rio m\u00ednimo, direitos trabalhistas e melhores condi\u00e7\u00f5es de trabalho. O presidente acredita que \u00e9 fundamental defender os direitos conquistados ao longo dos anos.<\/p>\n<p>Al\u00e9m disso, o PT est\u00e1 engajado em campanhas que visam coibir o desemprego e promover a inclus\u00e3o social. A classe trabalhadora \u00e9 uma prioridade na agenda do partido.<\/p>\n<h2>Resultados das Visitas do Presidente<\/h2>\n<p>As visitas do presidente \u00e0s zonas e diretores resultaram em v\u00e1rias melhorias. Os diretores reportaram avan\u00e7os significativos nas demandas atendidas ap\u00f3s essas visitas.<\/p>\n<p>Um dos resultados not\u00e1veis \u00e9 a cria\u00e7\u00e3o de novos n\u00facleos de atua\u00e7\u00e3o em \u00e1reas que antes n\u00e3o eram contempladas. Al\u00e9m disso, o fortalecimento do di\u00e1logo levou \u00e0 forma\u00e7\u00e3o de grupos de trabalho especializados em assuntos locais.<\/p>\n<p>Esses resultados demonstram a import\u00e2ncia da presen\u00e7a do presidente em diferentes regi\u00f5es do estado. O envolvimento direto com a base gera impacto positivo nas a\u00e7\u00f5es do PT.<\/p>\n<h2>Perspectivas para o Futuro do PT<\/h2>\n<p>O futuro do PT em S\u00e3o Paulo \u00e9 promissor. O presidente trabalha em estrat\u00e9gias para expandir a atua\u00e7\u00e3o do partido nas comunidades. Isso envolve mobiliza\u00e7\u00e3o e incentivo \u00e0 participa\u00e7\u00e3o ativa de novos militantes.<\/p>\n<p>As perspectivas incluem tamb\u00e9m o fortalecimento da presen\u00e7a do PT nas redes sociais, buscando dialogar com os jovens e tornar o partido mais acess\u00edvel.<\/p>\n<p>O direcionamento para novas lideran\u00e7as \u00e9 outra frente de atua\u00e7\u00e3o. O presidente acredita que \u00e9 fundamental preparar a nova gera\u00e7\u00e3o para assumir responsabilidades dentro do partido.<\/p>\n<h2>O Papel da Juventude no PT<\/h2>\n<p>A juventude desempenha um papel crucial na renova\u00e7\u00e3o do PT. O presidente destaca a import\u00e2ncia de envolver os jovens nas discuss\u00f5es pol\u00edticas e nas atividades do partido.<\/p>\n<p>Iniciativas de forma\u00e7\u00e3o de jovens lideran\u00e7as t\u00eam sido implementadas. Essas iniciativas visam capacitar jovens militantes para que possam atuar de forma efetiva nas comunidades e em suas escolas.<\/p>\n<p>O PT tamb\u00e9m promove espa\u00e7os de di\u00e1logo voltados para a juventude. Esses espa\u00e7os criam um ambiente onde os jovens podem expressar suas opini\u00f5es e sugest\u00f5es, contribuindo para a constru\u00e7\u00e3o de um PT mais atualizado.<\/p>\n<h2>Atividades e Projetos em Andamento<\/h2>\n<p>O presidente do PT em S\u00e3o Paulo est\u00e1 \u00e0 frente de diversos projetos e atividades. Entre eles, destacam-se a\u00e7\u00f5es voltadas para a educa\u00e7\u00e3o, sa\u00fade e assist\u00eancia social.<\/p>\n<p>Um dos projetos em andamento \u00e9 voltado para educa\u00e7\u00e3o popular, que busca oferecer cursos livres e oficinas de capacita\u00e7\u00e3o. Al\u00e9m disso, a\u00e7\u00f5es de sa\u00fade comunit\u00e1ria est\u00e3o sendo desenvolvidas em parceria com organiza\u00e7\u00f5es locais.<\/p>\n<p>Essas atividades t\u00eam como foco promover o empoderamento das comunidades. O presidente acredita que fortalecer as bases \u00e9 o caminho para um PT mais forte.<\/p>\n<h2>Reflex\u00f5es sobre a Pol\u00edtica Local<\/h2>\n<p>A pol\u00edtica local em S\u00e3o Paulo apresenta desafios e oportunidades. O presidente do PT realiza reflex\u00f5es constantes sobre a realidade pol\u00edtica do estado e suas implica\u00e7\u00f5es para o partido.<\/p>\n<p>Um dos principais desafios identificados \u00e9 a polariza\u00e7\u00e3o pol\u00edtica. O presidente acredita que o di\u00e1logo e a constru\u00e7\u00e3o de alian\u00e7as s\u00e3o fundamentais para superar essa situa\u00e7\u00e3o.<\/p>\n<p>A constru\u00e7\u00e3o de pol\u00edticas p\u00fablicas voltadas para garantir direitos e inclus\u00e3o social tamb\u00e9m \u00e9 uma reflex\u00e3o constante. O presidente est\u00e1 comprometido em colaborar na elabora\u00e7\u00e3o de propostas que atendam \u00e0s necessidades da popula\u00e7\u00e3o.<\/p>\n\n<div style=\"font-size: 0px; height: 0px; line-height: 0px; margin: 0; padding: 0; clear: both;\"><\/div>","protected":false},"excerpt":{"rendered":"<p>Presidente do PT S\u00e3o Paulo visita os DZS e refor\u00e7a a milit\u00e2ncia.<\/p>\n","protected":false},"author":1,"featured_media":0,"comment_status":"open","ping_status":"closed","sticky":false,"template":"","format":"standard","meta":{"footnotes":""},"categories":[6],"tags":[],"class_list":["post-2162","post","type-post","status-publish","format-standard","hentry","category-noticias-em-ermelino-matarazzo"],"aioseo_notices":[],"_links":{"self":[{"href":"https:\/\/www.encontraermelinomatarazzo.com.br\/sobre\/wp-json\/wp\/v2\/posts\/2162","targetHints":{"allow":["GET"]}}],"collection":[{"href":"https:\/\/www.encontraermelinomatarazzo.com.br\/sobre\/wp-json\/wp\/v2\/posts"}],"about":[{"href":"https:\/\/www.encontraermelinomatarazzo.com.br\/sobre\/wp-json\/wp\/v2\/types\/post"}],"author":[{"embeddable":true,"href":"https:\/\/www.encontraermelinomatarazzo.com.br\/sobre\/wp-json\/wp\/v2\/users\/1"}],"replies":[{"embeddable":true,"href":"https:\/\/www.encontraermelinomatarazzo.com.br\/sobre\/wp-json\/wp\/v2\/comments?post=2162"}],"version-history":[{"count":0,"href":"https:\/\/www.encontraermelinomatarazzo.com.br\/sobre\/wp-json\/wp\/v2\/posts\/2162\/revisions"}],"wp:attachment":[{"href":"https:\/\/www.encontraermelinomatarazzo.com.br\/sobre\/wp-json\/wp\/v2\/media?parent=2162"}],"wp:term":[{"taxonomy":"category","embeddable":true,"href":"https:\/\/www.encontraermelinomatarazzo.com.br\/sobre\/wp-json\/wp\/v2\/categories?post=2162"},{"taxonomy":"post_tag","embeddable":true,"href":"https:\/\/www.encontraermelinomatarazzo.com.br\/sobre\/wp-json\/wp\/v2\/tags?post=2162"}],"curies":[{"name":"wp","href":"https:\/\/api.w.org\/{rel}","templated":true}]}}