{"id":2203,"date":"2025-12-08T08:17:00","date_gmt":"2025-12-08T10:17:00","guid":{"rendered":"https:\/\/www.encontraermelinomatarazzo.com.br\/sobre\/bebe-passa-por-cirurgia-na-lingua-em-hospital-de-sp-e-familia-diz-que-nao-autorizou-variedades-o-liberal\/"},"modified":"2025-12-08T08:17:00","modified_gmt":"2025-12-08T10:17:00","slug":"bebe-passa-por-cirurgia-na-lingua-em-hospital-de-sp-e-familia-diz-que-nao-autorizou-variedades-o-liberal","status":"publish","type":"post","link":"https:\/\/www.encontraermelinomatarazzo.com.br\/sobre\/bebe-passa-por-cirurgia-na-lingua-em-hospital-de-sp-e-familia-diz-que-nao-autorizou-variedades-o-liberal\/","title":{"rendered":"Beb\u00ea passa por cirurgia na l\u00edngua em hospital de SP e fam\u00edlia diz que n\u00e3o autorizou | Variedades | O Liberal"},"content":{"rendered":"<div class=\"582a572a76647b318fccfc02422c37de\" data-index=\"1\" style=\"float: none; margin:0px;\">\n<!-- Anuncio display - global -->\r\n<ins class=\"adsbygoogle\"\r\n     style=\"display:block\"\r\n     data-ad-client=\"ca-pub-8585364105181520\"\r\n     data-ad-slot=\"8789329856\"\r\n     data-ad-format=\"auto\"\r\n     data-full-width-responsive=\"true\"><\/ins>\r\n<script>\r\n     (adsbygoogle = window.adsbygoogle || []).push({});\r\n<\/script>\n<\/div>\n<h2>O Que Aconteceu na Cirurgia?<\/h2>\n<p>Em um incidente recente que gerou grande repercuss\u00e3o na sociedade, um beb\u00ea de apenas tr\u00eas meses foi submetido a uma cirurgia considerada controversa. Este procedimento ocorreu no Hospital Municipal Ermelino Matarazzo, localizado na zona leste de S\u00e3o Paulo, e a fam\u00edlia do beb\u00ea afirma que n\u00e3o deu autoriza\u00e7\u00e3o para a realiza\u00e7\u00e3o da cirurgia. Segundo relatos, inicialmente, o beb\u00ea deveria passar por uma interven\u00e7\u00e3o para a retirada de um sexto dedo de suas m\u00e3os. Contudo, ap\u00f3s a interven\u00e7\u00e3o, a m\u00e3e do beb\u00ea relatou que, sem seu conhecimento ou consentimento, o m\u00e9dico respons\u00e1vel procedeu a uma <strong>frenectomia lingual<\/strong>, que \u00e9 um corte no freio da l\u00edngua, uma opera\u00e7\u00e3o que n\u00e3o estava prevista.<\/p>\n<p>Ap\u00f3s o procedimento, a crian\u00e7a come\u00e7ou a apresentar sinais de desconforto e fortes dores. A situa\u00e7\u00e3o rapidamente se tornou preocupante e a m\u00e3e do beb\u00ea registrou um boletim de ocorr\u00eancia no 62\u00ba Distrito Policial, onde o caso foi classificado como les\u00e3o corporal. Para investigar as circunst\u00e2ncias do que ocorreu durante a cirurgia, a Secretaria de Seguran\u00e7a P\u00fablica solicitou uma per\u00edcia no caso.<\/p>\n<h2>Den\u00fancia da M\u00e3e do Beb\u00ea<\/h2>\n<p>A m\u00e3e do beb\u00ea, extremamente angustiada e frustrada, realizou uma declara\u00e7\u00e3o \u00e0 imprensa, expressando sua indigna\u00e7\u00e3o sobre o ocorrido. Ela afirmou que nunca autorizou a cirurgia adicional e que o m\u00e9dico agiu de forma aut\u00f4noma, sem consultar os respons\u00e1veis pela crian\u00e7a. Esse tipo de alega\u00e7\u00e3o levanta quest\u00f5es s\u00e9rias sobre a \u00e9tica m\u00e9dica e a necess\u00e1ria obten\u00e7\u00e3o de consentimento informado por parte dos profissionais de sa\u00fade.<\/p>\n<p><img decoding=\"async\" src=\"https:\/\/www.encontraermelinomatarazzo.com.br\/sobre\/wp-content\/uploads\/2025\/12\/bebe-passa-por-cirurgia-na-lingua-em-hospital-de-sp-e-familia-diz-que-nao-autorizou-variedades-o-lib.webp\" alt=\"beb\u00ea cirurgia l\u00edngua autoriza\u00e7\u00e3o\" loading=\"lazy\" \/><\/p>\n<p>O relato da m\u00e3e foi mais detalhado, afirmando que a sua autoriza\u00e7\u00e3o foi dada apenas para a remo\u00e7\u00e3o do sexto dedo e que a frenectomia foi uma a\u00e7\u00e3o n\u00e3o discutida previamente. A frustra\u00e7\u00e3o e a dor da m\u00e3e s\u00e3o palp\u00e1veis, visto que o beb\u00ea \u00e9 uma crian\u00e7a t\u00e3o pequena e vulner\u00e1vel, completamente indefeso em face de decis\u00f5es m\u00e9dicas que podem ter impactos significativos em sua sa\u00fade e bem-estar futuro.<\/p>\n<h2>Rea\u00e7\u00e3o da Secretaria de Sa\u00fade<\/h2>\n<p>Em resposta \u00e0 den\u00fancia da m\u00e3e e \u00e0 consterna\u00e7\u00e3o p\u00fablica, a Secretaria Municipal de Sa\u00fade se pronunciou sobre o evento. Segundo a secretaria, a equipe de cirurgia pedi\u00e1trica atuou de acordo com a necessidade cl\u00ednica identificada e que a frenectomia foi realizada para tratar um problema que poderia afetar a alimenta\u00e7\u00e3o e a fala do beb\u00ea no futuro.<\/p>\n<p>O posicionamento oficial da secretaria defendeu a realiza\u00e7\u00e3o dos dois procedimentos como essenciais para a sa\u00fade da crian\u00e7a. Eles afirmaram que ambos os procedimentos foram realizados sem qualquer intercorr\u00eancia, e que a crian\u00e7a recebeu alta no mesmo dia, com um quadro cl\u00ednico est\u00e1vel.<\/p>\n<p>\u00c9 importante ressaltar que o sentido das justificativas da secretaria \u00e9 que eles sup\u00f5em um princ\u00edpio de benef\u00edcio imediato para o paciente. Por\u00e9m, esse argumento n\u00e3o apaga a responsabilidade de obter o devido consentimento dos respons\u00e1veis legais, sendo um aspecto fundamental da pr\u00e1tica m\u00e9dica \u00e9tica.<\/p>\n<h2>Entenda os Procedimentos Cir\u00fargicos<\/h2>\n<p>Para compreender completamente a situa\u00e7\u00e3o, \u00e9 crucial entender o que s\u00e3o os procedimentos cir\u00fargicos envolvidos. A cirurgia para remo\u00e7\u00e3o de um sexto dedo, conhecida tecnicamente como polidactilia, \u00e9 uma opera\u00e7\u00e3o comum e geralmente realizada quando h\u00e1 comprometimento funcional ou est\u00e9tico a partir do dedo extra.<\/p>\n<p>A <strong>frenectomia lingual<\/strong>, por outro lado, \u00e9 um procedimento cir\u00fargico que envolve a remo\u00e7\u00e3o de uma parte do freio da l\u00edngua, que \u00e9 uma membrana de tecido que conecta a l\u00edngua ao assoalho da boca. Esta cirurgia \u00e9 frequentemente recomendada para corrigir condi\u00e7\u00f5es como &#8220;l\u00edngua presa&#8221;, que pode interferir na capacidade de comer, falar ou at\u00e9 mesmo na sa\u00fade dental da crian\u00e7a. No entanto, sua realiza\u00e7\u00e3o deve ser indicada ap\u00f3s cuidadosa avalia\u00e7\u00e3o e sempre com a anu\u00eancia dos respons\u00e1veis.<\/p>\n<h2>O Que \u00e9 Uma Frenectomia Lingual?<\/h2>\n<p>A frenectomia lingual \u00e9 um procedimento cir\u00fargico relativamente simples, mas que requer um exame detalhado para estabelecer a necessidade. Geralmente, \u00e9 indicada quando a frenagem da l\u00edngua \u00e9 excessivamente curta e causa dificuldades na alimenta\u00e7\u00e3o, na pron\u00fancia de palavras ou na higiene bucal. Para rec\u00e9m-nascidos e beb\u00ea, o procedimento, em muitos casos, \u00e9 realizado sob anestesia local, podendo provocar desconforto e dor.<\/p>\n<p>Ap\u00f3s o procedimento, as crian\u00e7as podem se sentir aliviadas de algumas dificuldades, mas tamb\u00e9m devem ser monitoradas para evitar sangramentos e infec\u00e7\u00f5es. Portanto, a decis\u00e3o de realizar tal interven\u00e7\u00e3o deve ser meticulosamente discutida com os pais, garantindo que eles compreendam os benef\u00edcios e os riscos envolvidos.<\/p>\n<h2>Como a Justi\u00e7a Est\u00e1 Envolvida?<\/h2>\n<p>Devido \u00e0 alega\u00e7\u00e3o de que a cirurgia foi realizada sem consentimento, a situa\u00e7\u00e3o foi registrada e agora est\u00e1 sendo analisada por autoridades legais. O caso foi encaminhado para a pol\u00edcia, onde uma investiga\u00e7\u00e3o foi iniciada para apurar os fatos. \u00c9 importante que as autoridades examinassem todas as evid\u00eancias, depoimentos e registros m\u00e9dicos para garantir que a verdade venha \u00e0 tona.<\/p>\n<p>A medida da den\u00fancia levanta quest\u00f5es sobre a responsabilidade legal dos m\u00e9dicos e hospitais em casos de procedimentos realizados sem consentimento. Normalmente, essa quest\u00e3o \u00e9 analisada sob a \u00f3tica da \u00e9tica m\u00e9dica e da legisla\u00e7\u00e3o, que exige que o consentimento informado seja obtido antes da realiza\u00e7\u00e3o de qualquer interven\u00e7\u00e3o cir\u00fargica.<\/p>\n<p>O resultado desta investiga\u00e7\u00e3o poder\u00e1 n\u00e3o apenas impactar a vida do beb\u00ea e suas fam\u00edlias, mas tamb\u00e9m poder\u00e1 gerar um precedente importante para o setor da sa\u00fade, refor\u00e7ando a import\u00e2ncia do consentimento informado nos procedimentos m\u00e9dicos.<\/p>\n<h2>Impacto na Sa\u00fade do Beb\u00ea<\/h2>\n<p>A quest\u00e3o mais importante nesse contexto \u00e9 o impacto que tais decis\u00f5es t\u00eam na sa\u00fade do beb\u00ea. Depois dos procedimentos, a crian\u00e7a enfrentou n\u00e3o apenas o desconforto f\u00edsico, mas tamb\u00e9m a possiblidade de complica\u00e7\u00f5es futuras que podem surgir a partir de um procedimento realizado sem uma justificativa clara e sem a anu\u00eancia dos respons\u00e1veis.<\/p>\n<p>O trauma emocional e psicol\u00f3gico que a m\u00e3e e a crian\u00e7a podem sofrer \u00e9 significativo. Para um beb\u00ea, qualquer experi\u00eancia m\u00e9dica pode ser aterrorizante, e a aus\u00eancia de um suporte familiar seguro durante essa experi\u00eancia pode causar stress adicional. Portanto, \u00e9 vital que a sa\u00fade mental e emocional da crian\u00e7a e da fam\u00edlia sejam consideradas e tratadas na reabilita\u00e7\u00e3o e durante os cuidados de acompanhamento.<\/p>\n<h2>O Que Dizem os Especialistas?<\/h2>\n<p>Os profissionais da sa\u00fade, incluindo cirurgi\u00f5es e pediatras, foram consultados sobre este caso ap\u00f3s a ocorr\u00eancia do incidente. A maioria concordou que a pr\u00e1tica de realizar um procedimento sem consentimento \u00e9 uma viola\u00e7\u00e3o dos direitos dos pacientes e dos princ\u00edpios \u00e9ticos que regem a profiss\u00e3o m\u00e9dica.<\/p>\n<p>Al\u00e9m disso, especialistas em \u00e9tica m\u00e9dica afirmaram que a comunica\u00e7\u00e3o entre m\u00e9dicos e pacientes \u00e9 uma parte integral do tratamento e que deve ser levada a s\u00e9rio. Um consenso entre os profissionais \u00e9 de que todos os pais devem ser envolvidos em decis\u00f5es que afetam a sa\u00fade de seus filhos, especialmente quando envolve procedimentos cir\u00fargicos.<\/p>\n<h2>Rea\u00e7\u00f5es nas Redes Sociais<\/h2>\n<p>O incidente gerou uma onda de rea\u00e7\u00f5es nas redes sociais. Muitos usu\u00e1rios expressaram sua indigna\u00e7\u00e3o e apoio \u00e0 m\u00e3e do beb\u00ea, pedindo justi\u00e7a e maior rigor nas pr\u00e1ticas m\u00e9dicas. As redes sociais serviram como um espa\u00e7o para debater as falhas do sistema de sa\u00fade e a import\u00e2ncia de os pais estarem sempre envolvidos e bem informados sobre os procedimentos que seus filhos devem passar.<\/p>\n<p>As hashtags relacionadas ao caso foram amplamente compartilhadas, e especialistas em sa\u00fade infantil e \u00e9tica m\u00e9dica se pronunciaram em apoio a altera\u00e7\u00f5es nas legisla\u00e7\u00f5es existentes que garantem o direito dos pais de consentirem ou n\u00e3o com metade evites desenvolvimentos mais graves no futuro.<\/p>\n<h2>Pr\u00f3ximos Passos na Investiga\u00e7\u00e3o<\/h2>\n<p>A investiga\u00e7\u00e3o sobre o que ocorreu na cirurgia do beb\u00ea est\u00e1 em andamento. As autoridades coletaram depoimentos de todos os envolvidos &#8211; m\u00e9dicos, enfermeiros e familiares &#8211; na inten\u00e7\u00e3o de compreender todas as circunst\u00e2ncias antes e durante o procedimento. A pol\u00edcia est\u00e1 realizando uma an\u00e1lise completa dos registros m\u00e9dicos para avaliar se os protocolos adequados foram seguidos.<\/p>\n<p>Os pr\u00f3ximos passos incluem uma revis\u00e3o cr\u00edtica das pr\u00e1ticas do hospital e a possibilidade de implementar novas diretrizes que reforcem a necessidade de consentimento informado em todos os processos cir\u00fargicos, especialmente em pacientes t\u00e3o vulner\u00e1veis como crian\u00e7as. Al\u00e9m disso, as autoridades de sa\u00fade podem analisar e atualizar as pol\u00edticas de treinamento para profissionais de sa\u00fade para garantir que todos estejam corretamente informados sobre a import\u00e2ncia do envolvimento dos pais.<\/p>\n\n<div style=\"font-size: 0px; height: 0px; line-height: 0px; margin: 0; padding: 0; clear: both;\"><\/div>","protected":false},"excerpt":{"rendered":"<p>Cirurgia em beb\u00ea gera pol\u00eamica; fam\u00edlia afirma que n\u00e3o autorizou o procedimento.<\/p>\n","protected":false},"author":1,"featured_media":2202,"comment_status":"open","ping_status":"closed","sticky":false,"template":"","format":"standard","meta":{"footnotes":""},"categories":[6],"tags":[],"class_list":["post-2203","post","type-post","status-publish","format-standard","has-post-thumbnail","hentry","category-noticias-em-ermelino-matarazzo","has_thumb"],"aioseo_notices":[],"_links":{"self":[{"href":"https:\/\/www.encontraermelinomatarazzo.com.br\/sobre\/wp-json\/wp\/v2\/posts\/2203","targetHints":{"allow":["GET"]}}],"collection":[{"href":"https:\/\/www.encontraermelinomatarazzo.com.br\/sobre\/wp-json\/wp\/v2\/posts"}],"about":[{"href":"https:\/\/www.encontraermelinomatarazzo.com.br\/sobre\/wp-json\/wp\/v2\/types\/post"}],"author":[{"embeddable":true,"href":"https:\/\/www.encontraermelinomatarazzo.com.br\/sobre\/wp-json\/wp\/v2\/users\/1"}],"replies":[{"embeddable":true,"href":"https:\/\/www.encontraermelinomatarazzo.com.br\/sobre\/wp-json\/wp\/v2\/comments?post=2203"}],"version-history":[{"count":0,"href":"https:\/\/www.encontraermelinomatarazzo.com.br\/sobre\/wp-json\/wp\/v2\/posts\/2203\/revisions"}],"wp:featuredmedia":[{"embeddable":true,"href":"https:\/\/www.encontraermelinomatarazzo.com.br\/sobre\/wp-json\/wp\/v2\/media\/2202"}],"wp:attachment":[{"href":"https:\/\/www.encontraermelinomatarazzo.com.br\/sobre\/wp-json\/wp\/v2\/media?parent=2203"}],"wp:term":[{"taxonomy":"category","embeddable":true,"href":"https:\/\/www.encontraermelinomatarazzo.com.br\/sobre\/wp-json\/wp\/v2\/categories?post=2203"},{"taxonomy":"post_tag","embeddable":true,"href":"https:\/\/www.encontraermelinomatarazzo.com.br\/sobre\/wp-json\/wp\/v2\/tags?post=2203"}],"curies":[{"name":"wp","href":"https:\/\/api.w.org\/{rel}","templated":true}]}}