{"id":2221,"date":"2025-12-14T08:01:00","date_gmt":"2025-12-14T10:01:00","guid":{"rendered":"https:\/\/www.encontraermelinomatarazzo.com.br\/sobre\/laboratorio-suspende-exames-em-hospitais-de-sp-por-divida-de-mais-de-r-100-mi-da-prefeitura\/"},"modified":"2025-12-14T08:01:00","modified_gmt":"2025-12-14T10:01:00","slug":"laboratorio-suspende-exames-em-hospitais-de-sp-por-divida-de-mais-de-r-100-mi-da-prefeitura","status":"publish","type":"post","link":"https:\/\/www.encontraermelinomatarazzo.com.br\/sobre\/laboratorio-suspende-exames-em-hospitais-de-sp-por-divida-de-mais-de-r-100-mi-da-prefeitura\/","title":{"rendered":"Laborat\u00f3rio suspende exames em hospitais de SP por d\u00edvida de mais de R$ 100 mi da Prefeitura"},"content":{"rendered":"<div class=\"582a572a76647b318fccfc02422c37de\" data-index=\"1\" style=\"float: none; margin:0px;\">\n<!-- Anuncio display - global -->\r\n<ins class=\"adsbygoogle\"\r\n     style=\"display:block\"\r\n     data-ad-client=\"ca-pub-8585364105181520\"\r\n     data-ad-slot=\"8789329856\"\r\n     data-ad-format=\"auto\"\r\n     data-full-width-responsive=\"true\"><\/ins>\r\n<script>\r\n     (adsbygoogle = window.adsbygoogle || []).push({});\r\n<\/script>\n<\/div>\n<h2>A Decis\u00e3o de Suspender Exames Laboratoriais<\/h2>\n<p>Em um movimento que gerou grande repercuss\u00e3o, a Afip (Associa\u00e7\u00e3o Fundo de Incentivo \u00e0 Pesquisa) anunciou a suspens\u00e3o de exames laboratoriais a partir do dia 16 de dezembro. Essa decis\u00e3o se relaciona diretamente a uma d\u00edvida que a Prefeitura de S\u00e3o Paulo possui com a institui\u00e7\u00e3o, estimada em R$ 120 milh\u00f5es. O diretor-presidente da Afip, Sergio Brasil Tufik, expressou que a continuidade da presta\u00e7\u00e3o de servi\u00e7os tornou-se insustent\u00e1vel devido \u00e0 falta de pagamento. Essa suspens\u00e3o afetar\u00e1 diretamente a realiza\u00e7\u00e3o de exames de sangue, fezes e urina em cinco hospitais e 111 Unidades B\u00e1sicas de Sa\u00fade (UBSs) localizadas nas zonas leste e oeste da cidade. Essa medida \u00e9 considerada uma a\u00e7\u00e3o dr\u00e1stica e necess\u00e1ria para prevenir a deteriora\u00e7\u00e3o dos servi\u00e7os oferecidos pela associa\u00e7\u00e3o e a poss\u00edvel demiss\u00e3o dos funcion\u00e1rios envolvidos.<\/p>\n<h2>Impacto nas Unidades de Sa\u00fade de SP<\/h2>\n<p>A interrup\u00e7\u00e3o dos exames laboratoriais impactar\u00e1 profundamente a rede de sa\u00fade p\u00fablica da cidade de S\u00e3o Paulo. O atendimento \u00e0 popula\u00e7\u00e3o que depende desses servi\u00e7os corre o risco de ser prejudicado, especialmente entre os mais vulner\u00e1veis, que frequentemente utilizam as UBSs para realizar exames e obter diagn\u00f3sticos. A suspens\u00e3o pode gerar um aumento no tempo de espera para atendimentos e na quantidade de diagn\u00f3sticos n\u00e3o realizados, interferindo na detec\u00e7\u00e3o precoce de doen\u00e7as e no acompanhamento de pacientes j\u00e1 diagnosticados. O aumento da demanda por decis\u00f5es r\u00e1pidas e interven\u00e7\u00f5es pontuais se torna ainda mais evidente em um cen\u00e1rio onde as pessoas necessitam de cuidados constantes e atendimento \u00e1gil.<\/p>\n<h2>Rea\u00e7\u00e3o da Prefeitura de S\u00e3o Paulo<\/h2>\n<p>Em resposta \u00e0 decis\u00e3o da Afip, a Secretaria Municipal de Sa\u00fade de S\u00e3o Paulo garantiu que nenhum atendimento ser\u00e1 interrompido na cidade. A gest\u00e3o de Ricardo Nunes afirmou que um plano de conting\u00eancia para absorver a demanda das unidades afetadas estava sendo implementado. A Prefeitura enfatizou que, no ano corrente, j\u00e1 havia pago \u00e0 Afip R$ 212 milh\u00f5es e que estava comprometida em manter os repasses necess\u00e1rios para garantir a continuidade dos servi\u00e7os. Apesar disso, a situa\u00e7\u00e3o de d\u00edvida persiste e levanta questionamentos sobre a efici\u00eancia financeira da administra\u00e7\u00e3o p\u00fablica e a necessidade de um planejamento or\u00e7ament\u00e1rio mais robusto.<\/p>\n<p><img decoding=\"async\" src=\"https:\/\/www.encontraermelinomatarazzo.com.br\/sobre\/wp-content\/uploads\/2025\/12\/laboratorio-suspende-exames-em-hospitais-de-sp-por-divida-de-mais-de-r-100-mi-da-prefeitura.webp\" alt=\"exames de sa\u00fade S\u00e3o Paulo\" loading=\"lazy\" \/><\/p>\n<h2>Hist\u00f3rico de Pagamentos da Prefeitura<\/h2>\n<p>O hist\u00f3rico de pagamentos entre a gest\u00e3o da Prefeitura e a Afip evidencia um ciclo de inefici\u00eancias que culminou na atual crise. A Afip alegou que, nos \u00faltimos 12 meses, n\u00e3o recebeu compensa\u00e7\u00f5es pelas presta\u00e7\u00f5es de servi\u00e7os relacionadas a oito contratos distintos. Enquanto isso, a Prefeitura sustentou que os R$ 212 milh\u00f5es pagos est\u00e3o relacionados a outras contratos, o que adiciona uma camada de complexidade \u00e0 situa\u00e7\u00e3o financeira da associa\u00e7\u00e3o. A transpar\u00eancia e a comunica\u00e7\u00e3o entre as entidades s\u00e3o cruciais para evitar desentendimentos futuros e manter a confian\u00e7a necess\u00e1ria para a regulariza\u00e7\u00e3o de servi\u00e7os essenciais.<\/p>\n<h2>O Papel da Afip no Sistema de Sa\u00fade<\/h2>\n<p>A Afip vem atuando em S\u00e3o Paulo desde 2001, oferecendo servi\u00e7os laboratoriais importantes que ajudam no diagn\u00f3stico de diversas condi\u00e7\u00f5es de sa\u00fade. Com um bom hist\u00f3rico de prontid\u00e3o e qualidade, a institui\u00e7\u00e3o \u00e9 vital para a rede p\u00fablica de sa\u00fade, especialmente em \u00e1reas onde o acesso ao cuidado m\u00e9dico \u00e9 limitado. A suspens\u00e3o de seus servi\u00e7os, portanto, n\u00e3o \u00e9 apenas uma quest\u00e3o financeira, mas tamb\u00e9m de sa\u00fade p\u00fablica. Portanto, a conex\u00e3o entre a sa\u00fade e a economia deve ser claramente entendida, pois problemas financeiros em prestadoras de servi\u00e7os de sa\u00fade podem levar a interrup\u00e7\u00f5es cr\u00edticas que afetam diretamente a sa\u00fade da popula\u00e7\u00e3o.<\/p>\n<h2>Como a D\u00edvida Afeta Pacientes e Profissionais<\/h2>\n<p>Os impactos da d\u00edvida da Prefeitura com a Afip se estendem al\u00e9m das quest\u00f5es financeiras e administrativas. Pacientes, que muitas vezes dependem de exames laboratoriais para diagn\u00f3sticos e tratamentos, se encontram em uma situa\u00e7\u00e3o vulner\u00e1vel. A interrup\u00e7\u00e3o dos exames pode atrasar diagn\u00f3sticos cruciais e impactar o acompanhamento de condi\u00e7\u00f5es cr\u00f4nicas, al\u00e9m de potencialmente aumentar a carga sobre outras unidades de sa\u00fade. Profissionais de sa\u00fade tamb\u00e9m enfrentam um dilema. A situa\u00e7\u00e3o gera inseguran\u00e7a e preocupa\u00e7\u00e3o acerca de suas fun\u00e7\u00f5es, podendo resultar em estresse e incerteza sobre a continuidade do atendimento oferecido. Portanto, \u00e9 imperativo que se busquem solu\u00e7\u00f5es r\u00e1pidas para minimizar esses impactos e garantir que tanto pacientes quanto profissionais n\u00e3o sejam prejudicados pela situa\u00e7\u00e3o.<\/p>\n<h2>Planos para Mitigar a Interrup\u00e7\u00e3o dos Servi\u00e7os<\/h2>\n<p>A Secretaria Municipal de Sa\u00fade implementar\u00e1 um plano de conting\u00eancia visando minimizar os efeitos da suspens\u00e3o dos exames. Atrav\u00e9s deste plano, unidade de sa\u00fade ser\u00e1 capaz de absorver a demanda sem grandes interrup\u00e7\u00f5es. No entanto, o sucesso desta estrat\u00e9gia depender\u00e1 de uma comunica\u00e7\u00e3o eficaz, aloca\u00e7\u00e3o correta de recursos humanos e materiais, bem como da mobiliza\u00e7\u00e3o de profissionais para atender um aumento potencial na demanda de atendimentos. A efici\u00eancia na transi\u00e7\u00e3o e na operacionaliza\u00e7\u00e3o do plano ser\u00e1 fundamental para garantir que os pacientes n\u00e3o sofram com a falta de servi\u00e7os essenciais e que a rede de sa\u00fade funcione de maneira eficaz.<\/p>\n<h2>Opini\u00f5es de Especialistas sobre a Situa\u00e7\u00e3o<\/h2>\n<p>Especialistas em sa\u00fade p\u00fablica opinaram que a situa\u00e7\u00e3o atual enfatiza a fragilidade do sistema de sa\u00fade p\u00fablica em lidar com crises financeiras. A suspens\u00e3o de servi\u00e7os importantes de sa\u00fade deve ser um alerta para a necessidade de reformas na gest\u00e3o financeira das institui\u00e7\u00f5es que prestam servi\u00e7os p\u00fablicos. \u00c9 preciso estabelecer estrat\u00e9gias preventivas que garantam uma administra\u00e7\u00e3o mais eficiente e protejam as institui\u00e7\u00f5es e os usu\u00e1rios de interrup\u00e7\u00f5es inesperadas. Coment\u00e1rios tamb\u00e9m ressaltaram que o engajamento com todos os stakeholders, desde o governo at\u00e9 os cidad\u00e3os, \u00e9 vital para restabelecer a confian\u00e7a na rede de sa\u00fade e a solventar problemas or\u00e7ament\u00e1rios.<\/p>\n<h2>Alternativas Suspeitas para o Financiamento<\/h2>\n<p>A d\u00edvida acumulada levanta uma s\u00e9rie de quest\u00f5es sobre a transpar\u00eancia na administra\u00e7\u00e3o p\u00fablica e o gerenciamento correto dos recursos destinados \u00e0 sa\u00fade. Apesar da declara\u00e7\u00e3o da Prefeitura sobre o pagamento de R$ 212 milh\u00f5es, a falta de entendimento sobre o uso e a destina\u00e7\u00e3o desse montante sugere que pode haver alternativas duvidosas para o financiamento das opera\u00e7\u00f5es. A sociedade civil, junto aos especialistas, deve continuar a cobrar explica\u00e7\u00f5es claras sobre como os recursos est\u00e3o sendo alocados e se existe uma estrat\u00e9gia para sanar a d\u00edvida e retomar os servi\u00e7os de forma efetiva e sem preju\u00edzos.<\/p>\n<h2>O Futuro dos Exames de Sa\u00fade em SP<\/h2>\n<p>O futuro dos exames de sa\u00fade em S\u00e3o Paulo e a presta\u00e7\u00e3o de servi\u00e7os laboratoriais dependem diretamente da capacidade da gest\u00e3o p\u00fablica em priorizar as necessidades da popula\u00e7\u00e3o. Para isso, \u00e9 necess\u00e1rio um planejamento or\u00e7ament\u00e1rio mais eficiente, ado\u00e7\u00e3o de pr\u00e1ticas transparentes e di\u00e1logo aberto entre a prefeitura, institui\u00e7\u00f5es de sa\u00fade e a popula\u00e7\u00e3o. As reformas na estrutura de gest\u00e3o e na forma de opera\u00e7\u00e3o das institui\u00e7\u00f5es que servem \u00e0 sa\u00fade p\u00fablica s\u00e3o necess\u00e1rias para garantir a continuidade dos servi\u00e7os essenciais, preservar a sa\u00fade da popula\u00e7\u00e3o e minimizar impactos negativos em situa\u00e7\u00f5es similares no futuro.<\/p>\n\n<div style=\"font-size: 0px; height: 0px; line-height: 0px; margin: 0; padding: 0; clear: both;\"><\/div>","protected":false},"excerpt":{"rendered":"<p>Interrup\u00e7\u00e3o de exames de sa\u00fade em SP levanta preocupa\u00e7\u00e3o na popula\u00e7\u00e3o.<\/p>\n","protected":false},"author":1,"featured_media":2220,"comment_status":"open","ping_status":"closed","sticky":false,"template":"","format":"standard","meta":{"footnotes":""},"categories":[6],"tags":[],"class_list":["post-2221","post","type-post","status-publish","format-standard","has-post-thumbnail","hentry","category-noticias-em-ermelino-matarazzo","has_thumb"],"aioseo_notices":[],"_links":{"self":[{"href":"https:\/\/www.encontraermelinomatarazzo.com.br\/sobre\/wp-json\/wp\/v2\/posts\/2221","targetHints":{"allow":["GET"]}}],"collection":[{"href":"https:\/\/www.encontraermelinomatarazzo.com.br\/sobre\/wp-json\/wp\/v2\/posts"}],"about":[{"href":"https:\/\/www.encontraermelinomatarazzo.com.br\/sobre\/wp-json\/wp\/v2\/types\/post"}],"author":[{"embeddable":true,"href":"https:\/\/www.encontraermelinomatarazzo.com.br\/sobre\/wp-json\/wp\/v2\/users\/1"}],"replies":[{"embeddable":true,"href":"https:\/\/www.encontraermelinomatarazzo.com.br\/sobre\/wp-json\/wp\/v2\/comments?post=2221"}],"version-history":[{"count":0,"href":"https:\/\/www.encontraermelinomatarazzo.com.br\/sobre\/wp-json\/wp\/v2\/posts\/2221\/revisions"}],"wp:featuredmedia":[{"embeddable":true,"href":"https:\/\/www.encontraermelinomatarazzo.com.br\/sobre\/wp-json\/wp\/v2\/media\/2220"}],"wp:attachment":[{"href":"https:\/\/www.encontraermelinomatarazzo.com.br\/sobre\/wp-json\/wp\/v2\/media?parent=2221"}],"wp:term":[{"taxonomy":"category","embeddable":true,"href":"https:\/\/www.encontraermelinomatarazzo.com.br\/sobre\/wp-json\/wp\/v2\/categories?post=2221"},{"taxonomy":"post_tag","embeddable":true,"href":"https:\/\/www.encontraermelinomatarazzo.com.br\/sobre\/wp-json\/wp\/v2\/tags?post=2221"}],"curies":[{"name":"wp","href":"https:\/\/api.w.org\/{rel}","templated":true}]}}