{"id":2289,"date":"2026-01-26T11:28:21","date_gmt":"2026-01-26T13:28:21","guid":{"rendered":"https:\/\/www.encontraermelinomatarazzo.com.br\/sobre\/saude-revela-lista-de-presentes-para-os-472-anos-de-sao-paulo\/"},"modified":"2026-01-26T11:28:21","modified_gmt":"2026-01-26T13:28:21","slug":"saude-revela-lista-de-presentes-para-os-472-anos-de-sao-paulo","status":"publish","type":"post","link":"https:\/\/www.encontraermelinomatarazzo.com.br\/sobre\/saude-revela-lista-de-presentes-para-os-472-anos-de-sao-paulo\/","title":{"rendered":"Sa\u00fade revela lista de presentes para os 472 anos de S\u00e3o Paulo"},"content":{"rendered":"<div class=\"582a572a76647b318fccfc02422c37de\" data-index=\"1\" style=\"float: none; margin:0px;\">\n<!-- Anuncio display - global -->\r\n<ins class=\"adsbygoogle\"\r\n     style=\"display:block\"\r\n     data-ad-client=\"ca-pub-8585364105181520\"\r\n     data-ad-slot=\"8789329856\"\r\n     data-ad-format=\"auto\"\r\n     data-full-width-responsive=\"true\"><\/ins>\r\n<script>\r\n     (adsbygoogle = window.adsbygoogle || []).push({});\r\n<\/script>\n<\/div>\n<h2>Novas Unidades B\u00e1sicas de Sa\u00fade em S\u00e3o Paulo<\/h2>\n<p>Em comemora\u00e7\u00e3o ao 472\u00ba anivers\u00e1rio da cidade, a Secretaria Municipal da Sa\u00fade de S\u00e3o Paulo introduziu sua nova Unidade B\u00e1sica de Sa\u00fade, a UBS Vila Rubi, localizada na regi\u00e3o de Capela do Socorro. Esta unidade marca o 481\u00ba espa\u00e7o de sa\u00fade da cidade, destacando-se por sua estrutura moderna capaz de realizar at\u00e9 11 mil atendimentos mensais. Al\u00e9m disso, no dia 13 de janeiro, foi inaugurada a nova sede da UBS Engenheiro Trindade, na Penha, que possui uma \u00e1rea quatro vezes maior que a anterior e poder\u00e1 atender 7,8 mil pessoas por m\u00eas.<\/p>\n<h2>Melhorias no Atendimento da Sa\u00fade Municipal<\/h2>\n<p>A inaugura\u00e7\u00e3o dessas novas UBSs \u00e9 uma significativa contribui\u00e7\u00e3o para o fortalecimento da Aten\u00e7\u00e3o B\u00e1sica em S\u00e3o Paulo. As unidades oferecem um acesso mais confort\u00e1vel e eficiente aos servi\u00e7os do Sistema \u00danico de Sa\u00fade (SUS). As novas infraestruturas s\u00e3o projetadas para atender melhor a popula\u00e7\u00e3o, proporcionando agilidade e conforto.<\/p>\n<h2>Acesso Facilitado aos Servi\u00e7os de Sa\u00fade<\/h2>\n<p>As UBSs rec\u00e9m-inauguradas e reformadas s\u00e3o de grande import\u00e2ncia para a comunidade, pois n\u00e3o apenas ampliam o n\u00famero de profissionais dispon\u00edveis, mas tamb\u00e9m introduzem novas especialidades, como atendimentos odontol\u00f3gicos. Al\u00e9m disso, a localiza\u00e7\u00e3o das unidades pr\u00f3ximas aos sistemas de transporte p\u00fablico facilita ainda mais o acesso aos servi\u00e7os oferecidos pela sa\u00fade p\u00fablica municipal.<\/p>\n<p><img decoding=\"async\" src=\"https:\/\/www.encontraermelinomatarazzo.com.br\/sobre\/wp-content\/uploads\/2026\/01\/saude-revela-lista-de-presentes-para-os-472-anos-de-sao-paulo.webp\" alt=\"Sa\u00fade revela lista de presentes para os 472 anos de S\u00e3o Paulo\" loading=\"lazy\" \/><\/p>\n<h2>Reformas e Novos Equipamentos na Sa\u00fade<\/h2>\n<p>As reformas e constru\u00e7\u00f5es em andamento na \u00e1rea da sa\u00fade em S\u00e3o Paulo somam mais de 200 projetos que incluem a moderniza\u00e7\u00e3o de equipamentos e a cria\u00e7\u00e3o de novas estruturas, com previs\u00e3o de conclus\u00e3o para 2026. Este investimento visa melhorar a qualidade e a abrang\u00eancia dos servi\u00e7os p\u00fablicos de sa\u00fade na cidade.<\/p>\n<h2>A Import\u00e2ncia da Aten\u00e7\u00e3o B\u00e1sica<\/h2>\n<p>A Aten\u00e7\u00e3o B\u00e1sica \u00e9 um pilar fundamental da sa\u00fade p\u00fablica, proporcionando um primeiro ponto de contato aos cidad\u00e3os. O avan\u00e7o na constru\u00e7\u00e3o e reforma das UBSs \u00e9 crucial para facilitar o acesso a servi\u00e7os essenciais de sa\u00fade, gerando uma melhora substancial na qualidade de vida da popula\u00e7\u00e3o.<\/p>\n<h2>Expans\u00e3o dos Leitos Hospitalares at\u00e9 2028<\/h2>\n<p>A gest\u00e3o da Sa\u00fade em S\u00e3o Paulo est\u00e1 implementando o programa Avan\u00e7a Sa\u00fade II, que prev\u00ea a adi\u00e7\u00e3o de 1.500 novos leitos hospitalares at\u00e9 2028, al\u00e9m de reformar 13 hospitais municipais, dos quais nove j\u00e1 est\u00e3o em processo de moderniza\u00e7\u00e3o. Com essas melhorias, a cidade dever\u00e1 alcan\u00e7ar quase 7 mil leitos dispon\u00edveis para a popula\u00e7\u00e3o at\u00e9 2028.<\/p>\n<h2>Unidades de Pronto Atendimento para Emerg\u00eancias<\/h2>\n<p>Al\u00e9m das UBSs, a cidade est\u00e1 investindo em Unidades de Pronto Atendimento (UPAs), que s\u00e3o essenciais para o atendimento emergencial. No centro, por exemplo, o Pronto Socorro Municipal da Barra Funda ser\u00e1 transformado em uma UPA de porte III, com expans\u00f5es de estrutura e capacidade de atendimento.<\/p>\n<h2>Novas Especialidades Odontol\u00f3gicas nas UBS<\/h2>\n<p>As novas UBSs tamb\u00e9m est\u00e3o se adaptando para oferecer servi\u00e7os odontol\u00f3gicos, permitindo que mais pessoas tenham acesso a cuidados odontol\u00f3gicos de qualidade como parte das iniciativas de sa\u00fade p\u00fablica da cidade.<\/p>\n<h2>Apoio \u00e0 Sa\u00fade Comunit\u00e1ria em S\u00e3o Paulo<\/h2>\n<p>O governo municipal est\u00e1 investindo recursos para apoiar a sa\u00fade comunit\u00e1ria atrav\u00e9s de parcerias com organiza\u00e7\u00f5es e iniciativas locais, melhorando assim a resposta \u00e0s necessidades espec\u00edficas das comunidades e garantindo servi\u00e7os mais pr\u00f3ximos da popula\u00e7\u00e3o.<\/p>\n<h2>Vis\u00e3o Futuro: Sa\u00fade para Todos os Paulistanos<\/h2>\n<p>Com todas essas melhorias e expans\u00f5es, a vis\u00e3o da Secretaria Municipal da Sa\u00fade \u00e9 garantir que cada paulistano tenha acesso a servi\u00e7os de sa\u00fade de qualidade, promovendo um bem-estar geral para todos os cidad\u00e3os. A celebra\u00e7\u00e3o do 472\u00ba anivers\u00e1rio de S\u00e3o Paulo n\u00e3o \u00e9 apenas um marco hist\u00f3rico, mas tamb\u00e9m uma oportunidade de refor\u00e7ar o compromisso com a sa\u00fade p\u00fablica e a qualidade de vida na cidade.<\/p>\n\n<div style=\"font-size: 0px; height: 0px; line-height: 0px; margin: 0; padding: 0; clear: both;\"><\/div>","protected":false},"excerpt":{"rendered":"<p>Descubra como a Sa\u00fade presenteou S\u00e3o Paulo em seus 472 anos.<\/p>\n","protected":false},"author":1,"featured_media":2288,"comment_status":"open","ping_status":"closed","sticky":false,"template":"","format":"standard","meta":{"footnotes":""},"categories":[6],"tags":[],"class_list":["post-2289","post","type-post","status-publish","format-standard","has-post-thumbnail","hentry","category-noticias-em-ermelino-matarazzo","has_thumb"],"aioseo_notices":[],"_links":{"self":[{"href":"https:\/\/www.encontraermelinomatarazzo.com.br\/sobre\/wp-json\/wp\/v2\/posts\/2289","targetHints":{"allow":["GET"]}}],"collection":[{"href":"https:\/\/www.encontraermelinomatarazzo.com.br\/sobre\/wp-json\/wp\/v2\/posts"}],"about":[{"href":"https:\/\/www.encontraermelinomatarazzo.com.br\/sobre\/wp-json\/wp\/v2\/types\/post"}],"author":[{"embeddable":true,"href":"https:\/\/www.encontraermelinomatarazzo.com.br\/sobre\/wp-json\/wp\/v2\/users\/1"}],"replies":[{"embeddable":true,"href":"https:\/\/www.encontraermelinomatarazzo.com.br\/sobre\/wp-json\/wp\/v2\/comments?post=2289"}],"version-history":[{"count":0,"href":"https:\/\/www.encontraermelinomatarazzo.com.br\/sobre\/wp-json\/wp\/v2\/posts\/2289\/revisions"}],"wp:featuredmedia":[{"embeddable":true,"href":"https:\/\/www.encontraermelinomatarazzo.com.br\/sobre\/wp-json\/wp\/v2\/media\/2288"}],"wp:attachment":[{"href":"https:\/\/www.encontraermelinomatarazzo.com.br\/sobre\/wp-json\/wp\/v2\/media?parent=2289"}],"wp:term":[{"taxonomy":"category","embeddable":true,"href":"https:\/\/www.encontraermelinomatarazzo.com.br\/sobre\/wp-json\/wp\/v2\/categories?post=2289"},{"taxonomy":"post_tag","embeddable":true,"href":"https:\/\/www.encontraermelinomatarazzo.com.br\/sobre\/wp-json\/wp\/v2\/tags?post=2289"}],"curies":[{"name":"wp","href":"https:\/\/api.w.org\/{rel}","templated":true}]}}