{"id":2295,"date":"2026-01-27T11:31:45","date_gmt":"2026-01-27T13:31:45","guid":{"rendered":"https:\/\/www.encontraermelinomatarazzo.com.br\/sobre\/programa-academia-da-saude\/"},"modified":"2026-01-27T11:31:45","modified_gmt":"2026-01-27T13:31:45","slug":"programa-academia-da-saude","status":"publish","type":"post","link":"https:\/\/www.encontraermelinomatarazzo.com.br\/sobre\/programa-academia-da-saude\/","title":{"rendered":"Programa Academia da Sa\u00fade"},"content":{"rendered":"<div class=\"582a572a76647b318fccfc02422c37de\" data-index=\"1\" style=\"float: none; margin:0px;\">\n<!-- Anuncio display - global -->\r\n<ins class=\"adsbygoogle\"\r\n     style=\"display:block\"\r\n     data-ad-client=\"ca-pub-8585364105181520\"\r\n     data-ad-slot=\"8789329856\"\r\n     data-ad-format=\"auto\"\r\n     data-full-width-responsive=\"true\"><\/ins>\r\n<script>\r\n     (adsbygoogle = window.adsbygoogle || []).push({});\r\n<\/script>\n<\/div>\n<h2>O que \u00e9 o Programa Academia da Sa\u00fade?<\/h2>\n<p>O Programa Academia da Sa\u00fade \u00e9 uma iniciativa voltada para o fortalecimento da sa\u00fade p\u00fablica, visando promover h\u00e1bitos de vida saud\u00e1veis e cuidados com a sa\u00fade da popula\u00e7\u00e3o. Iniciado na cidade de S\u00e3o Paulo em 2014, o programa surgiu como parte de uma estrat\u00e9gia de sa\u00fade integrada, integrando profissionais de sa\u00fade em Unidades B\u00e1sicas de Sa\u00fade (UBS) para oferecer atividades f\u00edsicas e educativas de maneira acess\u00edvel a todos.<\/p>\n<h2>Objetivos e Metas do Programa<\/h2>\n<p>Os principais objetivos do Programa Academia da Sa\u00fade incluem:<\/p>\n<ul>\n<li><strong>Promo\u00e7\u00e3o da Sa\u00fade:<\/strong> Incentivar a pr\u00e1tica regular de atividades f\u00edsicas e h\u00e1bitos alimentares saud\u00e1veis.<\/li>\n<li><strong>Educa\u00e7\u00e3o em Sa\u00fade:<\/strong> Proporcionar conhecimento sobre sa\u00fade e bem-estar \u00e0 comunidade.<\/li>\n<li><strong>Integra\u00e7\u00e3o Social:<\/strong> Fomentar a intera\u00e7\u00e3o social, atrav\u00e9s de atividades comunit\u00e1rias que envolvem diferentes grupos da sociedade.<\/li>\n<li><strong>Redu\u00e7\u00e3o de Doen\u00e7as:<\/strong> Contribuir para a diminui\u00e7\u00e3o de doen\u00e7as cr\u00f4nicas relacionadas ao sedentarismo e \u00e0 m\u00e1 alimenta\u00e7\u00e3o.<\/li>\n<\/ul>\n<h2>Hist\u00f3ria do Programa em S\u00e3o Paulo<\/h2>\n<p>O programa foi implementado inicialmente com a cria\u00e7\u00e3o de polos destinados a favorecer a pr\u00e1tica de atividades f\u00edsicas. Desde sua cria\u00e7\u00e3o em 2014, a expans\u00e3o do n\u00famero de polos tem se mostrado significativa, atendendo a diferentes regi\u00f5es da cidade. A ideia \u00e9 que cada vez mais pessoas possam ter acesso a servi\u00e7os de sa\u00fade preventivos e atividades f\u00edsicas.<\/p>\n<p><img decoding=\"async\" src=\"https:\/\/www.encontraermelinomatarazzo.com.br\/sobre\/wp-content\/uploads\/2026\/01\/programa-academia-da-saude.webp\" alt=\"Programa Academia da Sa\u00fade\" loading=\"lazy\" \/><\/p>\n<h2>Benef\u00edcios para a Comunidade<\/h2>\n<p>O Programa Academia da Sa\u00fade traz diversos benef\u00edcios para a comunidade, entre os quais se destacam:<\/p>\n<ul>\n<li><strong>Melhora da Sa\u00fade F\u00edsica:<\/strong> A pr\u00e1tica de exerc\u00edcios f\u00edsicos regulares contribui para a melhoria da sa\u00fade cardiovascular e do bem-estar geral dos participantes.<\/li>\n<li><strong>Apoio \u00e0 Sa\u00fade Mental:<\/strong> A atividade f\u00edsica tamb\u00e9m mostra efeitos positivos na sa\u00fade mental, ajudando a reduzir o estresse e a ansiedade.<\/li>\n<li><strong>Empoderamento Comunit\u00e1rio:<\/strong> Ao fortalecer la\u00e7os sociais, o programa ajuda a criar uma rede de apoio entre os participantes.<\/li>\n<li><strong>Acessibilidade:<\/strong> As atividades s\u00e3o oferecidas gratuitamente, facilitando o acesso a diferentes camadas sociais.<\/li>\n<\/ul>\n<h2>Atividades Oferecidas nas Academias<\/h2>\n<p>As Academias da Sa\u00fade proporcionam uma variedade de atividades f\u00edsicas e educativas, como:<\/p>\n<ul>\n<li><strong>Aulas de Educa\u00e7\u00e3o F\u00edsica:<\/strong> Oficinas de dan\u00e7a, gin\u00e1stica, caminhada orientada e aerobikes.<\/li>\n<li><strong>Workshops de Nutri\u00e7\u00e3o:<\/strong> Palestras e discuss\u00f5es sobre alimenta\u00e7\u00e3o saud\u00e1vel.<\/li>\n<li><strong>Atividades Culturais e Recreativas:<\/strong> Jogos e brincadeiras que geram intera\u00e7\u00e3o e divers\u00e3o.<\/li>\n<li><strong>Programas de Cuidados Especiais:<\/strong> Acompanhamento para grupos espec\u00edficos, como idosos e pessoas com defici\u00eancia.<\/li>\n<\/ul>\n<h2>Pontos de Acesso e Localiza\u00e7\u00e3o<\/h2>\n<p>Atualmente, o Programa Academia da Sa\u00fade conta com 42 polos em funcionamento em diversas regi\u00f5es da cidade de S\u00e3o Paulo. Cada local \u00e9 associado a uma Unidade B\u00e1sica de Sa\u00fade (UBS) e funciona como um ponto central para atividades esportivas e de promo\u00e7\u00e3o da sa\u00fade. Os polos est\u00e3o distribu\u00eddos geograficamente para atender as necessidades de diferentes bairros, garantindo que mais pessoas tenham acesso aos servi\u00e7os.<\/p>\n<h2>Equipe Multiprofissional Envolvida<\/h2>\n<p>O sucesso do programa \u00e9 garantido por uma equipe multiprofissional que inclui:<\/p>\n<ul>\n<li><strong>Profissionais de Educa\u00e7\u00e3o F\u00edsica:<\/strong> Respons\u00e1veis por conduzir as atividades f\u00edsicas de forma segura e eficiente.<\/li>\n<li><strong>Nutricionistas:<\/strong> Oferecem orienta\u00e7\u00f5es sobre alimenta\u00e7\u00e3o equilibrada e saud\u00e1vel.<\/li>\n<li><strong>Psic\u00f3logos:<\/strong> D\u00e3o suporte no aspecto emocional e mental dos participantes.<\/li>\n<li><strong>Assistentes Sociais:<\/strong> Ajudam na integra\u00e7\u00e3o social e no acompanhamento das necessidades da comunidade.<\/li>\n<\/ul>\n<h2>Depoimentos de Participantes<\/h2>\n<p>Os participantes do Programa Academia da Sa\u00fade frequentemente relatam experi\u00eancias positivas. Muitos afirmam que as atividades os ajudaram a:<\/p>\n<ul>\n<li><strong>Reverter condi\u00e7\u00f5es de sa\u00fade:<\/strong> Muitas pessoas conseguiram melhorar sua sa\u00fade geral e at\u00e9 mesmo controlar doen\u00e7as pr\u00e9-existentes.<\/li>\n<li><strong>Aumentar autoestima:<\/strong> A pr\u00e1tica de atividades f\u00edsicas trouxe n\u00e3o apenas benef\u00edcios f\u00edsicos, mas tamb\u00e9m melhorias na autoconfian\u00e7a.<\/li>\n<li><strong>Fazer novas amizades:<\/strong> A intera\u00e7\u00e3o social durante as atividades fortaleceu relacionamentos e fez surgir novas amizades.<\/li>\n<\/ul>\n<h2>Como Participar do Programa<\/h2>\n<p>Para participar do Programa Academia da Sa\u00fade, os interessados devem se dirigir a um dos polos dispon\u00edveis em sua regi\u00e3o e realizar o cadastro. Os passos gerais incluem:<\/p>\n<ul>\n<li>Realizar uma ficha de inscri\u00e7\u00e3o.<\/li>\n<li>Participar de uma avalia\u00e7\u00e3o inicial para definir o melhor plano de atividades.<\/li>\n<li>Come\u00e7ar a usufruir das atividades oferecidas e integrar-se \u00e0 comunidade.<\/li>\n<\/ul>\n<h2>Futuro do Programa Academia da Sa\u00fade<\/h2>\n<p>O futuro do Programa Academia da Sa\u00fade se mostra promissor, com perspectivas de amplia\u00e7\u00e3o do n\u00famero de polos e diversifica\u00e7\u00e3o das atividades. Planos incluem:<\/p>\n<ul>\n<li><strong>Integra\u00e7\u00e3o com Tecnologias:<\/strong> A utiliza\u00e7\u00e3o de aplicativos para monitoramento de atividades e engajamento dos participantes.<\/li>\n<li><strong>Amplia\u00e7\u00e3o de Parcerias:<\/strong> Trabalhar com empresas locais e ONGs para aumentar os servi\u00e7os oferecidos.<\/li>\n<li><strong>Educa\u00e7\u00e3o Continuada:<\/strong> Cria\u00e7\u00e3o de programas de forma\u00e7\u00e3o para os profissionais que atuam nas academias.<\/li>\n<\/ul>\n<p>O Programa Academia da Sa\u00fade \u00e9, portanto, uma iniciativa vital para promover a sa\u00fade e bem-estar da popula\u00e7\u00e3o paulistana, unindo esfor\u00e7os de diversos profissionais e da comunidade.<\/p>\n\n<div style=\"font-size: 0px; height: 0px; line-height: 0px; margin: 0; padding: 0; clear: both;\"><\/div>","protected":false},"excerpt":{"rendered":"<p>O Programa Academia da Sa\u00fade promove sa\u00fade e bem-estar na popula\u00e7\u00e3o de S\u00e3o Paulo.<\/p>\n","protected":false},"author":1,"featured_media":2294,"comment_status":"open","ping_status":"closed","sticky":false,"template":"","format":"standard","meta":{"footnotes":""},"categories":[6],"tags":[],"class_list":["post-2295","post","type-post","status-publish","format-standard","has-post-thumbnail","hentry","category-noticias-em-ermelino-matarazzo","has_thumb"],"aioseo_notices":[],"_links":{"self":[{"href":"https:\/\/www.encontraermelinomatarazzo.com.br\/sobre\/wp-json\/wp\/v2\/posts\/2295","targetHints":{"allow":["GET"]}}],"collection":[{"href":"https:\/\/www.encontraermelinomatarazzo.com.br\/sobre\/wp-json\/wp\/v2\/posts"}],"about":[{"href":"https:\/\/www.encontraermelinomatarazzo.com.br\/sobre\/wp-json\/wp\/v2\/types\/post"}],"author":[{"embeddable":true,"href":"https:\/\/www.encontraermelinomatarazzo.com.br\/sobre\/wp-json\/wp\/v2\/users\/1"}],"replies":[{"embeddable":true,"href":"https:\/\/www.encontraermelinomatarazzo.com.br\/sobre\/wp-json\/wp\/v2\/comments?post=2295"}],"version-history":[{"count":0,"href":"https:\/\/www.encontraermelinomatarazzo.com.br\/sobre\/wp-json\/wp\/v2\/posts\/2295\/revisions"}],"wp:featuredmedia":[{"embeddable":true,"href":"https:\/\/www.encontraermelinomatarazzo.com.br\/sobre\/wp-json\/wp\/v2\/media\/2294"}],"wp:attachment":[{"href":"https:\/\/www.encontraermelinomatarazzo.com.br\/sobre\/wp-json\/wp\/v2\/media?parent=2295"}],"wp:term":[{"taxonomy":"category","embeddable":true,"href":"https:\/\/www.encontraermelinomatarazzo.com.br\/sobre\/wp-json\/wp\/v2\/categories?post=2295"},{"taxonomy":"post_tag","embeddable":true,"href":"https:\/\/www.encontraermelinomatarazzo.com.br\/sobre\/wp-json\/wp\/v2\/tags?post=2295"}],"curies":[{"name":"wp","href":"https:\/\/api.w.org\/{rel}","templated":true}]}}