{"id":2297,"date":"2026-01-28T11:29:40","date_gmt":"2026-01-28T13:29:40","guid":{"rendered":"https:\/\/www.encontraermelinomatarazzo.com.br\/sobre\/lancamento-oficial-do-caderno-no-monguagua\/"},"modified":"2026-01-28T11:29:40","modified_gmt":"2026-01-28T13:29:40","slug":"lancamento-oficial-do-caderno-no-monguagua","status":"publish","type":"post","link":"https:\/\/www.encontraermelinomatarazzo.com.br\/sobre\/lancamento-oficial-do-caderno-no-monguagua\/","title":{"rendered":"Lan\u00e7amento oficial do caderno no Monguagu\u00e1"},"content":{"rendered":"<div class=\"582a572a76647b318fccfc02422c37de\" data-index=\"1\" style=\"float: none; margin:0px;\">\n<!-- Anuncio display - global -->\r\n<ins class=\"adsbygoogle\"\r\n     style=\"display:block\"\r\n     data-ad-client=\"ca-pub-8585364105181520\"\r\n     data-ad-slot=\"8789329856\"\r\n     data-ad-format=\"auto\"\r\n     data-full-width-responsive=\"true\"><\/ins>\r\n<script>\r\n     (adsbygoogle = window.adsbygoogle || []).push({});\r\n<\/script>\n<\/div>\n<h2>O que \u00e9 o Caderno no Monguagu\u00e1?<\/h2>\n<p>O <strong>Caderno no Monguagu\u00e1<\/strong> representa uma iniciativa que visa promover a inclus\u00e3o e o desenvolvimento social na regi\u00e3o de Monguagu\u00e1. Este projeto busca documentar e disseminar informa\u00e7\u00f5es relevantes para a comunidade local, abordando assuntos de interesse geral, servi\u00e7os p\u00fablicos dispon\u00edveis e a\u00e7\u00f5es voltadas ao bem-estar dos cidad\u00e3os. Tais cadernos s\u00e3o instrumentos fundamentais para a dissemina\u00e7\u00e3o do conhecimento e para a mobiliza\u00e7\u00e3o social.<\/p>\n<h2>Import\u00e2ncia da Reuni\u00e3o Externa<\/h2>\n<p>A realiza\u00e7\u00e3o de uma <strong>reuni\u00e3o externa<\/strong> \u00e9 crucial para a promo\u00e7\u00e3o da intera\u00e7\u00e3o entre os moradores e os representantes da administra\u00e7\u00e3o p\u00fablica. O encontro proporciona um espa\u00e7o para que a popula\u00e7\u00e3o expresse suas necessidades, sugest\u00f5es e cr\u00edticas relacionadas \u00e0 gest\u00e3o p\u00fablica. Al\u00e9m disso, contribui para o fortalecimento da transpar\u00eancia e da participa\u00e7\u00e3o cidad\u00e3, aspectos essenciais para a constru\u00e7\u00e3o de uma governan\u00e7a mais democr\u00e1tica.<\/p>\n<h2>Local do Evento: Audit\u00f3rio da SIURB<\/h2>\n<p>O evento ocorrer\u00e1 no <strong>Audit\u00f3rio da SIURB<\/strong>, um espa\u00e7o especialmente preparado para reuni\u00f5es que visam assegurar a acessibilidade e o conforto de todos os participantes. Com uma estrutura adequada, o audit\u00f3rio oferece recursos audiovisuais que facilitam a comunica\u00e7\u00e3o e a apresenta\u00e7\u00e3o de propostas, contribuindo para a efetividade da reuni\u00e3o.<\/p>\n<p><img decoding=\"async\" src=\"https:\/\/www.encontraermelinomatarazzo.com.br\/sobre\/wp-content\/uploads\/2026\/01\/lancamento-oficial-do-caderno-no-monguagua.webp\" alt=\"lan\u00e7amento do caderno no monguagu\u00e1\" loading=\"lazy\" \/><\/p>\n<h2>Participa\u00e7\u00e3o do Subprefeito Alex Ferreira<\/h2>\n<p>O <strong>Subprefeito Alex Ferreira<\/strong> estar\u00e1 presente no evento, demonstrando o compromisso da administra\u00e7\u00e3o local em ouvir e atender as demandas da comunidade. Sua presen\u00e7a traz credibilidade ao encontro e refor\u00e7a a import\u00e2ncia da colabora\u00e7\u00e3o entre os cidad\u00e3os e o poder p\u00fablico. A participa\u00e7\u00e3o de l\u00edderes locais \u00e9 fundamental para garantir que as propostas discutidas sejam consideradas nas a\u00e7\u00f5es futuras da subprefeitura.<\/p>\n<h2>Pautas que Ser\u00e3o Abordadas<\/h2>\n<p>No encontro, diversas pautas ser\u00e3o discutidas, incluindo:<\/p>\n<ul>\n<li><strong>Servi\u00e7os P\u00fablicos:<\/strong> Avalia\u00e7\u00e3o da qualidade e efici\u00eancia dos servi\u00e7os dispon\u00edveis na regi\u00e3o.<\/li>\n<li><strong>Desenvolvimento Social:<\/strong> Projetos e iniciativas voltadas \u00e0 inclus\u00e3o social e gera\u00e7\u00e3o de empregos.<\/li>\n<li><strong>Infraestrutura:<\/strong> Necessidades de melhoramentos nas vias e equipamentos p\u00fablicos.<\/li>\n<li><strong>Seguran\u00e7a P\u00fablica:<\/strong> Discuss\u00e3o sobre medidas para aumentar a seguran\u00e7a e a qualidade de vida da popula\u00e7\u00e3o.<\/li>\n<\/ul>\n<h2>Como o Evento Pode Impactar a Comunidade<\/h2>\n<p>A realiza\u00e7\u00e3o da reuni\u00e3o pode gerar um impacto significativo na vida da comunidade de Monguagu\u00e1. Ao proporcionar um espa\u00e7o para o di\u00e1logo, o evento fortalece a forma\u00e7\u00e3o de uma sociedade mais unida e participativa. A troca de experi\u00eancias e a discuss\u00e3o das pautas contribuir\u00e3o para o desenvolvimento de solu\u00e7\u00f5es para os desafios enfrentados pela popula\u00e7\u00e3o local, aumentando o engajamento c\u00edvico e a responsabilidade social.<\/p>\n<h2>Iniciativas Futuras Relacionadas ao Caderno<\/h2>\n<p>Al\u00e9m do lan\u00e7amento do caderno, outras <strong>iniciativas<\/strong> est\u00e3o previstas, como a realiza\u00e7\u00e3o de workshops e palestras destinadas a capacitar moradores sobre temas relevantes, como educa\u00e7\u00e3o financeira, sa\u00fade, e empreendedorismo. Essas a\u00e7\u00f5es t\u00eam a finalidade de promover o crescimento individual e coletivo, contribuindo para uma comunidade mais forte e coesa.<\/p>\n<h2>Expectativas para o Lan\u00e7amento<\/h2>\n<p>As expectativas para o <strong>lan\u00e7amento do caderno<\/strong> s\u00e3o altas. A popula\u00e7\u00e3o espera que o documento traga informa\u00e7\u00f5es valiosas e que sirva como uma ferramenta eficaz para o aprimoramento das pol\u00edticas p\u00fablicas na regi\u00e3o. O sucesso da iniciativa depender\u00e1 da participa\u00e7\u00e3o ativa da comunidade e da disposi\u00e7\u00e3o dos gestores p\u00fablicos em atender as demandas que surgirem durante o evento.<\/p>\n<h2>Como Participar da Reuni\u00e3o<\/h2>\n<p>A participa\u00e7\u00e3o na reuni\u00e3o \u00e9 aberta a todos os cidad\u00e3os interessados. Para quem deseja contribuir com suas ideias e sugest\u00f5es, \u00e9 recomend\u00e1vel que se apresente no local do evento com um tempo de anteced\u00eancia. A organiza\u00e7\u00e3o incentivar\u00e1 a participa\u00e7\u00e3o ativa e a apresenta\u00e7\u00e3o de propostas, de forma que cada voz possa ser ouvida e respeitada.<\/p>\n<h2>Promo\u00e7\u00e3o da Transpar\u00eancia na Gest\u00e3o P\u00fablica<\/h2>\n<p>A realiza\u00e7\u00e3o de encontros como este \u00e9 uma forma de <strong>promover a transpar\u00eancia<\/strong> na administra\u00e7\u00e3o p\u00fablica. A disposi\u00e7\u00e3o da subprefeitura em dialogar com a sociedade e a cria\u00e7\u00e3o de canais para que a popula\u00e7\u00e3o se manifeste s\u00e3o passos importantes para restaurar a confian\u00e7a no poder p\u00fablico. A transpar\u00eancia \u00e9 um pilar fundamental para a constru\u00e7\u00e3o de uma gest\u00e3o p\u00fablica que atenda aos interesses de todos.<\/p>\n\n<div style=\"font-size: 0px; height: 0px; line-height: 0px; margin: 0; padding: 0; clear: both;\"><\/div>","protected":false},"excerpt":{"rendered":"<p>O lan\u00e7amento do caderno no Monguagu\u00e1 promete impactar a comunidade local. Confira!<\/p>\n","protected":false},"author":1,"featured_media":2296,"comment_status":"open","ping_status":"closed","sticky":false,"template":"","format":"standard","meta":{"footnotes":""},"categories":[6],"tags":[],"class_list":["post-2297","post","type-post","status-publish","format-standard","has-post-thumbnail","hentry","category-noticias-em-ermelino-matarazzo","has_thumb"],"aioseo_notices":[],"_links":{"self":[{"href":"https:\/\/www.encontraermelinomatarazzo.com.br\/sobre\/wp-json\/wp\/v2\/posts\/2297","targetHints":{"allow":["GET"]}}],"collection":[{"href":"https:\/\/www.encontraermelinomatarazzo.com.br\/sobre\/wp-json\/wp\/v2\/posts"}],"about":[{"href":"https:\/\/www.encontraermelinomatarazzo.com.br\/sobre\/wp-json\/wp\/v2\/types\/post"}],"author":[{"embeddable":true,"href":"https:\/\/www.encontraermelinomatarazzo.com.br\/sobre\/wp-json\/wp\/v2\/users\/1"}],"replies":[{"embeddable":true,"href":"https:\/\/www.encontraermelinomatarazzo.com.br\/sobre\/wp-json\/wp\/v2\/comments?post=2297"}],"version-history":[{"count":0,"href":"https:\/\/www.encontraermelinomatarazzo.com.br\/sobre\/wp-json\/wp\/v2\/posts\/2297\/revisions"}],"wp:featuredmedia":[{"embeddable":true,"href":"https:\/\/www.encontraermelinomatarazzo.com.br\/sobre\/wp-json\/wp\/v2\/media\/2296"}],"wp:attachment":[{"href":"https:\/\/www.encontraermelinomatarazzo.com.br\/sobre\/wp-json\/wp\/v2\/media?parent=2297"}],"wp:term":[{"taxonomy":"category","embeddable":true,"href":"https:\/\/www.encontraermelinomatarazzo.com.br\/sobre\/wp-json\/wp\/v2\/categories?post=2297"},{"taxonomy":"post_tag","embeddable":true,"href":"https:\/\/www.encontraermelinomatarazzo.com.br\/sobre\/wp-json\/wp\/v2\/tags?post=2297"}],"curies":[{"name":"wp","href":"https:\/\/api.w.org\/{rel}","templated":true}]}}