{"id":2307,"date":"2026-01-29T11:34:52","date_gmt":"2026-01-29T13:34:52","guid":{"rendered":"https:\/\/www.encontraermelinomatarazzo.com.br\/sobre\/chuvas-colocam-areas-de-sp-em-estado-de-atencao-homem-desaparece-em-enxurrada\/"},"modified":"2026-01-29T11:34:52","modified_gmt":"2026-01-29T13:34:52","slug":"chuvas-colocam-areas-de-sp-em-estado-de-atencao-homem-desaparece-em-enxurrada","status":"publish","type":"post","link":"https:\/\/www.encontraermelinomatarazzo.com.br\/sobre\/chuvas-colocam-areas-de-sp-em-estado-de-atencao-homem-desaparece-em-enxurrada\/","title":{"rendered":"Chuvas colocam \u00e1reas de SP em estado de aten\u00e7\u00e3o; homem desaparece em enxurrada"},"content":{"rendered":"<div class=\"582a572a76647b318fccfc02422c37de\" data-index=\"1\" style=\"float: none; margin:0px;\">\n<!-- Anuncio display - global -->\r\n<ins class=\"adsbygoogle\"\r\n     style=\"display:block\"\r\n     data-ad-client=\"ca-pub-8585364105181520\"\r\n     data-ad-slot=\"8789329856\"\r\n     data-ad-format=\"auto\"\r\n     data-full-width-responsive=\"true\"><\/ins>\r\n<script>\r\n     (adsbygoogle = window.adsbygoogle || []).push({});\r\n<\/script>\n<\/div>\n<h2>Impacto das Chuvas na Cidade<\/h2>\n<p>No dia 28 de janeiro de 2026, a cidade de S\u00e3o Paulo enfrentou intensas chuvas, que resultaram em diversas \u00e1reas sob estado de aten\u00e7\u00e3o. As precipita\u00e7\u00f5es mais significativas foram registradas especialmente na Zona Leste, levando a um cen\u00e1rio ca\u00f3tico com alagamentos e interrup\u00e7\u00f5es nos servi\u00e7os p\u00fablicos.<\/p>\n<h2>Zonas mais Afetadas em S\u00e3o Paulo<\/h2>\n<p>As regi\u00f5es mais impactadas pelas chuvas foram o Itaim Paulista e S\u00e3o Miguel Paulista, que apresentaram os maiores \u00edndices de precipita\u00e7\u00e3o. De acordo com dados coletados pelo Centro de Gerenciamento de Emerg\u00eancias Clim\u00e1ticas (CGE), Itaim Paulista registrou 30,2 mm de chuva, enquanto S\u00e3o Miguel Paulista contabilizou 29,6 mm. Outras \u00e1reas, como Parelheiros na Zona Sul, tamb\u00e9m sofreram com chuvas consider\u00e1veis, totalizando 22,6 mm.<\/p>\n<h2>A\u00e7\u00f5es de Emerg\u00eancia e Resgate<\/h2>\n<p>Ap\u00f3s o in\u00edcio dos temporais, o Corpo de Bombeiros respondeu rapidamente \u00e0s emerg\u00eancias. Eles registraram um n\u00famero elevado de chamadas, totalizando 54 para situa\u00e7\u00f5es de enchente e 9 para quedas de \u00e1rvores. A equipe de resgate estava atenta, buscando garantir a seguran\u00e7a dos cidad\u00e3os e lidar com as ocorr\u00eancias que emergiram devido ao mau tempo.<\/p>\n<p><img decoding=\"async\" src=\"https:\/\/www.encontraermelinomatarazzo.com.br\/sobre\/wp-content\/uploads\/2026\/01\/chuvas-colocam-areas-de-sp-em-estado-de-atencao-homem-desaparece-em-enxurrada.webp\" alt=\"chuvas em SP\" loading=\"lazy\" \/><\/p>\n<h2>Alagamentos na Zona Leste<\/h2>\n<p>A Zona Leste de S\u00e3o Paulo, notadamente afetada, tinha v\u00e1rias ruas e avenidas alagadas, dificultando o tr\u00e1fego e causando transtornos aos residentes. Mesmo ap\u00f3s intensas chuvas, a cidade se mobilizava para minimizar os danos, mas os efeitos das inunda\u00e7\u00f5es se mostraram significativos.<\/p>\n<h2>Casos de Desaparecimento e Busca<\/h2>\n<p>Infelizmente, os \u00edndices elevados de precipita\u00e7\u00e3o tamb\u00e9m trouxeram consequ\u00eancias tr\u00e1gicas. Um homem foi arrastado pela enxurrada na Zona Sul e foi resgatado com vida, apresentando um quadro de sa\u00fade est\u00e1vel. No entanto, outra v\u00edtima, que estava tentando reaver um objeto de um ve\u00edculo durante o alagamento em Suzano, permanece desaparecida. As autoridades, incluindo o Corpo de Bombeiros e a Defesa Civil, continuam mobilizadas em busca da pessoa desaparecida.<\/p>\n<h2>Interrup\u00e7\u00e3o de Servi\u00e7os de Transporte<\/h2>\n<p>Devido aos alagamentos, a opera\u00e7\u00e3o de alguns servi\u00e7os de transporte p\u00fablico tamb\u00e9m foi comprometida. A Linha 12-Safira da CPTM sofreu interrup\u00e7\u00f5es, deixando de operar entre as esta\u00e7\u00f5es Jardim Romano e Engenheiro Manoel Feio. A situa\u00e7\u00e3o come\u00e7ou a ser normalizada \u00e0s 16h, mas foi um reflexo do impacto das chuvas nas opera\u00e7\u00f5es de transporte p\u00fablico.<\/p>\n<h2>Recorde de Chamadas ao Corpo de Bombeiros<\/h2>\n<p>Os bombeiros de S\u00e3o Paulo enfrentaram uma grande demanda de chamadas durante o dia de chuvas intensas. Com um total de 54 registros relacionados, a situa\u00e7\u00e3o exigiu resposta r\u00e1pida e a\u00e7\u00f5es coordenadas para atender \u00e0 popula\u00e7\u00e3o afetada.<\/p>\n<h2>Dicas de Seguran\u00e7a Durante Tempestades<\/h2>\n<p>Em condi\u00e7\u00f5es clim\u00e1ticas adversas, \u00e9 essencial seguir algumas dicas de seguran\u00e7a:<\/p>\n<ul>\n<li><strong>Mantenha-se Atualizado:<\/strong> Acompanhe as previs\u00f5es do tempo e alertas meteorol\u00f3gicos.<\/li>\n<li><strong>Evite \u00c1reas Alagadas:<\/strong> N\u00e3o tente atravessar ruas com \u00e1gua acumulada, pois pode ser perigoso.<\/li>\n<li><strong>Busque Abrigo:<\/strong> Quando as chuvas forem intensas, busque abrigo em pr\u00e9dios seguros ou locais elevados.<\/li>\n<li><strong>Evite Usar Equipamentos El\u00e9tricos:<\/strong> Durante tempestades, minimize o uso de aparelhos el\u00e9tricos para evitar riscos de choque.<\/li>\n<\/ul>\n<h2>Previs\u00e3o do Tempo para os Pr\u00f3ximos Dias<\/h2>\n<p>As previs\u00f5es indicam que o clima deve se acalmar nos pr\u00f3ximos dias, no entanto, os cidad\u00e3os devem permanecer alertas a eventuais mudan\u00e7as. Mudan\u00e7as clim\u00e1ticas podem trazer novas chuvas, portanto, \u00e9 importante estar sempre preparado.<\/p>\n<h2>Como a Popula\u00e7\u00e3o Pode Contribuir<\/h2>\n<p>A colabora\u00e7\u00e3o da popula\u00e7\u00e3o \u00e9 fundamental durante situa\u00e7\u00f5es de emerg\u00eancia. Aqui est\u00e3o algumas formas de contribuir:<\/p>\n<ul>\n<li><strong>Informe as Autoridades:<\/strong> Reporte situa\u00e7\u00f5es de risco como alagamentos e quedas de \u00e1rvores.<\/li>\n<li><strong>Ajude os Vizinhos:<\/strong> Verifique se seus vizinhos est\u00e3o seguros, especialmente as pessoas idosas ou com mobilidade reduzida.<\/li>\n<li><strong>Participe de Campanhas:<\/strong> Envolva-se em iniciativas que busquem minimizar os impactos de desastres, como mutir\u00f5es de limpeza e ajuda a desabrigados.<\/li>\n<\/ul>\n\n<div style=\"font-size: 0px; height: 0px; line-height: 0px; margin: 0; padding: 0; clear: both;\"><\/div>","protected":false},"excerpt":{"rendered":"<p>Chuvas em SP geram alerta de alagamentos e desaparecimento em enxurrada.<\/p>\n","protected":false},"author":1,"featured_media":2306,"comment_status":"open","ping_status":"closed","sticky":false,"template":"","format":"standard","meta":{"footnotes":""},"categories":[6],"tags":[],"class_list":["post-2307","post","type-post","status-publish","format-standard","has-post-thumbnail","hentry","category-noticias-em-ermelino-matarazzo","has_thumb"],"aioseo_notices":[],"_links":{"self":[{"href":"https:\/\/www.encontraermelinomatarazzo.com.br\/sobre\/wp-json\/wp\/v2\/posts\/2307","targetHints":{"allow":["GET"]}}],"collection":[{"href":"https:\/\/www.encontraermelinomatarazzo.com.br\/sobre\/wp-json\/wp\/v2\/posts"}],"about":[{"href":"https:\/\/www.encontraermelinomatarazzo.com.br\/sobre\/wp-json\/wp\/v2\/types\/post"}],"author":[{"embeddable":true,"href":"https:\/\/www.encontraermelinomatarazzo.com.br\/sobre\/wp-json\/wp\/v2\/users\/1"}],"replies":[{"embeddable":true,"href":"https:\/\/www.encontraermelinomatarazzo.com.br\/sobre\/wp-json\/wp\/v2\/comments?post=2307"}],"version-history":[{"count":0,"href":"https:\/\/www.encontraermelinomatarazzo.com.br\/sobre\/wp-json\/wp\/v2\/posts\/2307\/revisions"}],"wp:featuredmedia":[{"embeddable":true,"href":"https:\/\/www.encontraermelinomatarazzo.com.br\/sobre\/wp-json\/wp\/v2\/media\/2306"}],"wp:attachment":[{"href":"https:\/\/www.encontraermelinomatarazzo.com.br\/sobre\/wp-json\/wp\/v2\/media?parent=2307"}],"wp:term":[{"taxonomy":"category","embeddable":true,"href":"https:\/\/www.encontraermelinomatarazzo.com.br\/sobre\/wp-json\/wp\/v2\/categories?post=2307"},{"taxonomy":"post_tag","embeddable":true,"href":"https:\/\/www.encontraermelinomatarazzo.com.br\/sobre\/wp-json\/wp\/v2\/tags?post=2307"}],"curies":[{"name":"wp","href":"https:\/\/api.w.org\/{rel}","templated":true}]}}