{"id":2309,"date":"2026-01-30T11:29:06","date_gmt":"2026-01-30T13:29:06","guid":{"rendered":"https:\/\/www.encontraermelinomatarazzo.com.br\/sobre\/pratica-de-ioga-na-rede-municipal-da-saude-de-sao-paulo-registra-cerca-de-9-mil-grupos-em-2025\/"},"modified":"2026-01-30T11:29:06","modified_gmt":"2026-01-30T13:29:06","slug":"pratica-de-ioga-na-rede-municipal-da-saude-de-sao-paulo-registra-cerca-de-9-mil-grupos-em-2025","status":"publish","type":"post","link":"https:\/\/www.encontraermelinomatarazzo.com.br\/sobre\/pratica-de-ioga-na-rede-municipal-da-saude-de-sao-paulo-registra-cerca-de-9-mil-grupos-em-2025\/","title":{"rendered":"Pr\u00e1tica de Ioga na rede municipal da Sa\u00fade de S\u00e3o Paulo registra cerca de 9 mil grupos em 2025"},"content":{"rendered":"<div class=\"582a572a76647b318fccfc02422c37de\" data-index=\"1\" style=\"float: none; margin:0px;\">\n<!-- Anuncio display - global -->\r\n<ins class=\"adsbygoogle\"\r\n     style=\"display:block\"\r\n     data-ad-client=\"ca-pub-8585364105181520\"\r\n     data-ad-slot=\"8789329856\"\r\n     data-ad-format=\"auto\"\r\n     data-full-width-responsive=\"true\"><\/ins>\r\n<script>\r\n     (adsbygoogle = window.adsbygoogle || []).push({});\r\n<\/script>\n<\/div>\n<h2>A Popularidade da Pr\u00e1tica de Ioga<\/h2>\n<p>A ioga, uma pr\u00e1tica tradicional oriunda da \u00cdndia, tem se tornado cada vez mais reconhecida e adotada por muitas pessoas. Com o objetivo de promover a sa\u00fade f\u00edsica, mental e espiritual, essa atividade n\u00e3o s\u00f3 \u00e9 uma forma de exerc\u00edcio, mas tamb\u00e9m uma abordagem terap\u00eautica que oferece uma vasta gama de benef\u00edcios. Desde suas posturas f\u00edsicas at\u00e9 as t\u00e9cnicas de respira\u00e7\u00e3o e medita\u00e7\u00e3o, a ioga se destaca como uma das pr\u00e1ticas integrativas mais valorizadas na sa\u00fade p\u00fablica.<\/p>\n<p>A populariza\u00e7\u00e3o da ioga nas unidades de sa\u00fade de S\u00e3o Paulo demonstra o apelo dessa pr\u00e1tica. Em 2025, cerca de 9 mil grupos de ioga est\u00e3o registrados em diversas unidades da rede municipal, refletindo um crescimento significativo desde 2016, quando apenas 23 grupos estavam ativos. Esse aumento not\u00e1vel \u00e9 indicativo da aceita\u00e7\u00e3o e do reconhecimento dos benef\u00edcios proporcionados por essa pr\u00e1tica.<\/p>\n<h2>Hist\u00f3ria da Ioga na Sa\u00fade<\/h2>\n<p>A introdu\u00e7\u00e3o da ioga nas unidades de sa\u00fade remonta a anos anteriores, quando come\u00e7ou a ser reconhecida como uma pr\u00e1tica complementar essencial nas abordagens de sa\u00fade p\u00fablica. A Secretaria Municipal da Sa\u00fade (SMS) de S\u00e3o Paulo liderou essa iniciativa, incorporando t\u00e9cnicas integrativas \u00e0s suas estrat\u00e9gias de sa\u00fade. Desde ent\u00e3o, a ioga conquistou espa\u00e7o e admiradores entre os cidad\u00e3os que buscam alternativas para a promo\u00e7\u00e3o do bem-estar.<\/p>\n<h2>Benef\u00edcios da Ioga para a Sa\u00fade Mental<\/h2>\n<p>A pr\u00e1tica regular de ioga traz imensos benef\u00edcios, especialmente para a sa\u00fade mental. Estudiosos e profissionais t\u00eam documentado a efic\u00e1cia da ioga na redu\u00e7\u00e3o do estresse e da ansiedade, ajudando as pessoas a alcan\u00e7arem um estado de relaxamento profundo. Entre os diversos benef\u00edcios oferecidos, destacam-se:<\/p>\n<ul>\n<li><strong>Redu\u00e7\u00e3o do estresse:<\/strong> As t\u00e9cnicas de respira\u00e7\u00e3o e medita\u00e7\u00e3o promovem uma sensa\u00e7\u00e3o de calma e relaxamento.<\/li>\n<li><strong>Melhoria na concentra\u00e7\u00e3o:<\/strong> A pr\u00e1tica estimula a aten\u00e7\u00e3o plena, favorecendo melhor foco nas atividades cotidianas.<\/li>\n<li><strong>Aumento da autoconfian\u00e7a:<\/strong> Ao dominar posturas e t\u00e9cnicas, os praticantes desenvolvem uma conex\u00e3o positiva consigo mesmos.<\/li>\n<li><strong>Promo\u00e7\u00e3o do equil\u00edbrio emocional:<\/strong> A ioga ajuda a criar um espa\u00e7o mental onde \u00e9 mais f\u00e1cil lidar com emo\u00e7\u00f5es desafiadoras.<\/li>\n<\/ul>\n<p>A pr\u00e1tica cont\u00ednua pode levar a uma melhor qualidade de vida, oferecendo uma sensa\u00e7\u00e3o de satisfa\u00e7\u00e3o e paz interior.<\/p>\n<p><img decoding=\"async\" src=\"https:\/\/www.encontraermelinomatarazzo.com.br\/sobre\/wp-content\/uploads\/2026\/01\/pratica-de-ioga-na-rede-municipal-da-saude-de-sao-paulo-registra-cerca-de-9-mil-grupos-em-2025.webp\" alt=\"\" loading=\"lazy\" \/><\/p>\n<h2>Pr\u00e1ticas Integrativas e Complementares<\/h2>\n<p>As Pr\u00e1ticas Integrativas e Complementares em Sa\u00fade (Pics) ocupam um papel vital na rede municipal de sa\u00fade de S\u00e3o Paulo, e a ioga est\u00e1 entre as mais requisitadas. Estas pr\u00e1ticas visam n\u00e3o apenas tratar, mas tamb\u00e9m prevenir doen\u00e7as, oferecendo uma abordagem hol\u00edstica da sa\u00fade. Al\u00e9m da ioga, outras atividades como medita\u00e7\u00e3o e terapias complementares t\u00eam se mostrado eficazes no tratamento de diversos problemas de sa\u00fade, auxiliando na recupera\u00e7\u00e3o de pacientes e na promo\u00e7\u00e3o do bem-estar.<\/p>\n<h2>Crescimento dos Grupos de Ioga<\/h2>\n<p>O crescimento expressivo dos grupos de ioga nos \u00faltimos anos mostra que mais pessoas est\u00e3o se abrindo para as alternativas que buscam uma vida mais saud\u00e1vel. Aqui est\u00e3o alguns n\u00fameros significativos:<\/p>\n<ul>\n<li>2016: 23 grupos<\/li>\n<li>2017: 599 grupos<\/li>\n<li>2018: 1.872 grupos<\/li>\n<li>2019: 1.558 grupos<\/li>\n<li>2020: 560 grupos<\/li>\n<li>2021: 726 grupos<\/li>\n<li>2022: 1.933 grupos<\/li>\n<li>2023: 2.810 grupos<\/li>\n<li>2024: 6.279 grupos<\/li>\n<li>2025: 8.767 grupos<\/li>\n<\/ul>\n<p>Esses n\u00fameros ilustram uma tend\u00eancia crescente na aceita\u00e7\u00e3o da ioga como uma ferramenta importante para a sa\u00fade, refletindo a expans\u00e3o da conscientiza\u00e7\u00e3o sobre a sa\u00fade e bem-estar na sociedade.<\/p>\n<h2>Conex\u00e3o entre Corpo e Mente<\/h2>\n<p>Um dos princ\u00edpios centrais da ioga \u00e9 a conex\u00e3o entre corpo e mente. Esta pr\u00e1tica incentiva os indiv\u00edduos a se reconectarem consigo mesmos, promovendo um entendimento mais profundo das suas necessidades e emo\u00e7\u00f5es. Os exerc\u00edcios proporcionam n\u00e3o apenas benef\u00edcios f\u00edsicos, mas tamb\u00e9m um espa\u00e7o seguro para o crescimento emocional e espiritual. Com essa fus\u00e3o, os praticantes conseguem atingir um estado de harmonia que impacta positivamente suas vidas. O ioga n\u00e3o \u00e9 apenas uma atividade f\u00edsica; \u00e9 uma jornada de autodescoberta e crescimento pessoal.<\/p>\n<h2>Ioga na Cadeira: Inclus\u00e3o e Acessibilidade<\/h2>\n<p>Para garantir que a pr\u00e1tica de ioga seja acess\u00edvel a todos, o programa &#8220;Ioga na Cadeira&#8221; foi criado, permitindo que pessoas com mobilidade reduzida tamb\u00e9m possam participar das atividades. Esta vers\u00e3o adaptada \u00e9 especialmente ben\u00e9fica para idosos e aqueles que possuem limita\u00e7\u00f5es motoras, garantindo que todos possam usufruir dos benef\u00edcios da ioga. No CRPics de Ermelino Matarazzo, as aulas de Ioga na Cadeira ocorrem em hor\u00e1rios regulares, sempre respeitando as limita\u00e7\u00f5es e potencialidades de cada participante.<\/p>\n<h2>Testemunhos de Participantes<\/h2>\n<p>Os relatos de participantes que aderiram ao programa s\u00e3o inspiradores e demonstram o impacto positivo da ioga. Muitas pessoas t\u00eam notado melhorias significativas em sua qualidade de vida. Aqui est\u00e3o algumas das experi\u00eancias compartilhadas:<\/p>\n<ul>\n<li>Alcione Aparecida Palmeira de Souza, de 66 anos, destacou como a ioga a ajudou a melhorar a postura e proporcionou seguran\u00e7a em seu treinamento.<\/li>\n<li>Vanda da Silva Andrade, com 65 anos, afirmou ter reduzido consideravelmente sua medica\u00e7\u00e3o ap\u00f3s come\u00e7ar a praticar ioga na cadeira.<\/li>\n<li>Sonia Regina Garcia, de 68 anos, notou uma melhora significativa em sua locomo\u00e7\u00e3o e qualidade de vida ap\u00f3s inserir a yoga em sua rotina.<\/li>\n<\/ul>\n<p>Esses testemunhos ressaltam o poder da ioga em transformar a vida das pessoas, independentemente das suas condi\u00e7\u00f5es f\u00edsicas.<\/p>\n<h2>O Papel do Instrutor de Ioga<\/h2>\n<p>Os instrutores de ioga desempenham um papel fundamental na pr\u00e1tica, n\u00e3o apenas guiando as posturas, mas tamb\u00e9m sendo facilitadores da experi\u00eancia de autoconhecimento e desenvolvimento pessoal dos praticantes. Com forma\u00e7\u00e3o especializada, eles t\u00eam a responsabilidade de respeitar as individualidades e promover um ambiente acolhedor, onde todos se sintam confort\u00e1veis e seguros para se expressar. O suporte emocional e f\u00edsico que um bom instrutor oferece pode ser decisivo na jornada de transforma\u00e7\u00e3o de cada praticante.<\/p>\n<h2>Como Participar dos Grupos de Ioga<\/h2>\n<p>Participar dos grupos de ioga dispon\u00edveis na rede de sa\u00fade \u00e9 um processo simples e acess\u00edvel. Os interessados devem:<\/p>\n<ul>\n<li>Consultar a unidade de sa\u00fade mais pr\u00f3xima para verificar a disponibilidade de grupos.<\/li>\n<li>Acompanhar os hor\u00e1rios das aulas, que variam entre as diferentes unidades.<\/li>\n<li>Inscrever-se nas turmas, que geralmente possuem um n\u00famero limitado de vagas para garantir um acompanhamento adequado.<\/li>\n<li>Comparecer \u00e0s aulas com vontade de aprender e se conectar.<\/li>\n<\/ul>\n<p>Ao seguir esses passos, os indiv\u00edduos podem se beneficiar da pr\u00e1tica da ioga e, na maior parte das vezes, podem fazer isso gratuitamente, fortalecendo a sa\u00fade e bem-estar na comunidade.<\/p>\n\n<div style=\"font-size: 0px; height: 0px; line-height: 0px; margin: 0; padding: 0; clear: both;\"><\/div>","protected":false},"excerpt":{"rendered":"<p>Pr\u00e1tica de ioga na sa\u00fade p\u00fablica de S\u00e3o Paulo atinge 9 mil grupos em 2025.<\/p>\n","protected":false},"author":1,"featured_media":2308,"comment_status":"open","ping_status":"closed","sticky":false,"template":"","format":"standard","meta":{"footnotes":""},"categories":[6],"tags":[],"class_list":["post-2309","post","type-post","status-publish","format-standard","has-post-thumbnail","hentry","category-noticias-em-ermelino-matarazzo","has_thumb"],"aioseo_notices":[],"_links":{"self":[{"href":"https:\/\/www.encontraermelinomatarazzo.com.br\/sobre\/wp-json\/wp\/v2\/posts\/2309","targetHints":{"allow":["GET"]}}],"collection":[{"href":"https:\/\/www.encontraermelinomatarazzo.com.br\/sobre\/wp-json\/wp\/v2\/posts"}],"about":[{"href":"https:\/\/www.encontraermelinomatarazzo.com.br\/sobre\/wp-json\/wp\/v2\/types\/post"}],"author":[{"embeddable":true,"href":"https:\/\/www.encontraermelinomatarazzo.com.br\/sobre\/wp-json\/wp\/v2\/users\/1"}],"replies":[{"embeddable":true,"href":"https:\/\/www.encontraermelinomatarazzo.com.br\/sobre\/wp-json\/wp\/v2\/comments?post=2309"}],"version-history":[{"count":0,"href":"https:\/\/www.encontraermelinomatarazzo.com.br\/sobre\/wp-json\/wp\/v2\/posts\/2309\/revisions"}],"wp:featuredmedia":[{"embeddable":true,"href":"https:\/\/www.encontraermelinomatarazzo.com.br\/sobre\/wp-json\/wp\/v2\/media\/2308"}],"wp:attachment":[{"href":"https:\/\/www.encontraermelinomatarazzo.com.br\/sobre\/wp-json\/wp\/v2\/media?parent=2309"}],"wp:term":[{"taxonomy":"category","embeddable":true,"href":"https:\/\/www.encontraermelinomatarazzo.com.br\/sobre\/wp-json\/wp\/v2\/categories?post=2309"},{"taxonomy":"post_tag","embeddable":true,"href":"https:\/\/www.encontraermelinomatarazzo.com.br\/sobre\/wp-json\/wp\/v2\/tags?post=2309"}],"curies":[{"name":"wp","href":"https:\/\/api.w.org\/{rel}","templated":true}]}}