{"id":2321,"date":"2026-02-10T11:30:49","date_gmt":"2026-02-10T13:30:49","guid":{"rendered":"https:\/\/www.encontraermelinomatarazzo.com.br\/sobre\/os-blocos-que-agitam-a-zona-leste-no-domingo-de-carnaval-dia-15\/"},"modified":"2026-02-10T11:30:49","modified_gmt":"2026-02-10T13:30:49","slug":"os-blocos-que-agitam-a-zona-leste-no-domingo-de-carnaval-dia-15","status":"publish","type":"post","link":"https:\/\/www.encontraermelinomatarazzo.com.br\/sobre\/os-blocos-que-agitam-a-zona-leste-no-domingo-de-carnaval-dia-15\/","title":{"rendered":"Os blocos que agitam a Zona Leste no domingo de Carnaval, dia 15"},"content":{"rendered":"<div class=\"582a572a76647b318fccfc02422c37de\" data-index=\"1\" style=\"float: none; margin:0px;\">\n<!-- Anuncio display - global -->\r\n<ins class=\"adsbygoogle\"\r\n     style=\"display:block\"\r\n     data-ad-client=\"ca-pub-8585364105181520\"\r\n     data-ad-slot=\"8789329856\"\r\n     data-ad-format=\"auto\"\r\n     data-full-width-responsive=\"true\"><\/ins>\r\n<script>\r\n     (adsbygoogle = window.adsbygoogle || []).push({});\r\n<\/script>\n<\/div>\n<h2>Blocos que Enfeitam a Zona Leste no Domingo de Carnaval<\/h2>\n<p>O <strong>Carnaval de S\u00e3o Paulo<\/strong> promete ser vibrante no dia <strong>15 de fevereiro<\/strong>, especialmente na <strong>Zona Leste<\/strong>, onde uma variedade de blocos estar\u00e1 em a\u00e7\u00e3o. Este dia se transformar\u00e1 em um verdadeiro espet\u00e1culo de divers\u00e3o, com desfiles que preencher\u00e3o as ruas e criar\u00e3o uma atmosfera carnavalesca contagiante.<\/p>\n<p>A folia come\u00e7a cedo, com foli\u00f5es se reunindo para celebrar a festividade ao ar livre. Os blocos atraem tanto os moradores locais quanto aqueles que v\u00eam de outras partes da cidade, desejando vivenciar a alegria dos festejos de Carnaval de forma acess\u00edvel e cheia de tradi\u00e7\u00f5es.<\/p>\n<h2>Programa\u00e7\u00e3o dos Blocos de Carnaval<\/h2>\n<p>A programa\u00e7\u00e3o dos blocos da Zona Leste no dia <strong>15 de fevereiro<\/strong> \u00e9 repleta de op\u00e7\u00f5es, cada uma prometendo entretenimento para todos os gostos:<\/p>\n<p><img decoding=\"async\" src=\"https:\/\/www.encontraermelinomatarazzo.com.br\/sobre\/wp-content\/uploads\/2026\/02\/os-blocos-que-agitam-a-zona-leste-no-domingo-de-carnaval-dia-15.webp\" alt=\"Zona Leste Carnaval 15\" loading=\"lazy\" \/><\/p>\n<ul>\n<li><strong>Afox\u00e9 Omi Aiye<\/strong><br \/>Concentra\u00e7\u00e3o: 14h<br \/>Local: Av. Paranagu\u00e1 \u2013 Ermelino Matarazzo<\/li>\n<li><strong>Bloco Carnavalesco Cultural Caramba do Caramba<\/strong><br \/>Concentra\u00e7\u00e3o: 12h<br \/>Local: R. Padre Virg\u00edlio Campelo, 501 \u2013 Itaim Paulista<\/li>\n<li><strong>Bloco Samba Jorge<\/strong><br \/>Concentra\u00e7\u00e3o: 14h<br \/>Local: R. Guaraita \u2013 Itaim Paulista<\/li>\n<li><strong>Bloco Partideiros do Maria Z\u00e9lia<\/strong><br \/>Concentra\u00e7\u00e3o: 17h<br \/>Local: R. Jos\u00e9 Pinheiro Bezerra &#8211; Mo\u00f3ca<\/li>\n<li><strong>Moradia e Folia ULCM<\/strong><br \/>Concentra\u00e7\u00e3o: 13h30<br \/>Local: R. Vieira Martins &#8211; Mo\u00f3ca<\/li>\n<li><strong>Carna Mooca B\u00e9\u00e9\u00e9\u00e9llo<\/strong><br \/>Concentra\u00e7\u00e3o: 13h<br \/>Local: R. Itabaiana &#8211; Mo\u00f3ca<\/li>\n<li><strong>Bloco do Juiz \u2013 Imperador<\/strong><br \/>Concentra\u00e7\u00e3o: 14h<br \/>Local: Estrada de Mogi das Cruzes \u2013 Penha<\/li>\n<li><strong>Bloco do Temperadinho<\/strong><br \/>Concentra\u00e7\u00e3o: 11h<br \/>Local: R. Miguel Garcia \u2013 Penha<\/li>\n<li><strong>Bloco da Periferia<\/strong><br \/>Concentra\u00e7\u00e3o: 13h<br \/>Local: P\u00e7a. Barra do Ouro \u2013 Penha<\/li>\n<li><strong>Bloco Carnavalesco B\u00fafalos de Vila Prudente<\/strong><br \/>Concentra\u00e7\u00e3o: 13h<br \/>Local: R. Jos\u00e9 dos Reis \u2013 Vila Prudente<\/li>\n<\/ul>\n<h2>Concentra\u00e7\u00e3o dos Blocos<\/h2>\n<p>A concentra\u00e7\u00e3o dos blocos \u00e9 um momento especial em que os foli\u00f5es se re\u00fanem antes de iniciar os desfiles. Cada bloco possui um ponto de encontro espec\u00edfico, e \u00e9 nesse momento que a energia come\u00e7a a se intensificar. Os participantes costumam se enfeitar e preparar seus trajes, ansiosos para se juntar \u00e0 festa nas ruas.<\/p>\n<h2>Os Melhores Blocos na Zona Leste<\/h2>\n<p>Entre os blocos mencionados, alguns se destacam pela sua popularidade e estilo \u00fanico:<\/p>\n<ul>\n<li><strong>Comida e Folia<\/strong>: Este bloco combina a paix\u00e3o por comida e o samba, proporcionando uma verdadeira festa gastron\u00f4mica.<\/li>\n<li><strong>Bloco do Juiz \u2013 Imperador<\/strong>: Conhecido por seus ritmos contagiantes e grande n\u00famero de participantes, \u00e9 ideal para quem busca divers\u00e3o em grupo.<\/li>\n<li><strong>Afox\u00e9 Omi Aiye<\/strong>: Este bloco celebra a cultura afro-brasileira e \u00e9 conhecido por suas dan\u00e7as e m\u00fasicas t\u00edpicas.<\/li>\n<\/ul>\n<h2>Como Chegar aos Blocos<\/h2>\n<p>Chegar aos blocos da Zona Leste pode ser feito de diferentes formas:<\/p>\n<ul>\n<li><strong>Transporte P\u00fablico<\/strong>: A utiliza\u00e7\u00e3o de \u00f4nibus e metr\u00f4 \u00e9 uma das maneiras mais pr\u00e1ticas. Verifique as linhas que atendem os pontos de concentra\u00e7\u00e3o.<\/li>\n<li><strong>Carro Particular<\/strong>: Para quem optar por dirigir, esteja ciente de que algumas \u00e1reas podem ter restri\u00e7\u00f5es de tr\u00e2nsito durante o Carnaval.<\/li>\n<li><strong>Aplicativos de Transporte<\/strong>: Plataformas como Uber e 99 oferecem uma alternativa conveniente, especialmente nas grandes aglomera\u00e7\u00f5es.<\/li>\n<\/ul>\n<h2>Dicas para Aproveitar o Carnaval<\/h2>\n<p>Para maximizar sua experi\u00eancia durante o Carnaval na Zona Leste, considere as seguintes dicas:<\/p>\n<ul>\n<li><strong>Chegue Cedo<\/strong>: A antecipa\u00e7\u00e3o pode garantir um bom lugar na concentra\u00e7\u00e3o e evitar filas.<\/li>\n<li><strong>Use Roupas Confort\u00e1veis<\/strong>: O clima festivo envolve dan\u00e7a e movimento, ent\u00e3o escolha roupas que permitam liberdade de movimento.<\/li>\n<li><strong>Hidrate-se<\/strong>: Assim como em qualquer evento ao ar livre, manter a hidrata\u00e7\u00e3o \u00e9 fundamental.<\/li>\n<\/ul>\n<h2>Regras de Seguran\u00e7a no Carnaval<\/h2>\n<p>A seguran\u00e7a deve ser sempre uma prioridade durante os festejos:<\/p>\n<ul>\n<li><strong>Esteja Ciente do Ambiente<\/strong>: Fique atento a seus pertences e evite \u00e1reas superlotadas.<\/li>\n<li><strong>Leve Apenas o Necess\u00e1rio<\/strong>: Minimizar os itens na bolsa ajuda a prevenir perdas e facilita a movimenta\u00e7\u00e3o.<\/li>\n<li><strong>Use Protetor Solar<\/strong>: Prote\u00e7\u00e3o contra os raios UV \u00e9 vital, principalmente se o dia estiver ensolarado.<\/li>\n<\/ul>\n<h2>A Hist\u00f3ria dos Blocos de Rua<\/h2>\n<p>Os blocos de rua t\u00eam ra\u00edzes profundas na cultura brasileira, simbolizando a express\u00e3o popular e a uni\u00e3o em torno da m\u00fasica e dan\u00e7a. Tradicionalmente, eles surgiram principalmente no s\u00e9culo XX, como uma forma de celebra\u00e7\u00e3o democr\u00e1tica e acess\u00edvel a todos.<\/p>\n<h2>Participa\u00e7\u00e3o da Comunidade<\/h2>\n<p>A participa\u00e7\u00e3o da comunidade \u00e9 essencial para o sucesso dos blocos, promovendo um esp\u00edrito de coletividade. Moradores costumam ajudar na organiza\u00e7\u00e3o, na seguran\u00e7a e no entusiasmo da festa, fortalecendo os la\u00e7os sociais.<\/p>\n<h2>O Impacto Cultural do Carnaval<\/h2>\n<p>O Carnaval vai al\u00e9m da festividade; ele representa uma importante manifesta\u00e7\u00e3o cultural que valoriza a diversidade brasileira e promove a inclus\u00e3o. Blocos re\u00fanem diferentes estilos musicais e tend\u00eancias, refletindo a riqueza cultural do pa\u00eds.<\/p>\n<h2>Fotos e Momentos Inesquec\u00edveis<\/h2>\n<p>N\u00e3o se esque\u00e7a de capturar os momentos especiais durante a folia. As fotos tiradas durante os desfiles n\u00e3o s\u00f3 ajudam na recorda\u00e7\u00e3o de experi\u00eancias, mas tamb\u00e9m incentivam a difus\u00e3o da cultura carnavalesca. Compartilhe sua alegria nas redes sociais para inspirar outros a se juntarem \u00e0 celebra\u00e7\u00e3o nos anos seguintes.<\/p>\n\n<div style=\"font-size: 0px; height: 0px; line-height: 0px; margin: 0; padding: 0; clear: both;\"><\/div>","protected":false},"excerpt":{"rendered":"<p>Blocos do Carnaval agitam a Zona Leste em S\u00e3o Paulo no dia 15.<\/p>\n","protected":false},"author":1,"featured_media":2320,"comment_status":"open","ping_status":"closed","sticky":false,"template":"","format":"standard","meta":{"footnotes":""},"categories":[6],"tags":[],"class_list":["post-2321","post","type-post","status-publish","format-standard","has-post-thumbnail","hentry","category-noticias-em-ermelino-matarazzo","has_thumb"],"aioseo_notices":[],"_links":{"self":[{"href":"https:\/\/www.encontraermelinomatarazzo.com.br\/sobre\/wp-json\/wp\/v2\/posts\/2321","targetHints":{"allow":["GET"]}}],"collection":[{"href":"https:\/\/www.encontraermelinomatarazzo.com.br\/sobre\/wp-json\/wp\/v2\/posts"}],"about":[{"href":"https:\/\/www.encontraermelinomatarazzo.com.br\/sobre\/wp-json\/wp\/v2\/types\/post"}],"author":[{"embeddable":true,"href":"https:\/\/www.encontraermelinomatarazzo.com.br\/sobre\/wp-json\/wp\/v2\/users\/1"}],"replies":[{"embeddable":true,"href":"https:\/\/www.encontraermelinomatarazzo.com.br\/sobre\/wp-json\/wp\/v2\/comments?post=2321"}],"version-history":[{"count":0,"href":"https:\/\/www.encontraermelinomatarazzo.com.br\/sobre\/wp-json\/wp\/v2\/posts\/2321\/revisions"}],"wp:featuredmedia":[{"embeddable":true,"href":"https:\/\/www.encontraermelinomatarazzo.com.br\/sobre\/wp-json\/wp\/v2\/media\/2320"}],"wp:attachment":[{"href":"https:\/\/www.encontraermelinomatarazzo.com.br\/sobre\/wp-json\/wp\/v2\/media?parent=2321"}],"wp:term":[{"taxonomy":"category","embeddable":true,"href":"https:\/\/www.encontraermelinomatarazzo.com.br\/sobre\/wp-json\/wp\/v2\/categories?post=2321"},{"taxonomy":"post_tag","embeddable":true,"href":"https:\/\/www.encontraermelinomatarazzo.com.br\/sobre\/wp-json\/wp\/v2\/tags?post=2321"}],"curies":[{"name":"wp","href":"https:\/\/api.w.org\/{rel}","templated":true}]}}