{"id":2325,"date":"2026-02-16T11:29:05","date_gmt":"2026-02-16T13:29:05","guid":{"rendered":"https:\/\/www.encontraermelinomatarazzo.com.br\/sobre\/domingo-de-carnaval-em-sp-tem-os-blocos-domingo-ela-nao-vai-e-ritaleena\/"},"modified":"2026-02-16T11:29:05","modified_gmt":"2026-02-16T13:29:05","slug":"domingo-de-carnaval-em-sp-tem-os-blocos-domingo-ela-nao-vai-e-ritaleena","status":"publish","type":"post","link":"https:\/\/www.encontraermelinomatarazzo.com.br\/sobre\/domingo-de-carnaval-em-sp-tem-os-blocos-domingo-ela-nao-vai-e-ritaleena\/","title":{"rendered":"Domingo de Carnaval em SP tem os blocos &#8220;Domingo ela n\u00e3o vai&#8221; e &#8220;Ritaleena&#8221;"},"content":{"rendered":"<div class=\"582a572a76647b318fccfc02422c37de\" data-index=\"1\" style=\"float: none; margin:0px;\">\n<!-- Anuncio display - global -->\r\n<ins class=\"adsbygoogle\"\r\n     style=\"display:block\"\r\n     data-ad-client=\"ca-pub-8585364105181520\"\r\n     data-ad-slot=\"8789329856\"\r\n     data-ad-format=\"auto\"\r\n     data-full-width-responsive=\"true\"><\/ins>\r\n<script>\r\n     (adsbygoogle = window.adsbygoogle || []).push({});\r\n<\/script>\n<\/div>\n<h2>Atra\u00e7\u00f5es do Domingo de Carnaval em S\u00e3o Paulo<\/h2>\n<p>No domingo de Carnaval, S\u00e3o Paulo se transforma em um grande palco para a festa popular. Entre os blocos mais aguardados, destacam-se o <strong>&#8220;Domingo ela n\u00e3o vai&#8221;<\/strong> e <strong>&#8220;Ritaleena&#8221;<\/strong>, que prometem agitar os foli\u00f5es. O primeiro conta com a presen\u00e7a da ic\u00f4nica cantora <strong>Gretchen<\/strong>, que se apresentar\u00e1 em seu trio el\u00e9trico, tornando o evento ainda mais especial.<\/p>\n<p>Al\u00e9m disso, outros blocos como <strong>&#8220;Bloco da Pocah&#8221;<\/strong> e o <strong>&#8220;Sertanejinho do Tel\u00f3&#8221;<\/strong> tamb\u00e9m est\u00e3o na programa\u00e7\u00e3o, atraindo diversos p\u00fablicos para diferentes regi\u00f5es da cidade. Assim, cada esquina e rua se transforma em um espa\u00e7o de celebra\u00e7\u00e3o e alegria, com ritmos que variam do funk ao sertanejo.<\/p>\n<h2>Programa\u00e7\u00e3o Completa dos Blocos<\/h2>\n<p>A programa\u00e7\u00e3o dos blocos em S\u00e3o Paulo no domingo \u00e9 repleta de atra\u00e7\u00f5es, come\u00e7ando com o <strong>&#8220;Saia de Chita&#8221;<\/strong> \u00e0s 9h da manh\u00e3, que promete tirar o foli\u00e3o de casa logo cedo. A tabela a seguir detalha os hor\u00e1rios e locais dos blocos:<\/p>\n<p><img decoding=\"async\" src=\"https:\/\/www.encontraermelinomatarazzo.com.br\/sobre\/wp-content\/uploads\/2026\/02\/domingo-de-carnaval-em-sp-tem-os-blocos-domingo-ela-nao-vai-e-ritaleena.webp\" alt=\"Domingo de Carnaval em SP\" loading=\"lazy\" \/><\/p>\n<table>\n<thead>\n<tr>\n<th>Nome do Bloco<\/th>\n<th>Localiza\u00e7\u00e3o<\/th>\n<th>Hor\u00e1rio<\/th>\n<\/tr>\n<\/thead>\n<tbody>\n<tr>\n<td>Saia de Chita<\/td>\n<td>Centro<\/td>\n<td>09h00<\/td>\n<\/tr>\n<tr>\n<td>Ritaleena<\/td>\n<td>Pinheiros<\/td>\n<td>12h00<\/td>\n<\/tr>\n<tr>\n<td>Bloco da Pocah<\/td>\n<td>Centro<\/td>\n<td>13h00<\/td>\n<\/tr>\n<tr>\n<td>Sertanejinho do Tel\u00f3<\/td>\n<td>Parque Ibirapuera<\/td>\n<td>11h00<\/td>\n<\/tr>\n<\/tbody>\n<\/table>\n<p>Com todos esses blocos, a cidade se enche de alegria e m\u00fasica, tornando-se um verdadeiro caldeir\u00e3o cultural.<\/p>\n<h2>Seguran\u00e7a nos Blocos e Medidas Adotadas<\/h2>\n<p>A seguran\u00e7a \u00e9 uma prioridade nas festividades de Carnaval, especialmente ap\u00f3s algumas ocorr\u00eancias preocupantes nos blocos do dia anterior. Para garantir a tranquilidade dos foli\u00f5es, a pol\u00edcia est\u00e1 intensificando a presen\u00e7a em \u00e1reas centrais e de grande concentra\u00e7\u00e3o de pessoas.<\/p>\n<p>No s\u00e1bado, por exemplo, a pol\u00edcia prendeu um grupo suspeito de furtos, resultando em um alerta sobre a import\u00e2ncia de se manter atento aos pertences pessoais. As for\u00e7as de seguran\u00e7a t\u00eam adotado medidas, como a presen\u00e7a de policiais \u00e0 paisana e bloqueios estrat\u00e9gicos, visando coibir a\u00e7\u00f5es delituosas.<\/p>\n<h2>Concentra\u00e7\u00e3o e Hor\u00e1rios dos Blocos<\/h2>\n<p>A concentra\u00e7\u00e3o dos blocos varia conforme sua localiza\u00e7\u00e3o e programa\u00e7\u00e3o. Aqui est\u00e3o alguns dos principais blocos de carnaval na cidade e seus hor\u00e1rios de concentra\u00e7\u00e3o:<\/p>\n<ul>\n<li><strong>BLOCO CARNAVALESCO Z\u00c9 DA ESKINA<\/strong> &#8211; Jardim Santo Elias &#8211; 15h \u00e0s 18h;<\/li>\n<li><strong>Os Donos da Rua<\/strong> &#8211; Vila Portugal &#8211; 16h \u00e0s 18h;<\/li>\n<li><strong>JBAS I\u00e9RIO Alegrando as Ruas e Cora\u00e7\u00f5es<\/strong> &#8211; Vila Marina &#8211; 13h \u00e0s 17h;<\/li>\n<li><strong>Bloco Comunidade 100% Iracema<\/strong> &#8211; Parque Sao Luis &#8211; 17h \u00e0s 18h;<\/li>\n<li><strong>Vem que a Folia \u00e9 de Praxe<\/strong> &#8211; Parque Panamericano &#8211; 13h \u00e0s 17h;<\/li>\n<\/ul>\n<p>Ao longo do dia, a programa\u00e7\u00e3o continua com uma diversidade de ritmos e estilos, garantindo que cada foli\u00e3o encontre uma festa que lhe agrade.<\/p>\n<h2>Dicas para Aproveitar o Carnaval<\/h2>\n<p>Para tirar o m\u00e1ximo proveito do Carnaval em S\u00e3o Paulo, aqui est\u00e3o algumas dicas \u00fateis:<\/p>\n<ul>\n<li><strong>Chegue cedo:<\/strong> Os blocos costumam se encher rapidamente, ent\u00e3o chegar antes do hor\u00e1rio marcado pode garantir um bom lugar.<\/li>\n<li><strong>Use roupas confort\u00e1veis:<\/strong> Para aproveitar a folia, \u00e9 essencial que a vestimenta seja leve e confort\u00e1vel.<\/li>\n<li><strong>Mantenha-se hidratado:<\/strong> Com o calor, \u00e9 importante beber bastante \u00e1gua durante o dia para evitar desidrata\u00e7\u00e3o.<\/li>\n<li><strong>Fique atento aos seus pertences:<\/strong> Com a agita\u00e7\u00e3o, \u00e9 f\u00e1cil perder ou ter objetos pessoais furtados. Mantenha seus itens seguros.<\/li>\n<li><strong>Use protetor solar:<\/strong> Proteger a pele \u00e9 fundamental, j\u00e1 que as festividades acontecem ao ar livre e ao sol.<\/li>\n<\/ul>\n<h2>Impacto dos Eventos na Cidade<\/h2>\n<p>Os blocos de Carnaval t\u00eam um impacto significativo sobre a cidade, promovendo n\u00e3o apenas uma festa de alegria e cultura, mas tamb\u00e9m um incremento na economia local. Barracas de comidas, bebidas e artesanato s\u00e3o montadas, e milhares de pessoas circulam, o que movimenta o com\u00e9rcio.<\/p>\n<p>Al\u00e9m disso, o Carnaval \u00e9 uma vitrine para a diversidade cultural de S\u00e3o Paulo, reunindo pessoas de todos os cantos, criando um ambiente democr\u00e1tico e festivo que reflete a personalidade da cidade.<\/p>\n<h2>Expectativas para os Foli\u00f5es<\/h2>\n<p>As expectativas dos foli\u00f5es para o domingo de Carnaval s\u00e3o altas. Muitos adeptos se preparam durante todo o ano para essa \u00e9poca, garantindo fantasias, ensaiando coreografias e reunindo amigos para curtir juntos. A esperan\u00e7a de descontra\u00e7\u00e3o, m\u00fasica e boas companhias \u00e9 o que move os participantes.<\/p>\n<p>Os relatos de felicidade e uni\u00e3o s\u00e3o comuns, e as redes sociais provavelmente estar\u00e3o repletas de imagens e v\u00eddeos dos melhores momentos, celebrando o esp\u00edrito festivo.<\/p>\n<h2>A Hist\u00f3ria dos Blocos de Carnaval em SP<\/h2>\n<p>A tradi\u00e7\u00e3o dos blocos de Carnaval em S\u00e3o Paulo remonta a d\u00e9cadas atr\u00e1s. A festa evoluiu de pequenas comemora\u00e7\u00f5es de rua para grandes eventos, atraindo cada vez mais foli\u00f5es ano ap\u00f3s ano. Atualmente, os blocos se tornaram uma marca registrada do carnaval paulistano, oferecendo uma rica mistura de criatividade e cultura popular.<\/p>\n<p>Essa evolu\u00e7\u00e3o pode ser observada n\u00e3o apenas nas m\u00fasicas e dan\u00e7as, mas tamb\u00e9m nas tem\u00e1ticas criativas que os blocos prop\u00f5em, refletindo quest\u00f5es sociais e pol\u00edticas, promovendo inclusividade e diversidade.<\/p>\n<h2>Sustentabilidade e Folia<\/h2>\n<p>A cada ano, cresce a preocupa\u00e7\u00e3o com a sustentabilidade durante as festividades de Carnaval. V\u00e1rios blocos t\u00eam implementado iniciativas para minimizar o impacto ambiental, como o uso de copos reutiliz\u00e1veis, coleta seletiva de lixo e a promo\u00e7\u00e3o do transporte p\u00fablico.<\/p>\n<p>Essas pr\u00e1ticas visam n\u00e3o apenas promover a folia, mas tamb\u00e9m conscientizar os foli\u00f5es sobre a import\u00e2ncia da preserva\u00e7\u00e3o ambiental, garantindo que a festa possa continuar a acontecer nos pr\u00f3ximos anos sem prejudicar a natureza.<\/p>\n<h2>O Que Levar para o Carnaval<\/h2>\n<p>Ao sair para aproveitar o Carnaval em S\u00e3o Paulo, \u00e9 fundamental estar preparado. Confira uma lista do que levar:<\/p>\n<ul>\n<li><strong>Documentos e dinheiro:<\/strong> Tenha sempre uma c\u00f3pia de documentos pessoais e um pouco de dinheiro para eventuais despesas.<\/li>\n<li><strong>\u00c1gua:<\/strong> Uma garrafa de \u00e1gua \u00e9 essencial para se manter hidratado durante todo o dia.<\/li>\n<li><strong>Protetor solar:<\/strong> Imprescind\u00edvel para proteger a pele dos raios solares.<\/li>\n<li><strong>Snacks:<\/strong> Barras de cereal ou frutas podem ajudar a manter a energia durante as festividades.<\/li>\n<li><strong>Um pequeno saco ou mochila:<\/strong> Para carregar seus itens e ajudar com a coleta de lixo, se poss\u00edvel.<\/li>\n<\/ul>\n<p>Com essas dicas e informa\u00e7\u00f5es, o domingo de Carnaval em S\u00e3o Paulo est\u00e1 preparado para ser um dia memor\u00e1vel, cheio de m\u00fasica, dan\u00e7a e celebra\u00e7\u00e3o!<\/p>\n\n<div style=\"font-size: 0px; height: 0px; line-height: 0px; margin: 0; padding: 0; clear: both;\"><\/div>","protected":false},"excerpt":{"rendered":"<p>Domingo de Carnaval em SP traz blocos animados e muita folia. N\u00e3o perca!<\/p>\n","protected":false},"author":1,"featured_media":2324,"comment_status":"open","ping_status":"closed","sticky":false,"template":"","format":"standard","meta":{"footnotes":""},"categories":[6],"tags":[],"class_list":["post-2325","post","type-post","status-publish","format-standard","has-post-thumbnail","hentry","category-noticias-em-ermelino-matarazzo","has_thumb"],"aioseo_notices":[],"_links":{"self":[{"href":"https:\/\/www.encontraermelinomatarazzo.com.br\/sobre\/wp-json\/wp\/v2\/posts\/2325","targetHints":{"allow":["GET"]}}],"collection":[{"href":"https:\/\/www.encontraermelinomatarazzo.com.br\/sobre\/wp-json\/wp\/v2\/posts"}],"about":[{"href":"https:\/\/www.encontraermelinomatarazzo.com.br\/sobre\/wp-json\/wp\/v2\/types\/post"}],"author":[{"embeddable":true,"href":"https:\/\/www.encontraermelinomatarazzo.com.br\/sobre\/wp-json\/wp\/v2\/users\/1"}],"replies":[{"embeddable":true,"href":"https:\/\/www.encontraermelinomatarazzo.com.br\/sobre\/wp-json\/wp\/v2\/comments?post=2325"}],"version-history":[{"count":0,"href":"https:\/\/www.encontraermelinomatarazzo.com.br\/sobre\/wp-json\/wp\/v2\/posts\/2325\/revisions"}],"wp:featuredmedia":[{"embeddable":true,"href":"https:\/\/www.encontraermelinomatarazzo.com.br\/sobre\/wp-json\/wp\/v2\/media\/2324"}],"wp:attachment":[{"href":"https:\/\/www.encontraermelinomatarazzo.com.br\/sobre\/wp-json\/wp\/v2\/media?parent=2325"}],"wp:term":[{"taxonomy":"category","embeddable":true,"href":"https:\/\/www.encontraermelinomatarazzo.com.br\/sobre\/wp-json\/wp\/v2\/categories?post=2325"},{"taxonomy":"post_tag","embeddable":true,"href":"https:\/\/www.encontraermelinomatarazzo.com.br\/sobre\/wp-json\/wp\/v2\/tags?post=2325"}],"curies":[{"name":"wp","href":"https:\/\/api.w.org\/{rel}","templated":true}]}}