{"id":2331,"date":"2026-02-18T11:14:43","date_gmt":"2026-02-18T13:14:43","guid":{"rendered":"https:\/\/www.encontraermelinomatarazzo.com.br\/sobre\/segundo-dia-de-chuva-provoca-novos-alagamentos-e-carros-ilhados-em-sp\/"},"modified":"2026-02-18T11:14:43","modified_gmt":"2026-02-18T13:14:43","slug":"segundo-dia-de-chuva-provoca-novos-alagamentos-e-carros-ilhados-em-sp","status":"publish","type":"post","link":"https:\/\/www.encontraermelinomatarazzo.com.br\/sobre\/segundo-dia-de-chuva-provoca-novos-alagamentos-e-carros-ilhados-em-sp\/","title":{"rendered":"Segundo dia de chuva provoca novos alagamentos e carros ilhados em SP"},"content":{"rendered":"<div class=\"582a572a76647b318fccfc02422c37de\" data-index=\"1\" style=\"float: none; margin:0px;\">\n<!-- Anuncio display - global -->\r\n<ins class=\"adsbygoogle\"\r\n     style=\"display:block\"\r\n     data-ad-client=\"ca-pub-8585364105181520\"\r\n     data-ad-slot=\"8789329856\"\r\n     data-ad-format=\"auto\"\r\n     data-full-width-responsive=\"true\"><\/ins>\r\n<script>\r\n     (adsbygoogle = window.adsbygoogle || []).push({});\r\n<\/script>\n<\/div>\n<h2>Cen\u00e1rio de Transtornos na Capital<\/h2>\n<p>A cidade de S\u00e3o Paulo enfrenta um panorama complicado devido \u00e0s chuvas intensas que se repetem ao longo do tempo. No dia 28 de janeiro de 2026, essa situa\u00e7\u00e3o se agravou, resultando em novos alagamentos e ve\u00edculos ilhados. As incoer\u00eancias no sistema de drenagem da capital culminam em interrup\u00e7\u00f5es no transporte p\u00fablico e em v\u00e1rias opera\u00e7\u00f5es de resgate para indiv\u00edduos presos em ve\u00edculos ou em \u00e1reas alagadas.<\/p>\n<h2>Moradores Ilhados e Resgates Urgentes<\/h2>\n<p>Os bairros mais afetados, principalmente na Zona Leste, registraram um aumento significativo de pessoas ilhadas. Moradores foram arrastados para a correnteza, sendo necess\u00e1rio o apoio dos servi\u00e7os de emerg\u00eancia. Em uma das ocorr\u00eancias, um homem foi retirado da Avenida Garcia de \u00c1vila e levado para atendimento m\u00e9dico, o que evidencia a gravidade da situa\u00e7\u00e3o.<\/p>\n<h2>Impacto no Transporte P\u00fablico<\/h2>\n<p>Al\u00e9m das dificuldades enfrentadas pelos motoristas, o transporte p\u00fablico tamb\u00e9m foi fortemente impactado. A CPTM, respons\u00e1vel pelo transporte ferrovi\u00e1rio, interrompeu a circula\u00e7\u00e3o na Linha 12-Safira, entre as esta\u00e7\u00f5es Jardim Romano e Engenheiro Manoel Feio, por um per\u00edodo de quase duas horas. Durante esse intervalo, \u00f4nibus emergenciais foram acionados para garantir a locomo\u00e7\u00e3o dos passageiros.<\/p>\n<p><img decoding=\"async\" src=\"https:\/\/www.encontraermelinomatarazzo.com.br\/sobre\/wp-content\/uploads\/2026\/02\/segundo-dia-de-chuva-provoca-novos-alagamentos-e-carros-ilhados-em-sp.webp\" alt=\"alagamentos\" loading=\"lazy\" \/><\/p>\n<h2>Volumes de Chuva na Zona Leste<\/h2>\n<p>A Zona Leste de S\u00e3o Paulo foi a regi\u00e3o que mais recebeu precipita\u00e7\u00e3o nas \u00faltimas horas. De acordo com o Centro de Gerenciamento de Emerg\u00eancias Clim\u00e1ticas (CGE), bairros como Itaim Paulista e S\u00e3o Miguel Paulista registraram \u00edndices superiores a 30 mm. De forma ainda mais alarmante, a rede telem\u00e9trica do Alto Tiet\u00ea indicou quase 70 mm no C\u00f3rrego Itaim, em localidades que enfrentam problemas hist\u00f3ricos de alagamentos.<\/p>\n<h2>Alerta Meteorol\u00f3gico em S\u00e3o Paulo<\/h2>\n<p>O sistema de alerta meteorol\u00f3gico foi acionado duas vezes durante a tarde do dia 28. O primeiro aviso foi emitido para a Zona Sul, e logo em seguida, Zonas Leste e Sudeste foram inclu\u00eddas no alerta. A situa\u00e7\u00e3o meteorol\u00f3gica era alarmante, com chuvas perturbadoras que se formavam devido ao calor intenso e \u00e0 brisa mar\u00edtima, grupos que se deslocavam lentamente e com forte intensidade.<\/p>\n<h2>Implica\u00e7\u00f5es da Infraestrutura Urbana<\/h2>\n<p>A infraestrutura urbana em S\u00e3o Paulo tem se mostrado insuficiente para lidar com os volumes de \u00e1gua em situa\u00e7\u00f5es de chuva. As obras de drenagem frequentemente s\u00e3o alvo de cr\u00edtica, e muitos cidad\u00e3os apontam que as solu\u00e7\u00f5es precisam ser revistas. A eleva\u00e7\u00e3o no n\u00famero de ocorr\u00eancias relacionadas a alagamentos refor\u00e7a essa necessidade urgente de repensar e investir na melhoria da infraestrutura urbana.<\/p>\n<h2>Aumento das Inunda\u00e7\u00f5es em 2026<\/h2>\n<p>Dados recentes revelam que em 2026 o n\u00famero de alagamentos e inunda\u00e7\u00f5es teve um aumento alarmante em compara\u00e7\u00e3o ao ano anterior. Relat\u00f3rios demonstram um crescimento de 31% nos casos de alagamentos e um assustador aumento de 61% nas inunda\u00e7\u00f5es, sinalizando uma tend\u00eancia preocupante que deve ser abordada por meio de a\u00e7\u00f5es integradas entre autoridades e a popula\u00e7\u00e3o.<\/p>\n<h2>Hist\u00f3rico de Chuvas na Regi\u00e3o<\/h2>\n<p>O hist\u00f3rico de chuvas em S\u00e3o Paulo mostra um padr\u00e3o de precipita\u00e7\u00f5es intensas que ocorrem em determinadas \u00e9pocas do ano, especialmente durante o ver\u00e3o. Este \u00e9 um per\u00edodo em que a cidade normalmente enfrenta grandes desafios relacionados ao ac\u00famulo de \u00e1gua, o que resulta em transtornos significativos para os habitantes e para a infraestrutura.<\/p>\n<h2>O Papel dos C\u00f3rregos na Cidade<\/h2>\n<p>Os c\u00f3rregos que cortam a cidade t\u00eam um papel crucial na drenagem natural. No entanto, muitos est\u00e3o em estado prec\u00e1rio devido \u00e0 urbaniza\u00e7\u00e3o desordenada e ao ac\u00famulo de res\u00edduos. Isso contribui para o transbordamento e a forma\u00e7\u00e3o de alagamentos, tornando a gest\u00e3o dos recursos h\u00eddricos ainda mais desafiadora.<\/p>\n<h2>Medidas para Prevenir Alagamentos Futuramente<\/h2>\n<p>A preven\u00e7\u00e3o de alagamentos em S\u00e3o Paulo requer uma abordagem multifacetada. Algumas medidas que podem ajudar incluem:<\/p>\n<ul>\n<li><strong>Investimento em Infraestrutura:<\/strong> Melhorar e expandir a drenagem urbana \u00e9 essencial para aumentar a capacidade de absor\u00e7\u00e3o de \u00e1gua da chuva.<\/li>\n<li><strong>A\u00e7\u00f5es de Educa\u00e7\u00e3o Ambiental:<\/strong> Instruir os cidad\u00e3os sobre o descarte correto de lixo para evitar entupimentos em bueiros e c\u00f3rregos.<\/li>\n<li><strong>Cria\u00e7\u00e3o de \u00c1reas de Absor\u00e7\u00e3o:<\/strong> Desenvolver \u00e1reas verdes ou de infiltra\u00e7\u00e3o que possam ajudar a reduzir a quantidade de \u00e1gua que chega ao sistema de drenagem durante as chuvas.<\/li>\n<li><strong>Monitoramento Cont\u00ednuo:<\/strong> Implementar sistemas de monitoramento das condi\u00e7\u00f5es clim\u00e1ticas para emitir alertas mais r\u00e1pidos e eficientes para a popula\u00e7\u00e3o.<\/li>\n<\/ul>\n<p>O cen\u00e1rio de chuvas e alagamentos em S\u00e3o Paulo, especialmente diante de eventos clim\u00e1ticos extremos, demanda aten\u00e7\u00e3o e a\u00e7\u00e3o urgente. Para enfrentar ter esses desafios, \u00e9 fundamental que a colabora\u00e7\u00e3o entre \u00f3rg\u00e3os p\u00fablicos, setores privados e a popula\u00e7\u00e3o aconte\u00e7a de forma eficaz, garantindo que solu\u00e7\u00f5es duradouras sejam implementadas.<\/p>\n\n<div style=\"font-size: 0px; height: 0px; line-height: 0px; margin: 0; padding: 0; clear: both;\"><\/div>","protected":false},"excerpt":{"rendered":"<p>Chuva intensa em SP causa novos alagamentos e carros ilhados em v\u00e1rias regi\u00f5es.<\/p>\n","protected":false},"author":1,"featured_media":2330,"comment_status":"open","ping_status":"closed","sticky":false,"template":"","format":"standard","meta":{"footnotes":""},"categories":[6],"tags":[],"class_list":["post-2331","post","type-post","status-publish","format-standard","has-post-thumbnail","hentry","category-noticias-em-ermelino-matarazzo","has_thumb"],"aioseo_notices":[],"_links":{"self":[{"href":"https:\/\/www.encontraermelinomatarazzo.com.br\/sobre\/wp-json\/wp\/v2\/posts\/2331","targetHints":{"allow":["GET"]}}],"collection":[{"href":"https:\/\/www.encontraermelinomatarazzo.com.br\/sobre\/wp-json\/wp\/v2\/posts"}],"about":[{"href":"https:\/\/www.encontraermelinomatarazzo.com.br\/sobre\/wp-json\/wp\/v2\/types\/post"}],"author":[{"embeddable":true,"href":"https:\/\/www.encontraermelinomatarazzo.com.br\/sobre\/wp-json\/wp\/v2\/users\/1"}],"replies":[{"embeddable":true,"href":"https:\/\/www.encontraermelinomatarazzo.com.br\/sobre\/wp-json\/wp\/v2\/comments?post=2331"}],"version-history":[{"count":0,"href":"https:\/\/www.encontraermelinomatarazzo.com.br\/sobre\/wp-json\/wp\/v2\/posts\/2331\/revisions"}],"wp:featuredmedia":[{"embeddable":true,"href":"https:\/\/www.encontraermelinomatarazzo.com.br\/sobre\/wp-json\/wp\/v2\/media\/2330"}],"wp:attachment":[{"href":"https:\/\/www.encontraermelinomatarazzo.com.br\/sobre\/wp-json\/wp\/v2\/media?parent=2331"}],"wp:term":[{"taxonomy":"category","embeddable":true,"href":"https:\/\/www.encontraermelinomatarazzo.com.br\/sobre\/wp-json\/wp\/v2\/categories?post=2331"},{"taxonomy":"post_tag","embeddable":true,"href":"https:\/\/www.encontraermelinomatarazzo.com.br\/sobre\/wp-json\/wp\/v2\/tags?post=2331"}],"curies":[{"name":"wp","href":"https:\/\/api.w.org\/{rel}","templated":true}]}}