{"id":2389,"date":"2026-04-09T11:14:39","date_gmt":"2026-04-09T13:14:39","guid":{"rendered":"https:\/\/www.encontraermelinomatarazzo.com.br\/sobre\/motorista-de-porsche-embriagado-invade-pista-contraria-e-atinge-carro-de-entregas-em-sp\/"},"modified":"2026-04-09T11:14:39","modified_gmt":"2026-04-09T13:14:39","slug":"motorista-de-porsche-embriagado-invade-pista-contraria-e-atinge-carro-de-entregas-em-sp","status":"publish","type":"post","link":"https:\/\/www.encontraermelinomatarazzo.com.br\/sobre\/motorista-de-porsche-embriagado-invade-pista-contraria-e-atinge-carro-de-entregas-em-sp\/","title":{"rendered":"Motorista de Porsche embriagado invade pista contr\u00e1ria e atinge carro de entregas em SP"},"content":{"rendered":"<div class=\"582a572a76647b318fccfc02422c37de\" data-index=\"1\" style=\"float: none; margin:0px;\">\n<!-- Anuncio display - global -->\r\n<ins class=\"adsbygoogle\"\r\n     style=\"display:block\"\r\n     data-ad-client=\"ca-pub-8585364105181520\"\r\n     data-ad-slot=\"8789329856\"\r\n     data-ad-format=\"auto\"\r\n     data-full-width-responsive=\"true\"><\/ins>\r\n<script>\r\n     (adsbygoogle = window.adsbygoogle || []).push({});\r\n<\/script>\n<\/div>\n<h2>O Acidente na Radial Leste<\/h2>\n<p>Na madrugada do \u00faltimo s\u00e1bado, um grave incidente registrado na regi\u00e3o da Vila Matilde, localizada na Zona Leste de S\u00e3o Paulo, envolveu um ve\u00edculo de luxo. Um <strong>Porsche Boxster<\/strong>, conduzido por um motorista sob efeito de \u00e1lcool e que n\u00e3o possu\u00eda licen\u00e7a para dirigir, atravessou o canteiro central, resultando em uma colis\u00e3o frontal com um <strong>Fiat Siena<\/strong>. Este acidente deixou quatro pessoas feridas e foi noticiado aproximadamente \u00e0s 2h40 na Avenida Conde de Frontin, uma das principais vias que comp\u00f5em a Radial Leste.<\/p>\n<h2>Quem s\u00e3o as V\u00edtimas?<\/h2>\n<p>O impacto do acidente foi devastador, resultando na completa destrui\u00e7\u00e3o do teto do Fiat Siena. Na hora da colis\u00e3o, o motorista do Siena estava realizando entregas de lanches e salgados. As v\u00edtimas foram direcionadas para diferentes unidades de atendimento m\u00e9dico:<\/p>\n<ul>\n<li><strong>Motorista do Siena:<\/strong> Foi hospitalizado no Hospital das Cl\u00ednicas.<\/li>\n<li><strong>Passageiro do Siena:<\/strong> Levado ao Pronto-Socorro de Ermelino Matarazzo.<\/li>\n<li><strong>Ocupantes do Porsche:<\/strong> Os dois indiv\u00edduos feridos foram enviados ao Pronto-Socorro do Tatuap\u00e9.<\/li>\n<\/ul>\n<p>At\u00e9 o momento da atualiza\u00e7\u00e3o, n\u00e3o havia informa\u00e7\u00f5es dispon\u00edveis sobre a condi\u00e7\u00e3o de sa\u00fade das v\u00edtimas envolvidas no acidente.<\/p>\n<p><img decoding=\"async\" src=\"https:\/\/www.encontraermelinomatarazzo.com.br\/sobre\/wp-content\/uploads\/2026\/04\/motorista-de-porsche-embriagado-invade-pista-contraria-e-atinge-carro-de-entregas-em-sp.webp\" alt=\"motorista embriagado\" loading=\"lazy\" \/><\/p>\n<h2>Consequ\u00eancias do Acidente<\/h2>\n<p>Al\u00e9m dos feridos, a situa\u00e7\u00e3o foi agravada pelo fato de que o condutor do Porsche estava sob efeito de \u00e1lcool e n\u00e3o possu\u00eda **Carteira Nacional de Habilita\u00e7\u00e3o (CNH)**. A for\u00e7a da colis\u00e3o foi t\u00e3o impactante que destruiu a parte frontal do ve\u00edculo de luxo, o que ressalta as consequ\u00eancias diretas e devastadoras de acidentes envolvendo dire\u00e7\u00e3o irrespons\u00e1vel.<\/p>\n<h2>Repercuss\u00e3o nas Redes Sociais<\/h2>\n<p>A not\u00edcia do acidente gerou grande repercuss\u00e3o nas redes sociais. Muitas pessoas comentaram sobre a imprud\u00eancia do motorista do Porsche, destacando a necessidade de uma reflex\u00e3o sobre a responsabilidade ao dirigir e os riscos associados ao consumo de bebidas alco\u00f3licas antes de pegar o volante. Esta situa\u00e7\u00e3o trouxe \u00e0 tona a urg\u00eancia de campanhas educativas sobre os perigos da embriaguez ao volante.<\/p>\n<h2>Entenda a Embriaguez ao Volante<\/h2>\n<p>Dirigir sob efeito de \u00e1lcool ou subst\u00e2ncias il\u00edcitas \u00e9 uma infra\u00e7\u00e3o grave que pode resultar em acidentes fatais. O efeito do \u00e1lcool no sistema nervoso central prejudica a capacidade do motorista de tomar decis\u00f5es, afetando a coordena\u00e7\u00e3o e os reflexos. Percentuais de \u00e1lcool no sangue acima de 0,05% s\u00e3o suficientes para que o motorista perca a nocionalidade e a capacidade de agir de maneira segura nas vias.<\/p>\n<h2>O Papel da Pol\u00edcia Militar<\/h2>\n<p>A <strong>Pol\u00edcia Militar<\/strong> atuou prontamente no local do acidente, realizando a fiscaliza\u00e7\u00e3o necess\u00e1ria e gerando um registro da ocorr\u00eancia. A presen\u00e7a da PM \u00e9 vital para garantir a seguran\u00e7a nas vias e inibir comportamentos irrespons\u00e1veis como a dire\u00e7\u00e3o sob influ\u00eancia de \u00e1lcool.<\/p>\n<h2>Informa\u00e7\u00f5es sobre o Condutor<\/h2>\n<p>O motorista do Porsche, identificado como **Jo\u00e3o Henrique Alves Quintana, de 27 anos**, n\u00e3o s\u00f3 estava dirigindo um ve\u00edculo de alto valor, mas tamb\u00e9m apresentava uma grave infra\u00e7\u00e3o ao n\u00e3o ter a habilita\u00e7\u00e3o necess\u00e1ria para conduzir. A combina\u00e7\u00e3o de \u00e1lcool e falta de habilita\u00e7\u00e3o intensifica a gravidade das a\u00e7\u00f5es desse condutor, colocando em risco a vida de outras pessoas na estrada.<\/p>\n<h2>Preven\u00e7\u00e3o de Acidentes de Tr\u00e2nsito<\/h2>\n<p>Para evitar trag\u00e9dias como a que ocorreu na Radial Leste, \u00e9 imprescind\u00edvel que haja uma maior conscientiza\u00e7\u00e3o sobre a import\u00e2ncia da dire\u00e7\u00e3o respons\u00e1vel. Medidas preventivas incluem: <\/p>\n<ul>\n<li><strong>Educa\u00e7\u00e3o no Tr\u00e2nsito:<\/strong> Campanhas educativas em escolas e comunidades.<\/li>\n<li><strong>Rigor nas Fiscaliza\u00e7\u00f5es:<\/strong> Aumento da fiscaliza\u00e7\u00e3o em blitzes para detectar motoristas alcoolizados.<\/li>\n<li><strong>Uso de Alternativas:<\/strong> Incentivo ao uso de transporte p\u00fablico ou servi\u00e7os de carona.<\/li>\n<li><strong>Campanhas de Conscientiza\u00e7\u00e3o:<\/strong> Uso de redes sociais para disseminar mensagens sobre os riscos da bebida ao volante.<\/li>\n<\/ul>\n<h2>Legisla\u00e7\u00e3o e Penaliza\u00e7\u00f5es<\/h2>\n<p>A legisla\u00e7\u00e3o brasileira \u00e9 severa em rela\u00e7\u00e3o \u00e0 embriaguez ao volante. As penalidades incluem multas elevadas, suspens\u00e3o do direito de dirigir e pena de pris\u00e3o em casos de acidente com feridos. \u00c9 fundamental que a popula\u00e7\u00e3o esteja ciente das consequ\u00eancias legais para aqueles que optam por dirigir sob a influ\u00eancia de \u00e1lcool.<\/p>\n<h2>Pr\u00e1ticas de Dire\u00e7\u00e3o Segura<\/h2>\n<p>Dirigir com seguran\u00e7a \u00e9 uma responsabilidade de todos. Aqui est\u00e3o algumas orienta\u00e7\u00f5es para garantir uma condu\u00e7\u00e3o segura:<\/p>\n<ul>\n<li><strong>N\u00e3o dirija ap\u00f3s consumir bebidas alco\u00f3licas.<\/strong><\/li>\n<li><strong>Mantenha a aten\u00e7\u00e3o no tr\u00e2nsito:<\/strong> Evite distra\u00e7\u00f5es como celular.<\/li>\n<li><strong>Respeite os limites de velocidade:<\/strong> Cada via possui limites espec\u00edficos que visam \u00e0 seguran\u00e7a.<\/li>\n<li><strong>Use sempre o cinto de seguran\u00e7a:<\/strong> Protege ocupantes e reduz a gravidade de ferimentos.<\/li>\n<\/ul>\n\n<div style=\"font-size: 0px; height: 0px; line-height: 0px; margin: 0; padding: 0; clear: both;\"><\/div>","protected":false},"excerpt":{"rendered":"<p>Motorista de Porsche embriagado causa acidente grave em SP e deixa feridos.<\/p>\n","protected":false},"author":1,"featured_media":2388,"comment_status":"open","ping_status":"closed","sticky":false,"template":"","format":"standard","meta":{"footnotes":""},"categories":[6],"tags":[],"class_list":["post-2389","post","type-post","status-publish","format-standard","has-post-thumbnail","hentry","category-noticias-em-ermelino-matarazzo","has_thumb"],"aioseo_notices":[],"_links":{"self":[{"href":"https:\/\/www.encontraermelinomatarazzo.com.br\/sobre\/wp-json\/wp\/v2\/posts\/2389","targetHints":{"allow":["GET"]}}],"collection":[{"href":"https:\/\/www.encontraermelinomatarazzo.com.br\/sobre\/wp-json\/wp\/v2\/posts"}],"about":[{"href":"https:\/\/www.encontraermelinomatarazzo.com.br\/sobre\/wp-json\/wp\/v2\/types\/post"}],"author":[{"embeddable":true,"href":"https:\/\/www.encontraermelinomatarazzo.com.br\/sobre\/wp-json\/wp\/v2\/users\/1"}],"replies":[{"embeddable":true,"href":"https:\/\/www.encontraermelinomatarazzo.com.br\/sobre\/wp-json\/wp\/v2\/comments?post=2389"}],"version-history":[{"count":0,"href":"https:\/\/www.encontraermelinomatarazzo.com.br\/sobre\/wp-json\/wp\/v2\/posts\/2389\/revisions"}],"wp:featuredmedia":[{"embeddable":true,"href":"https:\/\/www.encontraermelinomatarazzo.com.br\/sobre\/wp-json\/wp\/v2\/media\/2388"}],"wp:attachment":[{"href":"https:\/\/www.encontraermelinomatarazzo.com.br\/sobre\/wp-json\/wp\/v2\/media?parent=2389"}],"wp:term":[{"taxonomy":"category","embeddable":true,"href":"https:\/\/www.encontraermelinomatarazzo.com.br\/sobre\/wp-json\/wp\/v2\/categories?post=2389"},{"taxonomy":"post_tag","embeddable":true,"href":"https:\/\/www.encontraermelinomatarazzo.com.br\/sobre\/wp-json\/wp\/v2\/tags?post=2389"}],"curies":[{"name":"wp","href":"https:\/\/api.w.org\/{rel}","templated":true}]}}