{"id":2397,"date":"2026-05-01T10:54:37","date_gmt":"2026-05-01T12:54:37","guid":{"rendered":"https:\/\/www.encontraermelinomatarazzo.com.br\/sobre\/transito-bloqueado-em-sp-evento-de-1o-de-maio-altera-circulacao-e-exige-novas-rotas-na-zona-leste\/"},"modified":"2026-05-01T10:54:37","modified_gmt":"2026-05-01T12:54:37","slug":"transito-bloqueado-em-sp-evento-de-1o-de-maio-altera-circulacao-e-exige-novas-rotas-na-zona-leste","status":"publish","type":"post","link":"https:\/\/www.encontraermelinomatarazzo.com.br\/sobre\/transito-bloqueado-em-sp-evento-de-1o-de-maio-altera-circulacao-e-exige-novas-rotas-na-zona-leste\/","title":{"rendered":"Tr\u00e2nsito bloqueado em SP: evento de 1\u00ba de Maio altera circula\u00e7\u00e3o e exige novas rotas na Zona Leste"},"content":{"rendered":"<div class=\"582a572a76647b318fccfc02422c37de\" data-index=\"1\" style=\"float: none; margin:0px;\">\n<!-- Anuncio display - global -->\r\n<ins class=\"adsbygoogle\"\r\n     style=\"display:block\"\r\n     data-ad-client=\"ca-pub-8585364105181520\"\r\n     data-ad-slot=\"8789329856\"\r\n     data-ad-format=\"auto\"\r\n     data-full-width-responsive=\"true\"><\/ins>\r\n<script>\r\n     (adsbygoogle = window.adsbygoogle || []).push({});\r\n<\/script>\n<\/div>\n<h2>Mudan\u00e7as no tr\u00e1fego da Zona Leste<\/h2>\n<p>A Zona Leste de S\u00e3o Paulo enfrentar\u00e1 altera\u00e7\u00f5es significativas em seu tr\u00e1fego entre os dias 30 de abril e 1\u00ba de maio, devido \u00e0 realiza\u00e7\u00e3o da Festa do 1\u00ba de Maio. Essas mudan\u00e7as visam garantir a seguran\u00e7a e a fluidez do tr\u00e2nsito durante um evento de grande porte que atrai um n\u00famero elevado de participantes.<\/p>\n<p>A Companhia de Engenharia de Tr\u00e1fego (CET) implementar\u00e1 bloqueios em diversas vias, especialmente na regi\u00e3o de Ermelino Matarazzo, o que requer aten\u00e7\u00e3o redobrada dos motoristas que trafegam pela \u00e1rea. Os bloqueios foram cuidadosamente planejados para minimizar a interrup\u00e7\u00e3o do tr\u00e1fego, mas \u00e9 essencial que os condutores estejam cientes das rotas alternativas dispon\u00edveis.<\/p>\n<h2>Vias afetadas pela interdi\u00e7\u00e3o<\/h2>\n<p>As interdi\u00e7\u00f5es programadas pela CET englobam trechos relevantes, o que impacta diretamente no acesso e na comunica\u00e7\u00e3o entre alguns bairros. A seguir est\u00e1 uma lista das principais vias que estar\u00e3o sob bloqueio total:<\/p>\n<p><img decoding=\"async\" src=\"https:\/\/www.encontraermelinomatarazzo.com.br\/sobre\/wp-content\/uploads\/2026\/05\/transito-bloqueado-em-sp-evento-de-1-de-maio-altera-circulacao-e-exige-novas-rotas-na-zona-leste.webp\" alt=\"tr\u00e2nsito bloqueado em SP\" loading=\"lazy\" \/><\/p>\n<ul>\n<li><strong>Avenida Paranagu\u00e1:<\/strong> entre as ruas Jos\u00e9 Lopes Rodrigues e Vict\u00f3ria Simionato.<\/li>\n<li><strong>Avenida Boturussu:<\/strong> entre a Avenida Paranagu\u00e1 e a Rua Chesira Maltauro.<\/li>\n<li><strong>Avenida Milene Elias:<\/strong> entre as avenidas Paranagu\u00e1 e Boturussu.<\/li>\n<li><strong>Rua Professor Ant\u00f4nio de Castro Lopes:<\/strong> entre a Avenida Boturussu e a Rua Ov\u00eddio Lopes.<\/li>\n<\/ul>\n<h2>Hor\u00e1rios dos bloqueios programados<\/h2>\n<p>Os bloqueios nas vias est\u00e3o programados para serem implementados no dia 30 de abril, a partir das 20h, e permanecer\u00e3o em vigor at\u00e9 as 22h do dia 1\u00ba de maio. Assim, \u00e9 fundamental que os motoristas planejem suas rotas e considerem essas restri\u00e7\u00f5es tempor\u00e1rias ao programar suas atividades durante esse per\u00edodo.<\/p>\n<h2>Rotas alternativas recomendadas<\/h2>\n<p>Para minimizar o impacto causado pelos bloqueios, a CET delineou algumas rotas alternativas que os motoristas podem utilizar:<\/p>\n<ul>\n<li><strong>Sentido Avenida Dr. Assis Ribeiro:<\/strong> Utilize as ruas Vict\u00f3ria Simionato, Anaz de Paula Machado, Miguel Rachid, Shobee Kumagai, Jo\u00e3o Ribeiro Pereira e Avenida Milene Elias.<\/li>\n<li><strong>Sentido Avenida S\u00e3o Miguel:<\/strong> Siga pelas ruas Jos\u00e9 Lopes Rodrigues, Reverendo Jo\u00e3o Euclides Pereira, Cuiet\u00e9 Velho, Catarina \u00c1lvares, Fioravante Lopes Garcia, Tito Franco de Almeida e Avenida Boturussu.<\/li>\n<\/ul>\n<h2>Monitoramento das interdi\u00e7\u00f5es<\/h2>\n<p>A CET estabelecer\u00e1 um acompanhamento rigoroso durante o per\u00edodo das interdi\u00e7\u00f5es. Agentes de tr\u00e2nsito estar\u00e3o posicionados nas principais vias afetadas e nas rotas alternativas para orientar motoristas e pedestres, garantindo que as condi\u00e7\u00f5es de seguran\u00e7a sejam mantidas e que a fluidez no tr\u00e2nsito seja preservada. Essa presen\u00e7a ativa \u00e9 crucial para auxiliar no fluxo do tr\u00e1fego e para lidar com eventuais imprevistos.<\/p>\n<h2>Orienta\u00e7\u00f5es para motoristas<\/h2>\n<p>Motoristas que necessitam transitar pela regi\u00e3o durante os dias de bloqueio devem seguir algumas orienta\u00e7\u00f5es para evitar congestionamentos e garantir a seguran\u00e7a de todos:<\/p>\n<ul>\n<li>Respeitar toda a sinaliza\u00e7\u00e3o tempor\u00e1ria presente nas vias.<\/li>\n<li>Reduzir a velocidade ao se aproximar de \u00e1reas que apresentam interven\u00e7\u00f5es.<\/li>\n<li>Evitar paradas em locais de grande movimento para solicitar informa\u00e7\u00f5es.<\/li>\n<li>Optar pelas rotas alternativas sugeridas.<\/li>\n<\/ul>\n<h2>Import\u00e2ncia da sinaliza\u00e7\u00e3o tempor\u00e1ria<\/h2>\n<p>A sinaliza\u00e7\u00e3o tempor\u00e1ria desempenha um papel vital durante a opera\u00e7\u00e3o de bloqueio. Ela n\u00e3o apenas indica as \u00e1reas interditadas, mas tamb\u00e9m proporciona informa\u00e7\u00f5es essenciais sobre as rotas alternativas recomendadas. A clareza na sinaliza\u00e7\u00e3o ajuda a minimizar confus\u00f5es e aumenta a seguran\u00e7a dos motoristas e pedestres envolvidos. Portanto, \u00e9 fundamental que todos estejam atentos e sigam as orienta\u00e7\u00f5es estabelecidas.<\/p>\n<h2>Como evitar congestionamentos<\/h2>\n<p>Para evitar congestionamentos na regi\u00e3o afetada, \u00e9 aconselh\u00e1vel que os condutores considerem as seguintes medidas:<\/p>\n<ul>\n<li>Planeje suas viagens com anteced\u00eancia, levando em conta os hor\u00e1rios de pico e os bloqueios.<\/li>\n<li>Compartilhe caronas sempre que poss\u00edvel, reduzindo o n\u00famero de ve\u00edculos nas ruas.<\/li>\n<li>Utilize aplicativos de navega\u00e7\u00e3o que atualizam em tempo real as condi\u00e7\u00f5es do tr\u00e1fego, permitindo optar por rotas mais r\u00e1pidas.<\/li>\n<li>Esteja ciente e atenta \u00e0s orienta\u00e7\u00f5es dos agentes de tr\u00e2nsito que estar\u00e3o presentes nas vias.<\/li>\n<\/ul>\n<h2>Efeitos do evento na log\u00edstica local<\/h2>\n<p>A realiza\u00e7\u00e3o da Festa do 1\u00ba de Maio n\u00e3o s\u00f3 traz desafios de tr\u00e1fego, mas tamb\u00e9m impacta a log\u00edstica local. Empresas e servi\u00e7os situados nas proximidades da \u00e1rea afetada podem enfrentar dificuldades com o transporte de mercadorias e presta\u00e7\u00e3o de servi\u00e7os. Por isso, recomenda-se que estabelecimentos comerciais informem seus clientes sobre poss\u00edveis atrasos e consigam um planejamento log\u00edstico que anteveja esses desafios, a fim de minimizar impactos.<\/p>\n<h2>Contato para mais informa\u00e7\u00f5es<\/h2>\n<p>Durante o per\u00edodo de interdi\u00e7\u00f5es, a CET estar\u00e1 dispon\u00edvel para prestar informa\u00e7\u00f5es adicionais e registrar ocorr\u00eancias relacionadas ao tr\u00e2nsito. O contato pode ser realizado atrav\u00e9s da central SP156, que estar\u00e1 operante para atender \u00e0 popula\u00e7\u00e3o com agilidade e efici\u00eancia, garantindo que todas as solicita\u00e7\u00f5es e d\u00favidas sejam atendidas.<\/p>\n\n<div style=\"font-size: 0px; height: 0px; line-height: 0px; margin: 0; padding: 0; clear: both;\"><\/div>","protected":false},"excerpt":{"rendered":"<p>Tr\u00e2nsito bloqueado em SP exige novas rotas na Zona Leste durante o feriado.<\/p>\n","protected":false},"author":1,"featured_media":2396,"comment_status":"open","ping_status":"closed","sticky":false,"template":"","format":"standard","meta":{"footnotes":""},"categories":[6],"tags":[],"class_list":["post-2397","post","type-post","status-publish","format-standard","has-post-thumbnail","hentry","category-noticias-em-ermelino-matarazzo","has_thumb"],"aioseo_notices":[],"_links":{"self":[{"href":"https:\/\/www.encontraermelinomatarazzo.com.br\/sobre\/wp-json\/wp\/v2\/posts\/2397","targetHints":{"allow":["GET"]}}],"collection":[{"href":"https:\/\/www.encontraermelinomatarazzo.com.br\/sobre\/wp-json\/wp\/v2\/posts"}],"about":[{"href":"https:\/\/www.encontraermelinomatarazzo.com.br\/sobre\/wp-json\/wp\/v2\/types\/post"}],"author":[{"embeddable":true,"href":"https:\/\/www.encontraermelinomatarazzo.com.br\/sobre\/wp-json\/wp\/v2\/users\/1"}],"replies":[{"embeddable":true,"href":"https:\/\/www.encontraermelinomatarazzo.com.br\/sobre\/wp-json\/wp\/v2\/comments?post=2397"}],"version-history":[{"count":0,"href":"https:\/\/www.encontraermelinomatarazzo.com.br\/sobre\/wp-json\/wp\/v2\/posts\/2397\/revisions"}],"wp:featuredmedia":[{"embeddable":true,"href":"https:\/\/www.encontraermelinomatarazzo.com.br\/sobre\/wp-json\/wp\/v2\/media\/2396"}],"wp:attachment":[{"href":"https:\/\/www.encontraermelinomatarazzo.com.br\/sobre\/wp-json\/wp\/v2\/media?parent=2397"}],"wp:term":[{"taxonomy":"category","embeddable":true,"href":"https:\/\/www.encontraermelinomatarazzo.com.br\/sobre\/wp-json\/wp\/v2\/categories?post=2397"},{"taxonomy":"post_tag","embeddable":true,"href":"https:\/\/www.encontraermelinomatarazzo.com.br\/sobre\/wp-json\/wp\/v2\/tags?post=2397"}],"curies":[{"name":"wp","href":"https:\/\/api.w.org\/{rel}","templated":true}]}}