{"id":245,"date":"2011-10-07T14:25:09","date_gmt":"2011-10-07T16:25:09","guid":{"rendered":"http:\/\/www.encontraermelinomatarazzo.com.br\/noticias\/?p=245"},"modified":"2019-04-29T17:15:15","modified_gmt":"2019-04-29T19:15:15","slug":"haddad-consolida-grupo-no-pt-e-vista-ermelino-matarazzo","status":"publish","type":"post","link":"https:\/\/www.encontraermelinomatarazzo.com.br\/sobre\/haddad-consolida-grupo-no-pt-e-vista-ermelino-matarazzo\/","title":{"rendered":"Haddad consolida grupo no PT e vista Ermelino Matarazzo"},"content":{"rendered":"<div class=\"582a572a76647b318fccfc02422c37de\" data-index=\"1\" style=\"float: none; margin:0px;\">\n<!-- Anuncio display - global -->\r\n<ins class=\"adsbygoogle\"\r\n     style=\"display:block\"\r\n     data-ad-client=\"ca-pub-8585364105181520\"\r\n     data-ad-slot=\"8789329856\"\r\n     data-ad-format=\"auto\"\r\n     data-full-width-responsive=\"true\"><\/ins>\r\n<script>\r\n     (adsbygoogle = window.adsbygoogle || []).push({});\r\n<\/script>\n<\/div>\n<p>Diante da possibilidade cada vez mais concreta da realiza\u00e7\u00e3o de pr\u00e9vias  para escolher o candidato do PT \u00e0 prefeitura de S\u00e3o Paulo, aliados do  ministro da Educa\u00e7\u00e3o, Fernando Haddad, decidiram intensificar a agenda  eleitoral do pr\u00e9-candidato na cidade. Neste final de semana, al\u00e9m das  tr\u00eas caravanas zonais do PT ao lado dos demais pr\u00e9-candidatos, Haddad  participar\u00e1 de outras tr\u00eas atividades partid\u00e1rias.<\/p>\n<p>Mo s\u00e1bado de manh\u00e3 o ministro participar\u00e1 de uma reuni\u00e3o com a corrente petista Mensagem ao Partido no sindicato dos engenheiros. H\u00e1 tr\u00eas semanas Haddad renegou integrar a Mensagem para garantir o apoio da corrente majorit\u00e1ria do partido, Construindo um Novo Brasil.<\/p>\n<p>Ainda no s\u00e1bado o ministro far\u00e1 uma plen\u00e1ria com o coletivo que apoia a vereadora Juliana Cardoso e o deputado estadual Adriano Diogo. No domingo, Haddad vai ao encontro do Padre Tic\u00e3o na Igreja S\u00e3o Francisco de Assis, em guia de Ermelino Matarazzo.<\/p>\n<p>A intensifica\u00e7\u00e3o da agenda de Haddad \u00e9 fruto da nova estrutura de pr\u00e9-campanha do ministro. Desde segunda-feira a equipe de coordena\u00e7\u00e3o da pr\u00e9-campanha come\u00e7ou a trabalhar. O grupo \u00e9 formado pelo deputado federal Vicente Candido (coordena\u00e7\u00e3o geral), deputado estadual Sim\u00e3o Pedro (agenda), vereador Alfredinho (finan\u00e7as) e pelo vereador Jos\u00e9 Am\u00e9rico (comunica\u00e7\u00e3o).<\/p>\n<p>Caso Haddad viabilize internamente a candidatura, o grupo ser\u00e1 modificado para acomodar apoiadores de outros pr\u00e9-candidatos. \u201c\u00c9 um grupo para cuidar s\u00f3 das pr\u00e9vias\u201d, disse Sim\u00e3o Pedro. Segundo ele, o fato de Haddad ter dito ao CNB que nunca fez parte da Mensagem n\u00e3o \u00e9 empecilho para que o ministro tenha apoio un\u00e2nime da corrente em S\u00e3o Paulo.<\/p>\n<p>\u201cLogo quando come\u00e7ou o processo n\u00f3s da Mensagem em S\u00e3o Paulo nos reunimos e chegamos \u00e0 conclus\u00e3o de que seria um erro identificar o Haddad s\u00f3 com a nossa corrente. Ele precisa estar acima das tend\u00eancias para ser o candidato a prefeito\u201d, disse Sim\u00e3o Pedro.<\/p>\n<p><em>Fonte: Portal Ig<\/em><\/p>\n\n<div style=\"font-size: 0px; height: 0px; line-height: 0px; margin: 0; padding: 0; clear: both;\"><\/div>","protected":false},"excerpt":{"rendered":"<p>Diante da possibilidade cada vez mais concreta da realiza\u00e7\u00e3o de pr\u00e9vias para escolher o candidato do PT \u00e0 prefeitura de S\u00e3o Paulo, aliados do ministro da Educa\u00e7\u00e3o, Fernando Haddad, decidiram intensificar a agenda eleitoral do pr\u00e9-candidato na cidade. Neste final de semana, al\u00e9m das tr\u00eas caravanas zonais do PT ao lado dos demais pr\u00e9-candidatos, Haddad participar\u00e1 de outras tr\u00eas atividades partid\u00e1rias. Mo s\u00e1bado de manh\u00e3 o ministro participar\u00e1 de uma reuni\u00e3o com a corrente petista Mensagem ao Partido no sindicato dos engenheiros. H\u00e1 tr\u00eas semanas Haddad renegou integrar a Mensagem para garantir o apoio da corrente majorit\u00e1ria do partido, Construindo <\/p>\n","protected":false},"author":1,"featured_media":0,"comment_status":"open","ping_status":"closed","sticky":false,"template":"","format":"standard","meta":{"footnotes":""},"categories":[6],"tags":[],"class_list":["post-245","post","type-post","status-publish","format-standard","hentry","category-noticias-em-ermelino-matarazzo"],"aioseo_notices":[],"_links":{"self":[{"href":"https:\/\/www.encontraermelinomatarazzo.com.br\/sobre\/wp-json\/wp\/v2\/posts\/245","targetHints":{"allow":["GET"]}}],"collection":[{"href":"https:\/\/www.encontraermelinomatarazzo.com.br\/sobre\/wp-json\/wp\/v2\/posts"}],"about":[{"href":"https:\/\/www.encontraermelinomatarazzo.com.br\/sobre\/wp-json\/wp\/v2\/types\/post"}],"author":[{"embeddable":true,"href":"https:\/\/www.encontraermelinomatarazzo.com.br\/sobre\/wp-json\/wp\/v2\/users\/1"}],"replies":[{"embeddable":true,"href":"https:\/\/www.encontraermelinomatarazzo.com.br\/sobre\/wp-json\/wp\/v2\/comments?post=245"}],"version-history":[{"count":0,"href":"https:\/\/www.encontraermelinomatarazzo.com.br\/sobre\/wp-json\/wp\/v2\/posts\/245\/revisions"}],"wp:attachment":[{"href":"https:\/\/www.encontraermelinomatarazzo.com.br\/sobre\/wp-json\/wp\/v2\/media?parent=245"}],"wp:term":[{"taxonomy":"category","embeddable":true,"href":"https:\/\/www.encontraermelinomatarazzo.com.br\/sobre\/wp-json\/wp\/v2\/categories?post=245"},{"taxonomy":"post_tag","embeddable":true,"href":"https:\/\/www.encontraermelinomatarazzo.com.br\/sobre\/wp-json\/wp\/v2\/tags?post=245"}],"curies":[{"name":"wp","href":"https:\/\/api.w.org\/{rel}","templated":true}]}}