{"id":291,"date":"2011-11-24T00:09:04","date_gmt":"2011-11-24T02:09:04","guid":{"rendered":"http:\/\/www.encontraermelinomatarazzo.com.br\/noticias\/?p=291"},"modified":"2019-04-29T17:15:14","modified_gmt":"2019-04-29T19:15:14","slug":"subprefeitura-ermelino-matarazzo-realizou-palestra-sobre-seguranca-no-transito","status":"publish","type":"post","link":"https:\/\/www.encontraermelinomatarazzo.com.br\/sobre\/subprefeitura-ermelino-matarazzo-realizou-palestra-sobre-seguranca-no-transito\/","title":{"rendered":"Subprefeitura Ermelino Matarazzo realizou Palestra sobre Seguran\u00e7a no Tr\u00e2nsito"},"content":{"rendered":"<div class=\"582a572a76647b318fccfc02422c37de\" data-index=\"1\" style=\"float: none; margin:0px;\">\n<!-- Anuncio display - global -->\r\n<ins class=\"adsbygoogle\"\r\n     style=\"display:block\"\r\n     data-ad-client=\"ca-pub-8585364105181520\"\r\n     data-ad-slot=\"8789329856\"\r\n     data-ad-format=\"auto\"\r\n     data-full-width-responsive=\"true\"><\/ins>\r\n<script>\r\n     (adsbygoogle = window.adsbygoogle || []).push({});\r\n<\/script>\n<\/div>\n<p>Dando continuidade ao ciclo de palestras, a Subprefeitura do bairro Ermelino Matarazzo realizou no dia 17 de novembro mais uma palestra cujo tema foi a viol\u00eancia no tr\u00e2nsito, \u201c\u00c1lcool e Dire\u00e7\u00e3o n\u00e3o Combinam\u201d.<\/p>\n<p>As palestrantes convidadas, as psic\u00f3logas Sylmara Zanotto e Rosimeire Verillo Virger, alunas do Curso de P\u00f3s-gradua\u00e7\u00e3o em Psicologia do Tr\u00e2nsito,da Universidade Cruzeiro do Sul, Campus Liberdade, estavam acompanhadas pela Prof\u00aa Regiane de Aquino, especialista em Seguran\u00e7a no Tr\u00e2nsito.<\/p>\n<p>As palestrantes abordaram os principais fatores respons\u00e1veis pelos acidentes de tr\u00e2nsito, bem como os efeitos psicol\u00f3gicos que afetam diretamente o comportamento do condutor.<\/p>\n<p>A palestra teve como p\u00fablico alvo,prioritariamente, os motoristas da Subprefeitura, mas foi possivel a participa\u00e7\u00e3o de funcion\u00e1rios interessados no tema, \u201c\u00c1lcool e Dire\u00e7\u00e3o n\u00e3o Combinam\u201d.<\/p>\n<p>A Psic\u00f3loga Sylmara Zanotto apresentou n\u00fameros fornecidos pelo Minist\u00e9rio da Sa\u00fade que demonstram a import\u00e2ncia de palestras como essa. Em 2010, no Brasil, foram registrados 40.610 mortes provocadas por acidentes de tr\u00e2nsito. Segundo o Seguro de Danos Pessoais Causados por Ve\u00edculos Automotores de Via Terrestre- DPVAT, os n\u00fameros s\u00e3o ainda mais assustadores, passando de 66.000 mortes. Esses n\u00fameros demonstram que o consumo de \u00e1lcool e outras drogas, n\u00e3o combinam com dire\u00e7\u00e3o.<\/p>\n<p>As palestrantes informaram sobre a exist\u00eancia do projeto para inclus\u00e3o de avalia\u00e7\u00e3o psicol\u00f3gica para motoristas infratores que se submetem ao Curso de Reciclagem, quando constatado que o condutor est\u00e1 colocando em risco a seguran\u00e7a do tr\u00e2nsito.<\/p>\n<p>O Supremo Tribunal Federal- STF em suas \u00faltimas decis\u00f5es, considera que dirigir b\u00eabado, mesmo sem causar acidente \u00e9 crime. O Senado aprovou, no dia 9 de novembro, Projeto de Lei que eleva de 3 para at\u00e9 12 anos de pris\u00e3o a pena m\u00e1xima para quem dirige embriagado. Caso a infra\u00e7\u00e3o provoque morte, a pena duraria de 8 a 16 anos. Para virar lei, a proposta ainda tem que ser votada na C\u00e2mara Federal.<\/p>\n<p>No final da palestra as psic\u00f3logas indicaram os locais para as pessoas que necessitam de tratamento e, os interessados poder\u00e3o procurar o Departamento de Recursos Humanos da Subprefeitura para maiores informa\u00e7\u00f5es.<\/p>\n<p><em>Fonte: Prefeitura de S. Paulo<\/em><\/p>\n\n<div style=\"font-size: 0px; height: 0px; line-height: 0px; margin: 0; padding: 0; clear: both;\"><\/div>","protected":false},"excerpt":{"rendered":"<p>Dando continuidade ao ciclo de palestras, a Subprefeitura do bairro Ermelino Matarazzo realizou no dia 17 de novembro mais uma palestra cujo tema foi a viol\u00eancia no tr\u00e2nsito, \u201c\u00c1lcool e Dire\u00e7\u00e3o n\u00e3o Combinam\u201d. As palestrantes convidadas, as psic\u00f3logas Sylmara Zanotto e Rosimeire Verillo Virger, alunas do Curso de P\u00f3s-gradua\u00e7\u00e3o em Psicologia do Tr\u00e2nsito,da Universidade Cruzeiro do Sul, Campus Liberdade, estavam acompanhadas pela Prof\u00aa Regiane de Aquino, especialista em Seguran\u00e7a no Tr\u00e2nsito. As palestrantes abordaram os principais fatores respons\u00e1veis pelos acidentes de tr\u00e2nsito, bem como os efeitos psicol\u00f3gicos que afetam diretamente o comportamento do condutor. A palestra teve como p\u00fablico alvo,prioritariamente, <\/p>\n","protected":false},"author":1,"featured_media":0,"comment_status":"open","ping_status":"closed","sticky":false,"template":"","format":"standard","meta":{"footnotes":""},"categories":[6],"tags":[],"class_list":["post-291","post","type-post","status-publish","format-standard","hentry","category-noticias-em-ermelino-matarazzo"],"aioseo_notices":[],"_links":{"self":[{"href":"https:\/\/www.encontraermelinomatarazzo.com.br\/sobre\/wp-json\/wp\/v2\/posts\/291","targetHints":{"allow":["GET"]}}],"collection":[{"href":"https:\/\/www.encontraermelinomatarazzo.com.br\/sobre\/wp-json\/wp\/v2\/posts"}],"about":[{"href":"https:\/\/www.encontraermelinomatarazzo.com.br\/sobre\/wp-json\/wp\/v2\/types\/post"}],"author":[{"embeddable":true,"href":"https:\/\/www.encontraermelinomatarazzo.com.br\/sobre\/wp-json\/wp\/v2\/users\/1"}],"replies":[{"embeddable":true,"href":"https:\/\/www.encontraermelinomatarazzo.com.br\/sobre\/wp-json\/wp\/v2\/comments?post=291"}],"version-history":[{"count":0,"href":"https:\/\/www.encontraermelinomatarazzo.com.br\/sobre\/wp-json\/wp\/v2\/posts\/291\/revisions"}],"wp:attachment":[{"href":"https:\/\/www.encontraermelinomatarazzo.com.br\/sobre\/wp-json\/wp\/v2\/media?parent=291"}],"wp:term":[{"taxonomy":"category","embeddable":true,"href":"https:\/\/www.encontraermelinomatarazzo.com.br\/sobre\/wp-json\/wp\/v2\/categories?post=291"},{"taxonomy":"post_tag","embeddable":true,"href":"https:\/\/www.encontraermelinomatarazzo.com.br\/sobre\/wp-json\/wp\/v2\/tags?post=291"}],"curies":[{"name":"wp","href":"https:\/\/api.w.org\/{rel}","templated":true}]}}