{"id":297,"date":"2011-11-30T15:33:22","date_gmt":"2011-11-30T17:33:22","guid":{"rendered":"http:\/\/www.encontraermelinomatarazzo.com.br\/noticias\/?p=297"},"modified":"2019-04-29T17:15:14","modified_gmt":"2019-04-29T19:15:14","slug":"chuva-deixa-moradores-de-ermelino-matarazzo-em-estado-de-atencao","status":"publish","type":"post","link":"https:\/\/www.encontraermelinomatarazzo.com.br\/sobre\/chuva-deixa-moradores-de-ermelino-matarazzo-em-estado-de-atencao\/","title":{"rendered":"Chuva deixa moradores de Ermelino Matarazzo em estado de aten\u00e7\u00e3o"},"content":{"rendered":"<div class=\"582a572a76647b318fccfc02422c37de\" data-index=\"1\" style=\"float: none; margin:0px;\">\n<!-- Anuncio display - global -->\r\n<ins class=\"adsbygoogle\"\r\n     style=\"display:block\"\r\n     data-ad-client=\"ca-pub-8585364105181520\"\r\n     data-ad-slot=\"8789329856\"\r\n     data-ad-format=\"auto\"\r\n     data-full-width-responsive=\"true\"><\/ins>\r\n<script>\r\n     (adsbygoogle = window.adsbygoogle || []).push({});\r\n<\/script>\n<\/div>\n<p>A chuva que atingia a regi\u00e3o metropolitana de S\u00e3o Paulo, por volta das 16h40 da ter\u00e7a-feira (29), deixava pessoas ilhadas em Guarulhos. O Corpo de Bombeiros encaminhou uma viatura para a rua 2\u00ba Tenente Roberto Alvarenga, n\u00famero 2, no bairro Jardim Cumbica, pr\u00f3ximo ao km 220 da rodovia Presidente Dutra.<\/p>\n<p>N\u00e3o h\u00e1 informa\u00e7\u00f5es sobre quantas pessoas est\u00e3o ilhadas. Em S\u00e3o Paulo,\u00a0o CGE (Centro de Gerenciamento de Emerg\u00eancias) colocou o centro, as zonas norte e leste, al\u00e9m da marginal Tiet\u00ea em estado de aten\u00e7\u00e3o por causa da chuva, por volta das 16h desta ter\u00e7a-feira. A situa\u00e7\u00e3o \u00e9 decretada quando h\u00e1 riscos de alagamentos na cidade.<\/p>\n<p>O centro meteorol\u00f3gico informou que areas de instabilidade geradas pelo calor e pela entrada da brisa mar\u00edtima provocam pancadas de chuva em alguns pontos da capital.<\/p>\n<p>A previs\u00e3o \u00e9 de chuva forte na zona leste, entre os bairros de guia Ermelino Matarazzo, S\u00e3o Miguel Paulista e Itaim Paulista.<\/p>\n<p>Na zona norte, um temporal pode atingir os bairros do Ja\u00e7an\u00e3, Trememb\u00e9 e Santana. Na regi\u00e3o central, a chuva \u00e9 moderada. J\u00e1 na Grande S\u00e3o Paulo, chove forte en Guarulhos Itaquaquecetuba, Aruj\u00e1, Barueri e Jandira.<\/p>\n<p><strong>Carros alagados<\/strong><\/p>\n<p>Na capital, os bombeiros atendiam duas ocorr\u00eancias de carros alagados, por volta das 16h50. Uma delas era no Jardim S\u00e3o Paulo, na zona norte, na avenida Le\u00f4ncio de Magalh\u00e3es, n\u00famero 1.004. havia pessoas no interior do ve\u00edculo.<\/p>\n<p>No bairro \u00c1gua Fria, na zona oeste, um carro estava alagado pro cauda da enchente na avenida \u00c1gua Fria, n\u00famero 608.<\/p>\n<p><em>Fonte: R7<\/em><\/p>\n\n<div style=\"font-size: 0px; height: 0px; line-height: 0px; margin: 0; padding: 0; clear: both;\"><\/div>","protected":false},"excerpt":{"rendered":"<p>A chuva que atingia a regi\u00e3o metropolitana de S\u00e3o Paulo, por volta das 16h40 da ter\u00e7a-feira (29), deixava pessoas ilhadas em Guarulhos. O Corpo de Bombeiros encaminhou uma viatura para a rua 2\u00ba Tenente Roberto Alvarenga, n\u00famero 2, no bairro Jardim Cumbica, pr\u00f3ximo ao km 220 da rodovia Presidente Dutra. N\u00e3o h\u00e1 informa\u00e7\u00f5es sobre quantas pessoas est\u00e3o ilhadas. Em S\u00e3o Paulo,\u00a0o CGE (Centro de Gerenciamento de Emerg\u00eancias) colocou o centro, as zonas norte e leste, al\u00e9m da marginal Tiet\u00ea em estado de aten\u00e7\u00e3o por causa da chuva, por volta das 16h desta ter\u00e7a-feira. A situa\u00e7\u00e3o \u00e9 decretada quando h\u00e1 riscos <\/p>\n","protected":false},"author":1,"featured_media":0,"comment_status":"open","ping_status":"closed","sticky":false,"template":"","format":"standard","meta":{"footnotes":""},"categories":[6],"tags":[],"class_list":["post-297","post","type-post","status-publish","format-standard","hentry","category-noticias-em-ermelino-matarazzo"],"aioseo_notices":[],"_links":{"self":[{"href":"https:\/\/www.encontraermelinomatarazzo.com.br\/sobre\/wp-json\/wp\/v2\/posts\/297","targetHints":{"allow":["GET"]}}],"collection":[{"href":"https:\/\/www.encontraermelinomatarazzo.com.br\/sobre\/wp-json\/wp\/v2\/posts"}],"about":[{"href":"https:\/\/www.encontraermelinomatarazzo.com.br\/sobre\/wp-json\/wp\/v2\/types\/post"}],"author":[{"embeddable":true,"href":"https:\/\/www.encontraermelinomatarazzo.com.br\/sobre\/wp-json\/wp\/v2\/users\/1"}],"replies":[{"embeddable":true,"href":"https:\/\/www.encontraermelinomatarazzo.com.br\/sobre\/wp-json\/wp\/v2\/comments?post=297"}],"version-history":[{"count":0,"href":"https:\/\/www.encontraermelinomatarazzo.com.br\/sobre\/wp-json\/wp\/v2\/posts\/297\/revisions"}],"wp:attachment":[{"href":"https:\/\/www.encontraermelinomatarazzo.com.br\/sobre\/wp-json\/wp\/v2\/media?parent=297"}],"wp:term":[{"taxonomy":"category","embeddable":true,"href":"https:\/\/www.encontraermelinomatarazzo.com.br\/sobre\/wp-json\/wp\/v2\/categories?post=297"},{"taxonomy":"post_tag","embeddable":true,"href":"https:\/\/www.encontraermelinomatarazzo.com.br\/sobre\/wp-json\/wp\/v2\/tags?post=297"}],"curies":[{"name":"wp","href":"https:\/\/api.w.org\/{rel}","templated":true}]}}