{"id":313,"date":"2011-12-08T16:40:07","date_gmt":"2011-12-08T18:40:07","guid":{"rendered":"http:\/\/www.encontraermelinomatarazzo.com.br\/noticias\/?p=313"},"modified":"2019-04-29T17:15:13","modified_gmt":"2019-04-29T19:15:13","slug":"ermelino-matarazzo-entra-em-estado-de-atencao-por-chuva","status":"publish","type":"post","link":"https:\/\/www.encontraermelinomatarazzo.com.br\/sobre\/ermelino-matarazzo-entra-em-estado-de-atencao-por-chuva\/","title":{"rendered":"Ermelino Matarazzo entra em estado de aten\u00e7\u00e3o por chuva"},"content":{"rendered":"<div class=\"582a572a76647b318fccfc02422c37de\" data-index=\"1\" style=\"float: none; margin:0px;\">\n<!-- Anuncio display - global -->\r\n<ins class=\"adsbygoogle\"\r\n     style=\"display:block\"\r\n     data-ad-client=\"ca-pub-8585364105181520\"\r\n     data-ad-slot=\"8789329856\"\r\n     data-ad-format=\"auto\"\r\n     data-full-width-responsive=\"true\"><\/ins>\r\n<script>\r\n     (adsbygoogle = window.adsbygoogle || []).push({});\r\n<\/script>\n<\/div>\n<p>O CGE (Centro de Gerenciamento de Emerg\u00eancias), \u00f3rg\u00e3o ligado \u00e0 Prefeitura de S\u00e3o Paulo respons\u00e1vel pela an\u00e1lise meteorol\u00f3gica, colocou a zona leste de S\u00e3o Paulo em estado de aten\u00e7\u00e3o \u00e0s 15h35 desta quinta-feira (8). A situa\u00e7\u00e3o \u00e9 decretada quando h\u00e1 riscos de alagamentos.<\/p>\n<p>De acordo com \u00f3rg\u00e3o, \u00e1reas de instabilidade ocasionadas pelo calor e pela alta umidade do ar j\u00e1 provocam pancadas de chuva em alguns pontos da cidade. De acordo com imagens de radar, a precipita\u00e7\u00e3o \u00e9 forte na zona leste, principalmente entre os bairros de guia Ermelino Matarazzo, S\u00e3o Miguel Paulista, Itaim Paulista e Itaquera. Na Mooca, Aricanduva, Vila\u00a0Formosa e Vila Prudente, a chuva \u00e9 moderada.<\/p>\n<p>Na regi\u00e3o central e em parte das zonas sul e norte, h\u00e1 chuva fraca com pontos moderados. Na regi\u00e3o metropolitana, a chuva \u00e9 intensa nos munic\u00edpios de Itaquaquecetuba, Mogi das Cruzes e parte de Guarulhos.<\/p>\n<p>Segundo os meteorologistas do CGE, deve chover em novas \u00e1reas da capital na pr\u00f3xima hora, sobretudo nas zonas norte e leste.<\/p>\n<p><em>Fonte: R7<\/em><\/p>\n\n<div style=\"font-size: 0px; height: 0px; line-height: 0px; margin: 0; padding: 0; clear: both;\"><\/div>","protected":false},"excerpt":{"rendered":"<p>O CGE (Centro de Gerenciamento de Emerg\u00eancias), \u00f3rg\u00e3o ligado \u00e0 Prefeitura de S\u00e3o Paulo respons\u00e1vel pela an\u00e1lise meteorol\u00f3gica, colocou a zona leste de S\u00e3o Paulo em estado de aten\u00e7\u00e3o \u00e0s 15h35 desta quinta-feira (8). A situa\u00e7\u00e3o \u00e9 decretada quando h\u00e1 riscos de alagamentos. De acordo com \u00f3rg\u00e3o, \u00e1reas de instabilidade ocasionadas pelo calor e pela alta umidade do ar j\u00e1 provocam pancadas de chuva em alguns pontos da cidade. De acordo com imagens de radar, a precipita\u00e7\u00e3o \u00e9 forte na zona leste, principalmente entre os bairros de guia Ermelino Matarazzo, S\u00e3o Miguel Paulista, Itaim Paulista e Itaquera. Na Mooca, Aricanduva, <\/p>\n","protected":false},"author":1,"featured_media":0,"comment_status":"open","ping_status":"closed","sticky":false,"template":"","format":"standard","meta":{"footnotes":""},"categories":[6],"tags":[],"class_list":["post-313","post","type-post","status-publish","format-standard","hentry","category-noticias-em-ermelino-matarazzo"],"aioseo_notices":[],"_links":{"self":[{"href":"https:\/\/www.encontraermelinomatarazzo.com.br\/sobre\/wp-json\/wp\/v2\/posts\/313","targetHints":{"allow":["GET"]}}],"collection":[{"href":"https:\/\/www.encontraermelinomatarazzo.com.br\/sobre\/wp-json\/wp\/v2\/posts"}],"about":[{"href":"https:\/\/www.encontraermelinomatarazzo.com.br\/sobre\/wp-json\/wp\/v2\/types\/post"}],"author":[{"embeddable":true,"href":"https:\/\/www.encontraermelinomatarazzo.com.br\/sobre\/wp-json\/wp\/v2\/users\/1"}],"replies":[{"embeddable":true,"href":"https:\/\/www.encontraermelinomatarazzo.com.br\/sobre\/wp-json\/wp\/v2\/comments?post=313"}],"version-history":[{"count":0,"href":"https:\/\/www.encontraermelinomatarazzo.com.br\/sobre\/wp-json\/wp\/v2\/posts\/313\/revisions"}],"wp:attachment":[{"href":"https:\/\/www.encontraermelinomatarazzo.com.br\/sobre\/wp-json\/wp\/v2\/media?parent=313"}],"wp:term":[{"taxonomy":"category","embeddable":true,"href":"https:\/\/www.encontraermelinomatarazzo.com.br\/sobre\/wp-json\/wp\/v2\/categories?post=313"},{"taxonomy":"post_tag","embeddable":true,"href":"https:\/\/www.encontraermelinomatarazzo.com.br\/sobre\/wp-json\/wp\/v2\/tags?post=313"}],"curies":[{"name":"wp","href":"https:\/\/api.w.org\/{rel}","templated":true}]}}