{"id":316,"date":"2011-12-09T15:13:59","date_gmt":"2011-12-09T17:13:59","guid":{"rendered":"http:\/\/www.encontraermelinomatarazzo.com.br\/noticias\/?p=316"},"modified":"2019-04-29T17:15:13","modified_gmt":"2019-04-29T19:15:13","slug":"prefeitura-organiza-operacao-cata-bagulho-no-ermelino-matarazzo-10","status":"publish","type":"post","link":"https:\/\/www.encontraermelinomatarazzo.com.br\/sobre\/prefeitura-organiza-operacao-cata-bagulho-no-ermelino-matarazzo-10\/","title":{"rendered":"Prefeitura organiza opera\u00e7\u00e3o Cata Bagulho no Ermelino Matarazzo"},"content":{"rendered":"<div class=\"582a572a76647b318fccfc02422c37de\" data-index=\"1\" style=\"float: none; margin:0px;\">\n<!-- Anuncio display - global -->\r\n<ins class=\"adsbygoogle\"\r\n     style=\"display:block\"\r\n     data-ad-client=\"ca-pub-8585364105181520\"\r\n     data-ad-slot=\"8789329856\"\r\n     data-ad-format=\"auto\"\r\n     data-full-width-responsive=\"true\"><\/ins>\r\n<script>\r\n     (adsbygoogle = window.adsbygoogle || []).push({});\r\n<\/script>\n<\/div>\n<p>Neste s\u00e1bado, diversas subprefeituras organizam opera\u00e7\u00f5es Cata-Bagulho. Trata-se de uma opera\u00e7\u00e3o para recolher materiais que n\u00e3o t\u00eam mais utilidade, como m\u00f3veis velhos, madeiras, pneus usados e eletrodom\u00e9sticos quebrados ou fora de uso. Os moradores devem deixar os objetos para descarte nas cal\u00e7adas a partir do hor\u00e1rio de come\u00e7o da opera\u00e7\u00e3o (verifique abaixo) para serem recolhidos.<\/p>\n<p>A iniciativa contribui no combate \u00e0s enchentes, ao evitar que esses materiais sejam descartados em via p\u00fablica e prejudiquem o escoamento das \u00e1guas em dias de chuva ao entupir bueiros e bocas-de-lobo.<\/p>\n<p><strong>Confira:<\/strong><\/p>\n<p>Bairro Ermelino Matarazzo<br \/>\nAs equipes percorrer\u00e3o ruas e avenidas, na Vila Paranagu\u00e1 e Vila Robertina, recolhendo materiais que n\u00e3o t\u00eam mais utilidade. Os moradores dever\u00e3o deixar seus bagulhos nas cal\u00e7adas a partir das 7h para serem recolhidos. Ruas e avenidas contempladas: Rua Alrivercine Duarte de Oliveira, Travessa Laranja Cravo, Rua Sebasti\u00e3o Zaque Pedroso, Rua Martine, Rua Provincia de Alberta, Travessa Brandenburgo, Rua Maria Ciabredo, Rua Belem de S\u00e3o Francisco, Rua Antonio Le\u00e3o, Rua Antonio Carlos Lamego, Rua Sim\u00e3o Bueno da Silva, Rua Martinho de Sousa, Rua Bramanter Butoni, Rua Felipe Jos\u00e9 de Figueiredo, Rua Elias Guimar\u00e3es, Alameda Rodrigo de Brum, Rua Domingos Manoel, Rua Raul Gomes, Rua Copa do Mundo, Rua Miguel Novaes, Rua Andr\u00e9 Pirro, Travessa Nobreza Ga\u00facha, Rua Sebasti\u00e3o Cruz, Rua Dullio Lenarduzzi, Rua Esmeraldina N. de Sousa, Rua Oscar mariano do Silva, Rua Maria Jos\u00e9 B. Romualda, Rua Jo\u00e3o Batista de Oliveira, Ruas Augusto Muniz Ribeiro, Rua Mario Massi, Rua General Costa Campos, Rua Angelo Cori, Avenida Antonio Augusto de Lima, Rua Paulina Augustin, Rua Mat\u00f5es, Travessa Matinhos, Rua Baia dos Pinheiros, Rua Bei, Rua Josefina Chiaquetta, Rua Antonio Jos\u00e9 Henriques, Rua Anaz de Paula Machado, Rua Francisco Matias da Silva, Rua Presidente Hor\u00e1cio Vasques, Rua Jos\u00e9 Goes Nogueira, Rua Rita Soares, Rua Alicinha, Travessa Antonio Dorneu, Travessa Miron, Rua Vit\u00f3ria Simionato, Rua Lino Petenoni, Rua Antonio Jos\u00e9 Medeiros, Rua Terra Branca, Rua Bandeira do Col\u00f4nia, Rua Primavera da Vida, Rua Bigati, Rua Te\u00f3filo Gomes, Rua Candido Jos\u00e9 de Andrade, Travessa Raio de Luar, Rua Vinte e um de Setembro, Travessa Migueirinha, Ruia Guarda dos Ferreiros, Rua Am\u00e9rico Lobo, Rua Afonso Moreira Pena, Rua Estevan de Araujo, Rua Ros\u00e1rio da Limeira, Rua Jean do Dufon, Avenida Porcino dos Santos, Rua Caetano Furquim, Rua Miguel Rachid e Rua Professor Antonio de Castro Lopes.<br \/>\nSubprefeitura de Ermelino Matarazzo 2048-6585<\/p>\n<p><em>Fonte: Prefeitura de S. Paulo<\/em><\/p>\n\n<div style=\"font-size: 0px; height: 0px; line-height: 0px; margin: 0; padding: 0; clear: both;\"><\/div>","protected":false},"excerpt":{"rendered":"<p>Neste s\u00e1bado, diversas subprefeituras organizam opera\u00e7\u00f5es Cata-Bagulho. Trata-se de uma opera\u00e7\u00e3o para recolher materiais que n\u00e3o t\u00eam mais utilidade, como m\u00f3veis velhos, madeiras, pneus usados e eletrodom\u00e9sticos quebrados ou fora de uso. Os moradores devem deixar os objetos para descarte nas cal\u00e7adas a partir do hor\u00e1rio de come\u00e7o da opera\u00e7\u00e3o (verifique abaixo) para serem recolhidos. A iniciativa contribui no combate \u00e0s enchentes, ao evitar que esses materiais sejam descartados em via p\u00fablica e prejudiquem o escoamento das \u00e1guas em dias de chuva ao entupir bueiros e bocas-de-lobo. Confira: Bairro Ermelino Matarazzo As equipes percorrer\u00e3o ruas e avenidas, na Vila Paranagu\u00e1 <\/p>\n","protected":false},"author":1,"featured_media":0,"comment_status":"open","ping_status":"closed","sticky":false,"template":"","format":"standard","meta":{"footnotes":""},"categories":[6],"tags":[],"class_list":["post-316","post","type-post","status-publish","format-standard","hentry","category-noticias-em-ermelino-matarazzo"],"aioseo_notices":[],"_links":{"self":[{"href":"https:\/\/www.encontraermelinomatarazzo.com.br\/sobre\/wp-json\/wp\/v2\/posts\/316","targetHints":{"allow":["GET"]}}],"collection":[{"href":"https:\/\/www.encontraermelinomatarazzo.com.br\/sobre\/wp-json\/wp\/v2\/posts"}],"about":[{"href":"https:\/\/www.encontraermelinomatarazzo.com.br\/sobre\/wp-json\/wp\/v2\/types\/post"}],"author":[{"embeddable":true,"href":"https:\/\/www.encontraermelinomatarazzo.com.br\/sobre\/wp-json\/wp\/v2\/users\/1"}],"replies":[{"embeddable":true,"href":"https:\/\/www.encontraermelinomatarazzo.com.br\/sobre\/wp-json\/wp\/v2\/comments?post=316"}],"version-history":[{"count":0,"href":"https:\/\/www.encontraermelinomatarazzo.com.br\/sobre\/wp-json\/wp\/v2\/posts\/316\/revisions"}],"wp:attachment":[{"href":"https:\/\/www.encontraermelinomatarazzo.com.br\/sobre\/wp-json\/wp\/v2\/media?parent=316"}],"wp:term":[{"taxonomy":"category","embeddable":true,"href":"https:\/\/www.encontraermelinomatarazzo.com.br\/sobre\/wp-json\/wp\/v2\/categories?post=316"},{"taxonomy":"post_tag","embeddable":true,"href":"https:\/\/www.encontraermelinomatarazzo.com.br\/sobre\/wp-json\/wp\/v2\/tags?post=316"}],"curies":[{"name":"wp","href":"https:\/\/api.w.org\/{rel}","templated":true}]}}