{"id":331,"date":"2011-12-24T14:37:47","date_gmt":"2011-12-24T16:37:47","guid":{"rendered":"http:\/\/www.encontraermelinomatarazzo.com.br\/noticias\/?p=331"},"modified":"2019-04-29T17:15:13","modified_gmt":"2019-04-29T19:15:13","slug":"feiras-livres-no-ermelino-matarazzo-ganham-uma-hora-nos-finais-de-semana","status":"publish","type":"post","link":"https:\/\/www.encontraermelinomatarazzo.com.br\/sobre\/feiras-livres-no-ermelino-matarazzo-ganham-uma-hora-nos-finais-de-semana\/","title":{"rendered":"Feiras livres no Ermelino Matarazzo ganham uma hora nos finais de semana"},"content":{"rendered":"<div class=\"582a572a76647b318fccfc02422c37de\" data-index=\"1\" style=\"float: none; margin:0px;\">\n<!-- Anuncio display - global -->\r\n<ins class=\"adsbygoogle\"\r\n     style=\"display:block\"\r\n     data-ad-client=\"ca-pub-8585364105181520\"\r\n     data-ad-slot=\"8789329856\"\r\n     data-ad-format=\"auto\"\r\n     data-full-width-responsive=\"true\"><\/ins>\r\n<script>\r\n     (adsbygoogle = window.adsbygoogle || []).push({});\r\n<\/script>\n<\/div>\n<p>Em virtude da grande procura pelos produtos comercializados nas feiras livres neste per\u00edodo de fim de ano, a Secretaria de Coordena\u00e7\u00e3o da Subprefeitura do bairro Ermelino Matarazzo autorizou a amplia\u00e7\u00e3o das feiras livres em uma hora durante os finais de semana.<\/p>\n<p>A medida, v\u00e1lida at\u00e9 1\u00ba de janeiro de 2012, vai beneficiar 460 feiras que acontecem nos finais de semana na cidade de S\u00e3o Paulo.<\/p>\n<p><em>Fonte: Prefeitura de S. Paulo<\/em><\/p>\n\n<div style=\"font-size: 0px; height: 0px; line-height: 0px; margin: 0; padding: 0; clear: both;\"><\/div>","protected":false},"excerpt":{"rendered":"<p>Em virtude da grande procura pelos produtos comercializados nas feiras livres neste per\u00edodo de fim de ano, a Secretaria de Coordena\u00e7\u00e3o da Subprefeitura do bairro Ermelino Matarazzo autorizou a amplia\u00e7\u00e3o das feiras livres em uma hora durante os finais de semana. A medida, v\u00e1lida at\u00e9 1\u00ba de janeiro de 2012, vai beneficiar 460 feiras que acontecem nos finais de semana na cidade de S\u00e3o Paulo. Fonte: Prefeitura de S. Paulo<\/p>\n","protected":false},"author":1,"featured_media":0,"comment_status":"open","ping_status":"closed","sticky":false,"template":"","format":"standard","meta":{"footnotes":""},"categories":[6],"tags":[],"class_list":["post-331","post","type-post","status-publish","format-standard","hentry","category-noticias-em-ermelino-matarazzo"],"aioseo_notices":[],"_links":{"self":[{"href":"https:\/\/www.encontraermelinomatarazzo.com.br\/sobre\/wp-json\/wp\/v2\/posts\/331","targetHints":{"allow":["GET"]}}],"collection":[{"href":"https:\/\/www.encontraermelinomatarazzo.com.br\/sobre\/wp-json\/wp\/v2\/posts"}],"about":[{"href":"https:\/\/www.encontraermelinomatarazzo.com.br\/sobre\/wp-json\/wp\/v2\/types\/post"}],"author":[{"embeddable":true,"href":"https:\/\/www.encontraermelinomatarazzo.com.br\/sobre\/wp-json\/wp\/v2\/users\/1"}],"replies":[{"embeddable":true,"href":"https:\/\/www.encontraermelinomatarazzo.com.br\/sobre\/wp-json\/wp\/v2\/comments?post=331"}],"version-history":[{"count":0,"href":"https:\/\/www.encontraermelinomatarazzo.com.br\/sobre\/wp-json\/wp\/v2\/posts\/331\/revisions"}],"wp:attachment":[{"href":"https:\/\/www.encontraermelinomatarazzo.com.br\/sobre\/wp-json\/wp\/v2\/media?parent=331"}],"wp:term":[{"taxonomy":"category","embeddable":true,"href":"https:\/\/www.encontraermelinomatarazzo.com.br\/sobre\/wp-json\/wp\/v2\/categories?post=331"},{"taxonomy":"post_tag","embeddable":true,"href":"https:\/\/www.encontraermelinomatarazzo.com.br\/sobre\/wp-json\/wp\/v2\/tags?post=331"}],"curies":[{"name":"wp","href":"https:\/\/api.w.org\/{rel}","templated":true}]}}