{"id":413,"date":"2012-02-16T15:10:40","date_gmt":"2012-02-16T17:10:40","guid":{"rendered":"http:\/\/www.encontraermelinomatarazzo.com.br\/noticias\/?p=413"},"modified":"2019-04-29T17:14:51","modified_gmt":"2019-04-29T19:14:51","slug":"subprefeitura-do-ermelino-matarazzo-realiza-operacao-cata-bagulho-neste-sabado","status":"publish","type":"post","link":"https:\/\/www.encontraermelinomatarazzo.com.br\/sobre\/subprefeitura-do-ermelino-matarazzo-realiza-operacao-cata-bagulho-neste-sabado\/","title":{"rendered":"Subprefeitura de Ermelino Matarazzo realiza opera\u00e7\u00e3o Cata Bagulho neste s\u00e1bado"},"content":{"rendered":"<div class=\"582a572a76647b318fccfc02422c37de\" data-index=\"1\" style=\"float: none; margin:0px;\">\n<!-- Anuncio display - global -->\r\n<ins class=\"adsbygoogle\"\r\n     style=\"display:block\"\r\n     data-ad-client=\"ca-pub-8585364105181520\"\r\n     data-ad-slot=\"8789329856\"\r\n     data-ad-format=\"auto\"\r\n     data-full-width-responsive=\"true\"><\/ins>\r\n<script>\r\n     (adsbygoogle = window.adsbygoogle || []).push({});\r\n<\/script>\n<\/div>\n<p>A Subprefeitura em guia de Ermelino Matarazzo realizar\u00e1 neste s\u00e1bado ,dia 18 de fevereiro, a Opera\u00e7\u00e3o Cata-bagulho no Jardim Popular.<\/p>\n<p>As equipes percorrer\u00e3o 54 ruas e avenidas para recolhendo materiais que n\u00e3o t\u00eam mais utilidade, como m\u00f3veis velhos, pneus usados e eletrodom\u00e9sticos quebrados.<\/p>\n<p>Vale lembrar que Lixo dom\u00e9stico, entulho de obras, material de jardinagem e poda, lixo hospitalar e industrial n\u00e3o ser\u00e3o recolhidos.<\/p>\n<p>A iniciativa contribui no combate \u00e0s enchentes, ao evitar que esses materiais sejam descartados em via p\u00fablica e prejudiquem o escoamento das \u00e1guas em dias de chuva ao entupir bueiros e bocas-de-lobo.<\/p>\n<p>Caso o cidad\u00e3o queira se desfazer de algum m\u00f3vel, mas sua rua n\u00e3o tenha sido contemplada na \u00faltima Opera\u00e7\u00e3o Cata-bagulho, ele pode ligar para o telefone 156 e solicitar que a subprefeitura inclua a via na programa\u00e7\u00e3o do servi\u00e7o, ou ent\u00e3o se dirigir ao Ecoponto localizado na Rua Eduardo Kioshi Shimura com Rua Agreste de Itabaiana,no Jardim S\u00e3o Nicolau.<\/p>\n<p>O hor\u00e1rio de funcionamento \u00e9 das 8h \u00e0s 18horas de segunda a sexta-feira e aos s\u00e1bados das 8 h \u00e0s 14horas.<\/p>\n<p><strong>Ruas contempladas:<\/strong><\/p>\n<p>Avenida Adelino Montenegro<br \/>\nAvenida El\u00f3i Dias Gon\u00e7alves<br \/>\nAvenida Pedra Preta<br \/>\nRua Abdo Milan\u00eas ( trecho da Avenida S\u00e3o Miguel at\u00e9 o c\u00f3rrego)<br \/>\nRua Balbiani<br \/>\nRua Bene de Minas<br \/>\nRua Bolivar Ribeiri Boaventura ( Trecho da Avenida S\u00e3o Miguel at\u00e9 Maria das Dores Abranches)<br \/>\nRua Candido Borges Monteiro<br \/>\nRua Concei\u00e7\u00e3o do Rio Verde<br \/>\nRua Coronel Darci Block de Castro<br \/>\nRua Coronel Drago<br \/>\nRua Danilo Felipe<br \/>\nRua Domingos Trole<br \/>\nRua Doutor Saul de Camargo Neves<br \/>\nRua Engenheiro Del Pisso<br \/>\nRua Eugenio de Almeida<br \/>\nRua Fern\u00e3o Alves<br \/>\nRua Flor\u00eancio da Silva<br \/>\nRua Francisco Mairink<br \/>\nRua Guiraquer\u00e9a<br \/>\nRua Humberto Dantas<br \/>\nRua Ibititura de Minas<br \/>\nRua Jaguatirica<br \/>\nRua Jairo Fernandes Garcia<br \/>\nRua Joaquim Jos\u00e9 Bandeira<br \/>\nRua Jorge Pimenta<br \/>\nRua Lara<br \/>\nRua Luis Souto Maior<br \/>\nRua Marangone<br \/>\nRua Maria das Dores Abranches<br \/>\nRua Maria Leoc\u00e1dia<br \/>\nRua Mateus Loren\u00e7o<br \/>\nRua Maur\u00edcio Bueno<br \/>\nRua Monte Jaguari<br \/>\nRua Os Vedas<br \/>\nRua Ouro Fino<br \/>\nRua Professor Arist\u00f3bulo de Freitas<br \/>\nRua Quebra Pedra<br \/>\nRua Rosa Mendes<br \/>\nRua Santa Silveira<br \/>\nRua Santo Antonio do Riacho ( Avenida S\u00e3o Miguel at\u00e9 o C\u00f3rrego )<br \/>\nRua Silvestre Gayer<br \/>\nRua Souza M. E. Alvim<br \/>\nRua Virgilia<br \/>\nRua Vit\u00f3ria Colonna<br \/>\nTravessa Francisco Tourinho<br \/>\nRua Luis Asson<br \/>\nRua Catamaca<br \/>\nRua Guaibim<br \/>\nRua Tereza do Bonito<br \/>\nRua Salom\u00e3o Dana<br \/>\nRua Peixe Lua<br \/>\nRua Jujui<br \/>\nRua Luis Gameray<br \/>\nRua Diario de S\u00e3o Paulo<\/p>\n<p><em>Fonte: Prefeitura de S. Paulo<\/em><\/p>\n\n<div style=\"font-size: 0px; height: 0px; line-height: 0px; margin: 0; padding: 0; clear: both;\"><\/div>","protected":false},"excerpt":{"rendered":"<p>A Subprefeitura em guia de Ermelino Matarazzo realizar\u00e1 neste s\u00e1bado ,dia 18 de fevereiro, a Opera\u00e7\u00e3o Cata-bagulho no Jardim Popular. As equipes percorrer\u00e3o 54 ruas e avenidas para recolhendo materiais que n\u00e3o t\u00eam mais utilidade, como m\u00f3veis velhos, pneus usados e eletrodom\u00e9sticos quebrados. Vale lembrar que Lixo dom\u00e9stico, entulho de obras, material de jardinagem e poda, lixo hospitalar e industrial n\u00e3o ser\u00e3o recolhidos. A iniciativa contribui no combate \u00e0s enchentes, ao evitar que esses materiais sejam descartados em via p\u00fablica e prejudiquem o escoamento das \u00e1guas em dias de chuva ao entupir bueiros e bocas-de-lobo. Caso o cidad\u00e3o queira se <\/p>\n","protected":false},"author":1,"featured_media":0,"comment_status":"open","ping_status":"closed","sticky":false,"template":"","format":"standard","meta":{"footnotes":""},"categories":[6],"tags":[],"class_list":["post-413","post","type-post","status-publish","format-standard","hentry","category-noticias-em-ermelino-matarazzo"],"aioseo_notices":[],"_links":{"self":[{"href":"https:\/\/www.encontraermelinomatarazzo.com.br\/sobre\/wp-json\/wp\/v2\/posts\/413","targetHints":{"allow":["GET"]}}],"collection":[{"href":"https:\/\/www.encontraermelinomatarazzo.com.br\/sobre\/wp-json\/wp\/v2\/posts"}],"about":[{"href":"https:\/\/www.encontraermelinomatarazzo.com.br\/sobre\/wp-json\/wp\/v2\/types\/post"}],"author":[{"embeddable":true,"href":"https:\/\/www.encontraermelinomatarazzo.com.br\/sobre\/wp-json\/wp\/v2\/users\/1"}],"replies":[{"embeddable":true,"href":"https:\/\/www.encontraermelinomatarazzo.com.br\/sobre\/wp-json\/wp\/v2\/comments?post=413"}],"version-history":[{"count":0,"href":"https:\/\/www.encontraermelinomatarazzo.com.br\/sobre\/wp-json\/wp\/v2\/posts\/413\/revisions"}],"wp:attachment":[{"href":"https:\/\/www.encontraermelinomatarazzo.com.br\/sobre\/wp-json\/wp\/v2\/media?parent=413"}],"wp:term":[{"taxonomy":"category","embeddable":true,"href":"https:\/\/www.encontraermelinomatarazzo.com.br\/sobre\/wp-json\/wp\/v2\/categories?post=413"},{"taxonomy":"post_tag","embeddable":true,"href":"https:\/\/www.encontraermelinomatarazzo.com.br\/sobre\/wp-json\/wp\/v2\/tags?post=413"}],"curies":[{"name":"wp","href":"https:\/\/api.w.org\/{rel}","templated":true}]}}