{"id":42,"date":"2011-05-06T22:17:39","date_gmt":"2011-05-07T00:17:39","guid":{"rendered":"http:\/\/www.encontraermelinomatarazzo.com.br\/noticias\/?p=42"},"modified":"2019-04-29T17:15:33","modified_gmt":"2019-04-29T19:15:33","slug":"operacao-cata-bagulho-percorre-o-bairro-do-ermelino-matarazzo-neste-sabado","status":"publish","type":"post","link":"https:\/\/www.encontraermelinomatarazzo.com.br\/sobre\/operacao-cata-bagulho-percorre-o-bairro-do-ermelino-matarazzo-neste-sabado\/","title":{"rendered":"Opera\u00e7\u00e3o Cata-Bagulho percorre o bairro do Ermelino Matarazzo neste s\u00e1bado"},"content":{"rendered":"<div class=\"582a572a76647b318fccfc02422c37de\" data-index=\"1\" style=\"float: none; margin:0px;\">\n<!-- Anuncio display - global -->\r\n<ins class=\"adsbygoogle\"\r\n     style=\"display:block\"\r\n     data-ad-client=\"ca-pub-8585364105181520\"\r\n     data-ad-slot=\"8789329856\"\r\n     data-ad-format=\"auto\"\r\n     data-full-width-responsive=\"true\"><\/ins>\r\n<script>\r\n     (adsbygoogle = window.adsbygoogle || []).push({});\r\n<\/script>\n<\/div>\n<p>No pr\u00f3ximo s\u00e1bado (7), a regi\u00e3o do Campo Limpo recebe os\u00a0servi\u00e7os da  opera\u00e7\u00e3o cata-bagulho. Os\u00a0moradores das ruas e  avenidas atendidas  pelo\u00a0servi\u00e7o poder\u00e3o se desfazer de objetos em desuso  e de dif\u00edcil  descarte, como m\u00f3veis e eletrodom\u00e9sticos avariados ou em  desuso.  Confira a regi\u00e3o atendida pelo servi\u00e7o:<\/p>\n<p>Servi\u00e7o Encontra Ermelino Matarazzo:<\/p>\n<p><strong>Hor\u00e1rio<\/strong>: das 7h \u00e0s 10h<strong><br \/>\nOnde<\/strong>:  avenidas Antonio Augusto de Lima, Porcino dos Santos,\u00a0 Afonso Moreira  Pena, ruas Am\u00e9rico Lobo, Bandeira da Colonia, Bigati, Josefina  Chiapetta, Primavera da Vida, Ros\u00e1rio da Limeira, Sebasti\u00e3o Cruz,  Te\u00f3filo Gomes, Terra Branca.<\/p>\n<p><em>Fonte: Prefeitura de S. Paulo<\/em><\/p>\n\n<div style=\"font-size: 0px; height: 0px; line-height: 0px; margin: 0; padding: 0; clear: both;\"><\/div>","protected":false},"excerpt":{"rendered":"<p>No pr\u00f3ximo s\u00e1bado (7), a regi\u00e3o do Campo Limpo recebe os\u00a0servi\u00e7os da opera\u00e7\u00e3o cata-bagulho. Os\u00a0moradores das ruas e avenidas atendidas pelo\u00a0servi\u00e7o poder\u00e3o se desfazer de objetos em desuso e de dif\u00edcil descarte, como m\u00f3veis e eletrodom\u00e9sticos avariados ou em desuso. Confira a regi\u00e3o atendida pelo servi\u00e7o: Servi\u00e7o Encontra Ermelino Matarazzo: Hor\u00e1rio: das 7h \u00e0s 10h Onde: avenidas Antonio Augusto de Lima, Porcino dos Santos,\u00a0 Afonso Moreira Pena, ruas Am\u00e9rico Lobo, Bandeira da Colonia, Bigati, Josefina Chiapetta, Primavera da Vida, Ros\u00e1rio da Limeira, Sebasti\u00e3o Cruz, Te\u00f3filo Gomes, Terra Branca. Fonte: Prefeitura de S. Paulo<\/p>\n","protected":false},"author":1,"featured_media":0,"comment_status":"open","ping_status":"closed","sticky":false,"template":"","format":"standard","meta":{"footnotes":""},"categories":[6],"tags":[],"class_list":["post-42","post","type-post","status-publish","format-standard","hentry","category-noticias-em-ermelino-matarazzo"],"aioseo_notices":[],"_links":{"self":[{"href":"https:\/\/www.encontraermelinomatarazzo.com.br\/sobre\/wp-json\/wp\/v2\/posts\/42","targetHints":{"allow":["GET"]}}],"collection":[{"href":"https:\/\/www.encontraermelinomatarazzo.com.br\/sobre\/wp-json\/wp\/v2\/posts"}],"about":[{"href":"https:\/\/www.encontraermelinomatarazzo.com.br\/sobre\/wp-json\/wp\/v2\/types\/post"}],"author":[{"embeddable":true,"href":"https:\/\/www.encontraermelinomatarazzo.com.br\/sobre\/wp-json\/wp\/v2\/users\/1"}],"replies":[{"embeddable":true,"href":"https:\/\/www.encontraermelinomatarazzo.com.br\/sobre\/wp-json\/wp\/v2\/comments?post=42"}],"version-history":[{"count":0,"href":"https:\/\/www.encontraermelinomatarazzo.com.br\/sobre\/wp-json\/wp\/v2\/posts\/42\/revisions"}],"wp:attachment":[{"href":"https:\/\/www.encontraermelinomatarazzo.com.br\/sobre\/wp-json\/wp\/v2\/media?parent=42"}],"wp:term":[{"taxonomy":"category","embeddable":true,"href":"https:\/\/www.encontraermelinomatarazzo.com.br\/sobre\/wp-json\/wp\/v2\/categories?post=42"},{"taxonomy":"post_tag","embeddable":true,"href":"https:\/\/www.encontraermelinomatarazzo.com.br\/sobre\/wp-json\/wp\/v2\/tags?post=42"}],"curies":[{"name":"wp","href":"https:\/\/api.w.org\/{rel}","templated":true}]}}