{"id":425,"date":"2012-03-02T13:10:17","date_gmt":"2012-03-02T15:10:17","guid":{"rendered":"http:\/\/www.encontraermelinomatarazzo.com.br\/noticias\/?p=425"},"modified":"2019-04-29T17:14:50","modified_gmt":"2019-04-29T19:14:50","slug":"cantor-toquinho-se-apresenta-no-ermelino-matarazzo-neste-final-de-semana","status":"publish","type":"post","link":"https:\/\/www.encontraermelinomatarazzo.com.br\/sobre\/cantor-toquinho-se-apresenta-no-ermelino-matarazzo-neste-final-de-semana\/","title":{"rendered":"Cantor Toquinho se apresenta em Ermelino Matarazzo neste final de semana"},"content":{"rendered":"<div class=\"582a572a76647b318fccfc02422c37de\" data-index=\"1\" style=\"float: none; margin:0px;\">\n<!-- Anuncio display - global -->\r\n<ins class=\"adsbygoogle\"\r\n     style=\"display:block\"\r\n     data-ad-client=\"ca-pub-8585364105181520\"\r\n     data-ad-slot=\"8789329856\"\r\n     data-ad-format=\"auto\"\r\n     data-full-width-responsive=\"true\"><\/ins>\r\n<script>\r\n     (adsbygoogle = window.adsbygoogle || []).push({});\r\n<\/script>\n<\/div>\n<p>Nesta, s\u00e1bado (3\/3) e no domingo (4\/3), o cantor e compositor Toquinho sobe aos palcos de tr\u00eas Centros Educacionais Unificados (CEU) em S\u00e3o Paulo em apresenta\u00e7\u00f5es gratuitas.<\/p>\n<p>Nesta sexta-feira (2\/3), o show ser\u00e1 no CEU Formosa (Rua Manoel Ferreira Pires, 560, Encontra Vila Formosa); no s\u00e1bado (3\/3), no CEU Cantos do Amanhecer (Avenida Cantos do Amanhecer, s\/n\u00ba, Jardim Mitsutami); e no domingo (4\/3), no CEU Quinta do Sol (Rua Luiz Imparato, 564, Canga\u00edba &#8211; Distrito de Ermelino Matarazzo).<\/p>\n<p>Para retirar os ingressos \u00e9 preciso ir at\u00e9 a gest\u00e3o dos CEUs com anteced\u00eancia. Este \u00e9 o segundo ano que Toquinho faz temporada no CEU \u00e9 Show, projeto da Secretaria de Educa\u00e7\u00e3o, que leva grandes nomes da m\u00fasica e do teatro aos Centros Educacionais Unificados de toda a cidade.<\/p>\n<p>Nesta edi\u00e7\u00e3o do evento, Toquinho sobe se apresenta com shows intimistas, em formato voz e viol\u00e3o, cantando grandes sucessos como Tarde em Itapu\u00e3 e Aquarela. Para conferir a programa\u00e7\u00e3o completa do CEU \u00e9 Show 2012 os interessados devem acessar o site portalsme.prefeitura.sp.gov.br\/ceueshow.<\/p>\n<p>Informa\u00e7\u00f5es: Secretaria Municipal de Educa\u00e7\u00e3o- tel:3396-0358 \/ 3396-0359.<\/p>\n<p><em>Fonte: Prefeitura de S. Paulo<\/em><\/p>\n\n<div style=\"font-size: 0px; height: 0px; line-height: 0px; margin: 0; padding: 0; clear: both;\"><\/div>","protected":false},"excerpt":{"rendered":"<p>Nesta, s\u00e1bado (3\/3) e no domingo (4\/3), o cantor e compositor Toquinho sobe aos palcos de tr\u00eas Centros Educacionais Unificados (CEU) em S\u00e3o Paulo em apresenta\u00e7\u00f5es gratuitas. Nesta sexta-feira (2\/3), o show ser\u00e1 no CEU Formosa (Rua Manoel Ferreira Pires, 560, Encontra Vila Formosa); no s\u00e1bado (3\/3), no CEU Cantos do Amanhecer (Avenida Cantos do Amanhecer, s\/n\u00ba, Jardim Mitsutami); e no domingo (4\/3), no CEU Quinta do Sol (Rua Luiz Imparato, 564, Canga\u00edba &#8211; Distrito de Ermelino Matarazzo). Para retirar os ingressos \u00e9 preciso ir at\u00e9 a gest\u00e3o dos CEUs com anteced\u00eancia. Este \u00e9 o segundo ano que Toquinho faz <\/p>\n","protected":false},"author":1,"featured_media":0,"comment_status":"open","ping_status":"closed","sticky":false,"template":"","format":"standard","meta":{"footnotes":""},"categories":[6],"tags":[],"class_list":["post-425","post","type-post","status-publish","format-standard","hentry","category-noticias-em-ermelino-matarazzo"],"aioseo_notices":[],"_links":{"self":[{"href":"https:\/\/www.encontraermelinomatarazzo.com.br\/sobre\/wp-json\/wp\/v2\/posts\/425","targetHints":{"allow":["GET"]}}],"collection":[{"href":"https:\/\/www.encontraermelinomatarazzo.com.br\/sobre\/wp-json\/wp\/v2\/posts"}],"about":[{"href":"https:\/\/www.encontraermelinomatarazzo.com.br\/sobre\/wp-json\/wp\/v2\/types\/post"}],"author":[{"embeddable":true,"href":"https:\/\/www.encontraermelinomatarazzo.com.br\/sobre\/wp-json\/wp\/v2\/users\/1"}],"replies":[{"embeddable":true,"href":"https:\/\/www.encontraermelinomatarazzo.com.br\/sobre\/wp-json\/wp\/v2\/comments?post=425"}],"version-history":[{"count":0,"href":"https:\/\/www.encontraermelinomatarazzo.com.br\/sobre\/wp-json\/wp\/v2\/posts\/425\/revisions"}],"wp:attachment":[{"href":"https:\/\/www.encontraermelinomatarazzo.com.br\/sobre\/wp-json\/wp\/v2\/media?parent=425"}],"wp:term":[{"taxonomy":"category","embeddable":true,"href":"https:\/\/www.encontraermelinomatarazzo.com.br\/sobre\/wp-json\/wp\/v2\/categories?post=425"},{"taxonomy":"post_tag","embeddable":true,"href":"https:\/\/www.encontraermelinomatarazzo.com.br\/sobre\/wp-json\/wp\/v2\/tags?post=425"}],"curies":[{"name":"wp","href":"https:\/\/api.w.org\/{rel}","templated":true}]}}