{"id":448,"date":"2012-03-19T14:26:12","date_gmt":"2012-03-19T16:26:12","guid":{"rendered":"http:\/\/www.encontraermelinomatarazzo.com.br\/noticias\/?p=448"},"modified":"2019-04-29T17:14:50","modified_gmt":"2019-04-29T19:14:50","slug":"conselho-tutelar-de-ermelino-matarazzo-ganha-novas-instalacoes","status":"publish","type":"post","link":"https:\/\/www.encontraermelinomatarazzo.com.br\/sobre\/conselho-tutelar-de-ermelino-matarazzo-ganha-novas-instalacoes\/","title":{"rendered":"Conselho Tutelar de Ermelino Matarazzo ganha novas instala\u00e7\u00f5es"},"content":{"rendered":"<div class=\"582a572a76647b318fccfc02422c37de\" data-index=\"1\" style=\"float: none; margin:0px;\">\n<!-- Anuncio display - global -->\r\n<ins class=\"adsbygoogle\"\r\n     style=\"display:block\"\r\n     data-ad-client=\"ca-pub-8585364105181520\"\r\n     data-ad-slot=\"8789329856\"\r\n     data-ad-format=\"auto\"\r\n     data-full-width-responsive=\"true\"><\/ins>\r\n<script>\r\n     (adsbygoogle = window.adsbygoogle || []).push({});\r\n<\/script>\n<\/div>\n<p>A Subprefeitura em guia Ermelino Matarazzo executa ampla reforma no pr\u00e9dio localizado na Avenida Milene Elias, n\u00b0 473. A reforma tem como objetivo ampliar as instala\u00e7\u00f5es do Conselho Tutelar de Ermelino Matarazzo.<\/p>\n<p>A reforma consiste na troca do telhado, na reforma da rede el\u00e9trica e hidr\u00e1ulica, constru\u00e7\u00e3o de banheiros e adapta\u00e7\u00e3o de salas para melhor atender os mun\u00edcipes que procuram ajuda e orienta\u00e7\u00e3o do conselho.<\/p>\n<p>O novo espa\u00e7o ser\u00e1 integrado ao pr\u00e9dio existente, localizado na Avenida Milene Elias, n\u00b0 471, onde j\u00e1 funciona desde 4 de maio de 2010 o Conselho Tutelar de Ermelino Matarazzo.<\/p>\n<p>As obras est\u00e3o em r\u00edtmo acelerado, com previs\u00e3o de inaugura\u00e7\u00e3o no m\u00eas de maio de 2012.<\/p>\n<p>Al\u00e9m de novas salas para o atendimento sigiloso, o novo espa\u00e7o ter\u00e1 uma brinquedoteca com jogos e atividades l\u00fadicas.<\/p>\n<p>O Conselho Tutelar de Ermelino Matarazzo localiza-se na Avenida Milene Elias, N\u00ba 471- telefones: 2214-1035 \/ 2545-5159.<br \/>\nAtendimento: de Segunda a sexta \u2013feira das 8:00 \u00e0s 18:00h.<\/p>\n<p><em>Fonte: Prefeitura de S. Paulo<\/em><\/p>\n\n<div style=\"font-size: 0px; height: 0px; line-height: 0px; margin: 0; padding: 0; clear: both;\"><\/div>","protected":false},"excerpt":{"rendered":"<p>A Subprefeitura em guia Ermelino Matarazzo executa ampla reforma no pr\u00e9dio localizado na Avenida Milene Elias, n\u00b0 473. A reforma tem como objetivo ampliar as instala\u00e7\u00f5es do Conselho Tutelar de Ermelino Matarazzo. A reforma consiste na troca do telhado, na reforma da rede el\u00e9trica e hidr\u00e1ulica, constru\u00e7\u00e3o de banheiros e adapta\u00e7\u00e3o de salas para melhor atender os mun\u00edcipes que procuram ajuda e orienta\u00e7\u00e3o do conselho. O novo espa\u00e7o ser\u00e1 integrado ao pr\u00e9dio existente, localizado na Avenida Milene Elias, n\u00b0 471, onde j\u00e1 funciona desde 4 de maio de 2010 o Conselho Tutelar de Ermelino Matarazzo. As obras est\u00e3o em r\u00edtmo <\/p>\n","protected":false},"author":1,"featured_media":0,"comment_status":"open","ping_status":"closed","sticky":false,"template":"","format":"standard","meta":{"footnotes":""},"categories":[6],"tags":[],"class_list":["post-448","post","type-post","status-publish","format-standard","hentry","category-noticias-em-ermelino-matarazzo"],"aioseo_notices":[],"_links":{"self":[{"href":"https:\/\/www.encontraermelinomatarazzo.com.br\/sobre\/wp-json\/wp\/v2\/posts\/448","targetHints":{"allow":["GET"]}}],"collection":[{"href":"https:\/\/www.encontraermelinomatarazzo.com.br\/sobre\/wp-json\/wp\/v2\/posts"}],"about":[{"href":"https:\/\/www.encontraermelinomatarazzo.com.br\/sobre\/wp-json\/wp\/v2\/types\/post"}],"author":[{"embeddable":true,"href":"https:\/\/www.encontraermelinomatarazzo.com.br\/sobre\/wp-json\/wp\/v2\/users\/1"}],"replies":[{"embeddable":true,"href":"https:\/\/www.encontraermelinomatarazzo.com.br\/sobre\/wp-json\/wp\/v2\/comments?post=448"}],"version-history":[{"count":0,"href":"https:\/\/www.encontraermelinomatarazzo.com.br\/sobre\/wp-json\/wp\/v2\/posts\/448\/revisions"}],"wp:attachment":[{"href":"https:\/\/www.encontraermelinomatarazzo.com.br\/sobre\/wp-json\/wp\/v2\/media?parent=448"}],"wp:term":[{"taxonomy":"category","embeddable":true,"href":"https:\/\/www.encontraermelinomatarazzo.com.br\/sobre\/wp-json\/wp\/v2\/categories?post=448"},{"taxonomy":"post_tag","embeddable":true,"href":"https:\/\/www.encontraermelinomatarazzo.com.br\/sobre\/wp-json\/wp\/v2\/tags?post=448"}],"curies":[{"name":"wp","href":"https:\/\/api.w.org\/{rel}","templated":true}]}}