{"id":47,"date":"2011-05-09T12:22:49","date_gmt":"2011-05-09T14:22:49","guid":{"rendered":"http:\/\/www.encontraermelinomatarazzo.com.br\/noticias\/?p=47"},"modified":"2019-04-29T17:15:33","modified_gmt":"2019-04-29T19:15:33","slug":"ermelino-matarazzo-explosao-mata-funcionario-em-fabrica-de-cimento","status":"publish","type":"post","link":"https:\/\/www.encontraermelinomatarazzo.com.br\/sobre\/ermelino-matarazzo-explosao-mata-funcionario-em-fabrica-de-cimento\/","title":{"rendered":"Ermelino Matarazzo: Explos\u00e3o mata funcion\u00e1rio em f\u00e1brica de cimento"},"content":{"rendered":"<div class=\"582a572a76647b318fccfc02422c37de\" data-index=\"1\" style=\"float: none; margin:0px;\">\n<!-- Anuncio display - global -->\r\n<ins class=\"adsbygoogle\"\r\n     style=\"display:block\"\r\n     data-ad-client=\"ca-pub-8585364105181520\"\r\n     data-ad-slot=\"8789329856\"\r\n     data-ad-format=\"auto\"\r\n     data-full-width-responsive=\"true\"><\/ins>\r\n<script>\r\n     (adsbygoogle = window.adsbygoogle || []).push({});\r\n<\/script>\n<\/div>\n<p>Um funcion\u00e1rio morreu ap\u00f3s a explos\u00e3o de um vag\u00e3o de ar comprimido, por volta das 9h deste s\u00e1bado (7), em uma f\u00e1brica de cimentos na zona leste de S\u00e3o Paulo. O acidente ocorreu na rua Japichau\u00e1, no Jardim Matarazzo, junto \u00e0 esta\u00e7\u00e3o de trem no bairro do Ermelino Matarazzo.<\/p>\n<p>De acordo com o Corpo de Bombeiros, a v\u00edtima teve o cr\u00e2nio perfurado. A corpora\u00e7\u00e3o disse que quatro viaturas e duas motos atenderam a ocorr\u00eancia. O Samu (Servi\u00e7o de Atendimento M\u00f3vel de Urg\u00eancia) tamb\u00e9m foi acionado.<\/p>\n<p>O \u00e1guia 14 da Pol\u00edcia Militar chegou a ser acionado enquanto a v\u00edtima ainda estava consciente, por\u00e9m regressou a base quando a morte foi constatada pelo Corpo de Bombeiros.<\/p>\n<p>A per\u00edcia era aguardada no local. O caso foi encaminhado ao 10\u00ba Distrito Policial (Penha).<br \/>\n<em><br \/>\nFonte: R7<\/em><\/p>\n\n<div style=\"font-size: 0px; height: 0px; line-height: 0px; margin: 0; padding: 0; clear: both;\"><\/div>","protected":false},"excerpt":{"rendered":"<p>Um funcion\u00e1rio morreu ap\u00f3s a explos\u00e3o de um vag\u00e3o de ar comprimido, por volta das 9h deste s\u00e1bado (7), em uma f\u00e1brica de cimentos na zona leste de S\u00e3o Paulo. O acidente ocorreu na rua Japichau\u00e1, no Jardim Matarazzo, junto \u00e0 esta\u00e7\u00e3o de trem no bairro do Ermelino Matarazzo. De acordo com o Corpo de Bombeiros, a v\u00edtima teve o cr\u00e2nio perfurado. A corpora\u00e7\u00e3o disse que quatro viaturas e duas motos atenderam a ocorr\u00eancia. O Samu (Servi\u00e7o de Atendimento M\u00f3vel de Urg\u00eancia) tamb\u00e9m foi acionado. O \u00e1guia 14 da Pol\u00edcia Militar chegou a ser acionado enquanto a v\u00edtima ainda estava <\/p>\n","protected":false},"author":1,"featured_media":0,"comment_status":"open","ping_status":"closed","sticky":false,"template":"","format":"standard","meta":{"footnotes":""},"categories":[6],"tags":[],"class_list":["post-47","post","type-post","status-publish","format-standard","hentry","category-noticias-em-ermelino-matarazzo"],"aioseo_notices":[],"_links":{"self":[{"href":"https:\/\/www.encontraermelinomatarazzo.com.br\/sobre\/wp-json\/wp\/v2\/posts\/47","targetHints":{"allow":["GET"]}}],"collection":[{"href":"https:\/\/www.encontraermelinomatarazzo.com.br\/sobre\/wp-json\/wp\/v2\/posts"}],"about":[{"href":"https:\/\/www.encontraermelinomatarazzo.com.br\/sobre\/wp-json\/wp\/v2\/types\/post"}],"author":[{"embeddable":true,"href":"https:\/\/www.encontraermelinomatarazzo.com.br\/sobre\/wp-json\/wp\/v2\/users\/1"}],"replies":[{"embeddable":true,"href":"https:\/\/www.encontraermelinomatarazzo.com.br\/sobre\/wp-json\/wp\/v2\/comments?post=47"}],"version-history":[{"count":0,"href":"https:\/\/www.encontraermelinomatarazzo.com.br\/sobre\/wp-json\/wp\/v2\/posts\/47\/revisions"}],"wp:attachment":[{"href":"https:\/\/www.encontraermelinomatarazzo.com.br\/sobre\/wp-json\/wp\/v2\/media?parent=47"}],"wp:term":[{"taxonomy":"category","embeddable":true,"href":"https:\/\/www.encontraermelinomatarazzo.com.br\/sobre\/wp-json\/wp\/v2\/categories?post=47"},{"taxonomy":"post_tag","embeddable":true,"href":"https:\/\/www.encontraermelinomatarazzo.com.br\/sobre\/wp-json\/wp\/v2\/tags?post=47"}],"curies":[{"name":"wp","href":"https:\/\/api.w.org\/{rel}","templated":true}]}}