{"id":471,"date":"2012-03-30T15:13:46","date_gmt":"2012-03-30T17:13:46","guid":{"rendered":"http:\/\/www.encontraermelinomatarazzo.com.br\/noticias\/?p=471"},"modified":"2019-04-29T17:14:50","modified_gmt":"2019-04-29T19:14:50","slug":"polos-de-brincar-agitam-o-domingo-da-garotada-em-ermelino-matarazzo-e-sao-mateus","status":"publish","type":"post","link":"https:\/\/www.encontraermelinomatarazzo.com.br\/sobre\/polos-de-brincar-agitam-o-domingo-da-garotada-em-ermelino-matarazzo-e-sao-mateus\/","title":{"rendered":"Polos de Brincar agitam o domingo da garotada em Ermelino Matarazzo e S\u00e3o Mateus"},"content":{"rendered":"<div class=\"582a572a76647b318fccfc02422c37de\" data-index=\"1\" style=\"float: none; margin:0px;\">\n<!-- Anuncio display - global -->\r\n<ins class=\"adsbygoogle\"\r\n     style=\"display:block\"\r\n     data-ad-client=\"ca-pub-8585364105181520\"\r\n     data-ad-slot=\"8789329856\"\r\n     data-ad-format=\"auto\"\r\n     data-full-width-responsive=\"true\"><\/ins>\r\n<script>\r\n     (adsbygoogle = window.adsbygoogle || []).push({});\r\n<\/script>\n<\/div>\n<p>A Secretaria de Esportes, Lazer e Recrea\u00e7\u00e3o da Cidade de S\u00e3o Paulo inaugurou no \u00faltimo domingo (25\/3), os Polos de Brincar das Subprefeitura Ermelino Matarazzo, S\u00e3o Mateus, Casa Verde e Lapa.<\/p>\n<p>A Secretaria de Esportes, Lazer e Recrea\u00e7\u00e3o da Cidade de S\u00e3o Paulo inaugurou no \u00faltimo domingo (25\/3), os Polos de Brincar das Subprefeituras de Ermelino Matarazzo, S\u00e3o Mateus, Casa Verde e do bairro da Lapa. Agora j\u00e1 s\u00e3o 18 os polos inaugurados e dentro de duas semanas o total chegar\u00e1 a 29, funcionando todos os domingos das 10h \u00e0s 17h.<\/p>\n<p>O secret\u00e1rio de Esportes esteve presente nos polos da Casa Verde, localizado na rua Araguacema no bairro do Lim\u00e3o, e da Lapa, localizado na pra\u00e7a Pedro Signorelli, no bairro da Vila Piau\u00ed. Viu de perto a alegria da crian\u00e7ada que brincava em escorregadores, pula-pulas, camas el\u00e1sticas, pernas de pau, amarelinhas, piscinas de bolinhas e muitos outros brinquedos. \u201c\u00c9 muito bom ver crian\u00e7as de todas as idades se divertirem com um lazer t\u00e3o saud\u00e1vel quanto esse\u201d, comentou.<\/p>\n<p>O garoto Gabriel dos Santos, de 9 anos, que estava no polo da Casa Verde comemorou: \u201cVou vir toda semana, porque antes n\u00e3o t\u00ednhamos um lugar assim para a gente brincar e encontrar os amigos\u201d. Moradora h\u00e1 45 anos da Vila Piau\u00ed e conselheira comunit\u00e1ria, L\u00facia de Oliveira destacou: \u201cCom os Polos de Brincar a comunidade foi beneficiada, e tiraram muitos das drogas; at\u00e9 mesmo tivemos um dependente qu\u00edmico que fez quest\u00e3o de ser volunt\u00e1rio hoje aqui e esqueceu as drogas pelo menos por hoje\u201d.<\/p>\n<p><strong>Ermelino Matarazzo e S\u00e3o Mateus<\/strong><\/p>\n<p>Na regi\u00e3o de Ermelino Matarazzo, Zona Leste, o Polo de Brincar foi inaugurado na pra\u00e7a Benedito Ramos Rodrigues, onde as moradores puderam curtir in\u00fameras atividades de lazer. As mais empolgadas eram as crian\u00e7as que se esbaldaram nos espa\u00e7o tem\u00e1ticos denominados de \u201cesta\u00e7\u00e3o\u201d.<\/p>\n<p>A esta\u00e7\u00e3o de esportes reuniu atividades como basquete, e futebol, enquanto a esta\u00e7\u00e3o recrea\u00e7\u00e3o ofereceu piscina de bolinhas, cama el\u00e1stica e brinquedos infl\u00e1veis. A esta\u00e7\u00e3o jogos de sal\u00e3o atraiu pessoas de todas as idades que jogaram xadrez, domin\u00f3, pebolim e muito mais. Segundo a SEME que organiza o P\u00f3los de Brincar, no pr\u00f3ximo domingo haver\u00e1 a esta\u00e7\u00e3o Cantinho da Cidadania, que ir\u00e1 oferecer orienta\u00e7\u00f5es de sa\u00fade preventiva, sempre com a orienta\u00e7\u00e3o de monitores especializados.<\/p>\n<p>O Polo de Brincar de S\u00e3o Mateus fica na Rua Francisco de Melo Palheta com a rua Sand\u00e1lia Cor de Prata. Nessa regi\u00e3o estrat\u00e9gica e carente do bairro a Secretaria de Esportes reuniu centenas de pessoas que se divertiram com jogos l\u00fadicos, oficina de pintura, artes, fantasia, basquete, cama el\u00e1stica, jogos eletr\u00f4nicos entre outras op\u00e7\u00f5es.<\/p>\n<p>A pequena Mariana Aparecida Rodrigues de apenas quatro anos estava radiante e segundo sua tia Eliana Aparecida Rodrigues desde que montaram os brinquedos e as oficinas ela n\u00e3o parou um minuto. \u201c\u00c9 muito bom tudo isso, tem livros did\u00e1ticos, brincadeiras de fantoche. Achei excelente a iniciativa da Secretaria e o melhor, tudo de gra\u00e7a\u201d, finalizou Eliana.<\/p>\n<p><em>Fonte: Prefeitura de S. Paulo<\/em><\/p>\n\n<div style=\"font-size: 0px; height: 0px; line-height: 0px; margin: 0; padding: 0; clear: both;\"><\/div>","protected":false},"excerpt":{"rendered":"<p>A Secretaria de Esportes, Lazer e Recrea\u00e7\u00e3o da Cidade de S\u00e3o Paulo inaugurou no \u00faltimo domingo (25\/3), os Polos de Brincar das Subprefeitura Ermelino Matarazzo, S\u00e3o Mateus, Casa Verde e Lapa. A Secretaria de Esportes, Lazer e Recrea\u00e7\u00e3o da Cidade de S\u00e3o Paulo inaugurou no \u00faltimo domingo (25\/3), os Polos de Brincar das Subprefeituras de Ermelino Matarazzo, S\u00e3o Mateus, Casa Verde e do bairro da Lapa. Agora j\u00e1 s\u00e3o 18 os polos inaugurados e dentro de duas semanas o total chegar\u00e1 a 29, funcionando todos os domingos das 10h \u00e0s 17h. O secret\u00e1rio de Esportes esteve presente nos polos da <\/p>\n","protected":false},"author":1,"featured_media":0,"comment_status":"open","ping_status":"closed","sticky":false,"template":"","format":"standard","meta":{"footnotes":""},"categories":[6],"tags":[],"class_list":["post-471","post","type-post","status-publish","format-standard","hentry","category-noticias-em-ermelino-matarazzo"],"aioseo_notices":[],"_links":{"self":[{"href":"https:\/\/www.encontraermelinomatarazzo.com.br\/sobre\/wp-json\/wp\/v2\/posts\/471","targetHints":{"allow":["GET"]}}],"collection":[{"href":"https:\/\/www.encontraermelinomatarazzo.com.br\/sobre\/wp-json\/wp\/v2\/posts"}],"about":[{"href":"https:\/\/www.encontraermelinomatarazzo.com.br\/sobre\/wp-json\/wp\/v2\/types\/post"}],"author":[{"embeddable":true,"href":"https:\/\/www.encontraermelinomatarazzo.com.br\/sobre\/wp-json\/wp\/v2\/users\/1"}],"replies":[{"embeddable":true,"href":"https:\/\/www.encontraermelinomatarazzo.com.br\/sobre\/wp-json\/wp\/v2\/comments?post=471"}],"version-history":[{"count":0,"href":"https:\/\/www.encontraermelinomatarazzo.com.br\/sobre\/wp-json\/wp\/v2\/posts\/471\/revisions"}],"wp:attachment":[{"href":"https:\/\/www.encontraermelinomatarazzo.com.br\/sobre\/wp-json\/wp\/v2\/media?parent=471"}],"wp:term":[{"taxonomy":"category","embeddable":true,"href":"https:\/\/www.encontraermelinomatarazzo.com.br\/sobre\/wp-json\/wp\/v2\/categories?post=471"},{"taxonomy":"post_tag","embeddable":true,"href":"https:\/\/www.encontraermelinomatarazzo.com.br\/sobre\/wp-json\/wp\/v2\/tags?post=471"}],"curies":[{"name":"wp","href":"https:\/\/api.w.org\/{rel}","templated":true}]}}