{"id":49,"date":"2011-05-11T14:51:54","date_gmt":"2011-05-11T16:51:54","guid":{"rendered":"http:\/\/www.encontraermelinomatarazzo.com.br\/noticias\/?p=49"},"modified":"2019-04-29T17:15:33","modified_gmt":"2019-04-29T19:15:33","slug":"ermelino-matarazzo-adolescentes-sao-detidos-apos-arrastao-em-escola","status":"publish","type":"post","link":"https:\/\/www.encontraermelinomatarazzo.com.br\/sobre\/ermelino-matarazzo-adolescentes-sao-detidos-apos-arrastao-em-escola\/","title":{"rendered":"Ermelino Matarazzo: Adolescentes s\u00e3o detidos ap\u00f3s arrast\u00e3o em escola"},"content":{"rendered":"<div class=\"582a572a76647b318fccfc02422c37de\" data-index=\"1\" style=\"float: none; margin:0px;\">\n<!-- Anuncio display - global -->\r\n<ins class=\"adsbygoogle\"\r\n     style=\"display:block\"\r\n     data-ad-client=\"ca-pub-8585364105181520\"\r\n     data-ad-slot=\"8789329856\"\r\n     data-ad-format=\"auto\"\r\n     data-full-width-responsive=\"true\"><\/ins>\r\n<script>\r\n     (adsbygoogle = window.adsbygoogle || []).push({});\r\n<\/script>\n<\/div>\n<p>Guardas Civis Metropolitanos detiveram oito adolescentes que estavam fazendo um arrast\u00e3o em uma escola na avenida Amador Bueno da Veiga, na altura do n\u00famero 2.932, na zona leste de SP. Segundo os GCMs, os adolescentes tamb\u00e9m estavam agredindo os alunos, al\u00e9m de roub\u00e1-los.<\/p>\n<p>Os alunos levados para a delegacia seriam de uma gangue do bairro Ermelino Matarazzo, que est\u00e1 atacando na regi\u00e3o. Tr\u00eas estudantes j\u00e1 foram roubados e agredidos na escola.<\/p>\n<p>Segundo a diretora do col\u00e9gio, muitos alunos n\u00e3o est\u00e3o indo para a escola por medo de repres\u00e1lia. A ocorr\u00eancia foi registrada no 24\u00ba DP (Distrito Policial).<\/p>\n<p><em>Fonte: R7<\/em><\/p>\n\n<div style=\"font-size: 0px; height: 0px; line-height: 0px; margin: 0; padding: 0; clear: both;\"><\/div>","protected":false},"excerpt":{"rendered":"<p>Guardas Civis Metropolitanos detiveram oito adolescentes que estavam fazendo um arrast\u00e3o em uma escola na avenida Amador Bueno da Veiga, na altura do n\u00famero 2.932, na zona leste de SP. Segundo os GCMs, os adolescentes tamb\u00e9m estavam agredindo os alunos, al\u00e9m de roub\u00e1-los. Os alunos levados para a delegacia seriam de uma gangue do bairro Ermelino Matarazzo, que est\u00e1 atacando na regi\u00e3o. Tr\u00eas estudantes j\u00e1 foram roubados e agredidos na escola. Segundo a diretora do col\u00e9gio, muitos alunos n\u00e3o est\u00e3o indo para a escola por medo de repres\u00e1lia. A ocorr\u00eancia foi registrada no 24\u00ba DP (Distrito Policial). Fonte: R7<\/p>\n","protected":false},"author":1,"featured_media":0,"comment_status":"open","ping_status":"closed","sticky":false,"template":"","format":"standard","meta":{"footnotes":""},"categories":[6],"tags":[],"class_list":["post-49","post","type-post","status-publish","format-standard","hentry","category-noticias-em-ermelino-matarazzo"],"aioseo_notices":[],"_links":{"self":[{"href":"https:\/\/www.encontraermelinomatarazzo.com.br\/sobre\/wp-json\/wp\/v2\/posts\/49","targetHints":{"allow":["GET"]}}],"collection":[{"href":"https:\/\/www.encontraermelinomatarazzo.com.br\/sobre\/wp-json\/wp\/v2\/posts"}],"about":[{"href":"https:\/\/www.encontraermelinomatarazzo.com.br\/sobre\/wp-json\/wp\/v2\/types\/post"}],"author":[{"embeddable":true,"href":"https:\/\/www.encontraermelinomatarazzo.com.br\/sobre\/wp-json\/wp\/v2\/users\/1"}],"replies":[{"embeddable":true,"href":"https:\/\/www.encontraermelinomatarazzo.com.br\/sobre\/wp-json\/wp\/v2\/comments?post=49"}],"version-history":[{"count":0,"href":"https:\/\/www.encontraermelinomatarazzo.com.br\/sobre\/wp-json\/wp\/v2\/posts\/49\/revisions"}],"wp:attachment":[{"href":"https:\/\/www.encontraermelinomatarazzo.com.br\/sobre\/wp-json\/wp\/v2\/media?parent=49"}],"wp:term":[{"taxonomy":"category","embeddable":true,"href":"https:\/\/www.encontraermelinomatarazzo.com.br\/sobre\/wp-json\/wp\/v2\/categories?post=49"},{"taxonomy":"post_tag","embeddable":true,"href":"https:\/\/www.encontraermelinomatarazzo.com.br\/sobre\/wp-json\/wp\/v2\/tags?post=49"}],"curies":[{"name":"wp","href":"https:\/\/api.w.org\/{rel}","templated":true}]}}