{"id":606,"date":"2012-04-05T15:18:45","date_gmt":"2012-04-05T17:18:45","guid":{"rendered":"http:\/\/www.encontraermelinomatarazzo.com.br\/noticias\/?p=606"},"modified":"2019-04-29T17:14:50","modified_gmt":"2019-04-29T19:14:50","slug":"subprefeitura-ermelino-matarazzo-recolhe-carcacas-abandonadas-na-via-publica","status":"publish","type":"post","link":"https:\/\/www.encontraermelinomatarazzo.com.br\/sobre\/subprefeitura-ermelino-matarazzo-recolhe-carcacas-abandonadas-na-via-publica\/","title":{"rendered":"Subprefeitura Ermelino Matarazzo recolhe carca\u00e7as abandonadas na via p\u00fablica"},"content":{"rendered":"<div class=\"582a572a76647b318fccfc02422c37de\" data-index=\"1\" style=\"float: none; margin:0px;\">\n<!-- Anuncio display - global -->\r\n<ins class=\"adsbygoogle\"\r\n     style=\"display:block\"\r\n     data-ad-client=\"ca-pub-8585364105181520\"\r\n     data-ad-slot=\"8789329856\"\r\n     data-ad-format=\"auto\"\r\n     data-full-width-responsive=\"true\"><\/ins>\r\n<script>\r\n     (adsbygoogle = window.adsbygoogle || []).push({});\r\n<\/script>\n<\/div>\n<p>Na \u00faltima semana a equipe de agentes da Subprefeitura Ermelino Matarazzo com a ajuda de um caminh\u00e3o Muck recolheu um autom\u00f3vel e uma carca\u00e7a que estavam abandonadas na via publica.<\/p>\n<p>Na primeira a\u00e7\u00e3o foi recolhido um autom\u00f3vel Chevrolet Monza 2.0 , que estava abandonado na Rua Vinte um de Setembro, n\u00ba 181, na Vila Paranagu\u00e1, Distrito de Ermelino Matarazzo.<\/p>\n<p>Na segunda opera\u00e7\u00e3o foi recolhida a carca\u00e7a de uma, que estava abandonada na Rua Tito Franco de Almeida, altura do n\u00ba 368, no Parque Boturussu, Distrito de Ermelino Matarazzo.<\/p>\n<p>Quando chega , no setor de fiscaliza\u00e7\u00e3o, a informa\u00e7\u00e3o da exist\u00eancia de uma carca\u00e7a ou veiculo abandonado na via publica a mais de cinco dias, um agente vistor encarregado de fiscalizar a \u00e1rea , vai at\u00e9 o local e cola um adesivo dando prazo de cinco dias para que o mesmo seja retirado do local, caso o equipamento n\u00e3o seja retirado, seu propriet\u00e1rio ser\u00e1 multado e o equipamento recolhido pela Subprefeitura, de acordo com o par\u00e1grafo \u00fanico do artigo 167 da Lei Municipal 13.478;02.<\/p>\n<p>As carca\u00e7as ou ve\u00edculos abandonados nas ruas, alem de dificultar a circula\u00e7\u00e3o de pedestres e motoristas, s\u00e3o usadas como esconderijos de malfeitores,colocando em risco a seguran\u00e7a da popula\u00e7\u00e3o.<\/p>\n<p>Al\u00e9m da quest\u00e3o da seguran\u00e7a as carca\u00e7as ret\u00eam a \u00e1gua das chuvas favorecendo o surgimento de focos da dengue, prolifera\u00e7\u00e3o de ratos e baratas, entre outros problemas.<\/p>\n<p><em>Fonte: Prefeitura de S. Paulo<\/em><\/p>\n\n<div style=\"font-size: 0px; height: 0px; line-height: 0px; margin: 0; padding: 0; clear: both;\"><\/div>","protected":false},"excerpt":{"rendered":"<p>Na \u00faltima semana a equipe de agentes da Subprefeitura Ermelino Matarazzo com a ajuda de um caminh\u00e3o Muck recolheu um autom\u00f3vel e uma carca\u00e7a que estavam abandonadas na via publica. Na primeira a\u00e7\u00e3o foi recolhido um autom\u00f3vel Chevrolet Monza 2.0 , que estava abandonado na Rua Vinte um de Setembro, n\u00ba 181, na Vila Paranagu\u00e1, Distrito de Ermelino Matarazzo. Na segunda opera\u00e7\u00e3o foi recolhida a carca\u00e7a de uma, que estava abandonada na Rua Tito Franco de Almeida, altura do n\u00ba 368, no Parque Boturussu, Distrito de Ermelino Matarazzo. Quando chega , no setor de fiscaliza\u00e7\u00e3o, a informa\u00e7\u00e3o da exist\u00eancia de <\/p>\n","protected":false},"author":1,"featured_media":0,"comment_status":"open","ping_status":"closed","sticky":false,"template":"","format":"standard","meta":{"footnotes":""},"categories":[6],"tags":[],"class_list":["post-606","post","type-post","status-publish","format-standard","hentry","category-noticias-em-ermelino-matarazzo"],"aioseo_notices":[],"_links":{"self":[{"href":"https:\/\/www.encontraermelinomatarazzo.com.br\/sobre\/wp-json\/wp\/v2\/posts\/606","targetHints":{"allow":["GET"]}}],"collection":[{"href":"https:\/\/www.encontraermelinomatarazzo.com.br\/sobre\/wp-json\/wp\/v2\/posts"}],"about":[{"href":"https:\/\/www.encontraermelinomatarazzo.com.br\/sobre\/wp-json\/wp\/v2\/types\/post"}],"author":[{"embeddable":true,"href":"https:\/\/www.encontraermelinomatarazzo.com.br\/sobre\/wp-json\/wp\/v2\/users\/1"}],"replies":[{"embeddable":true,"href":"https:\/\/www.encontraermelinomatarazzo.com.br\/sobre\/wp-json\/wp\/v2\/comments?post=606"}],"version-history":[{"count":0,"href":"https:\/\/www.encontraermelinomatarazzo.com.br\/sobre\/wp-json\/wp\/v2\/posts\/606\/revisions"}],"wp:attachment":[{"href":"https:\/\/www.encontraermelinomatarazzo.com.br\/sobre\/wp-json\/wp\/v2\/media?parent=606"}],"wp:term":[{"taxonomy":"category","embeddable":true,"href":"https:\/\/www.encontraermelinomatarazzo.com.br\/sobre\/wp-json\/wp\/v2\/categories?post=606"},{"taxonomy":"post_tag","embeddable":true,"href":"https:\/\/www.encontraermelinomatarazzo.com.br\/sobre\/wp-json\/wp\/v2\/tags?post=606"}],"curies":[{"name":"wp","href":"https:\/\/api.w.org\/{rel}","templated":true}]}}