{"id":652,"date":"2012-05-21T12:19:56","date_gmt":"2012-05-21T14:19:56","guid":{"rendered":"http:\/\/www.encontraermelinomatarazzo.com.br\/noticias\/?p=652"},"modified":"2019-04-29T17:14:49","modified_gmt":"2019-04-29T19:14:49","slug":"subprefeitura-ermelino-matarazzo-disponibiliza-aos-municipes-a-cartilha-das-calcadas","status":"publish","type":"post","link":"https:\/\/www.encontraermelinomatarazzo.com.br\/sobre\/subprefeitura-ermelino-matarazzo-disponibiliza-aos-municipes-a-cartilha-das-calcadas\/","title":{"rendered":"Subprefeitura Ermelino Matarazzo disponibiliza aos mun\u00edcipes a Cartilha das Cal\u00e7adas"},"content":{"rendered":"<div class=\"582a572a76647b318fccfc02422c37de\" data-index=\"1\" style=\"float: none; margin:0px;\">\n<!-- Anuncio display - global -->\r\n<ins class=\"adsbygoogle\"\r\n     style=\"display:block\"\r\n     data-ad-client=\"ca-pub-8585364105181520\"\r\n     data-ad-slot=\"8789329856\"\r\n     data-ad-format=\"auto\"\r\n     data-full-width-responsive=\"true\"><\/ins>\r\n<script>\r\n     (adsbygoogle = window.adsbygoogle || []).push({});\r\n<\/script>\n<\/div>\n<p>Elaborada para orientar os mun\u00edcipes sobre a import\u00e2ncia da constru\u00e7\u00e3o, recupera\u00e7\u00e3o e manuten\u00e7\u00e3o das cal\u00e7adas da cidade em bom estado de conserva\u00e7\u00e3o.<\/p>\n<p>Em janeiro de 2012, a Prefeitura de S\u00e3o Paulo regulamentou a Lei n\u00ba 15.442, que estabelece um novo padr\u00e3o de fiscaliza\u00e7\u00e3o para as cal\u00e7adas da Cidade de S\u00e3o Paulo.<\/p>\n<p>Para organizar o passeio p\u00fablico, a Prefeitura definiu um novo padr\u00e3o arquitet\u00f4nico que divide as cal\u00e7adas em faixas.<\/p>\n<p>As cal\u00e7adas com at\u00e9 2 metros de largura ser\u00e3o divididas em 2 faixas diferenciadas por textura ou cor e as com mais de 2 metros , em 3 faixas , tamb\u00e9m diferenciadas.<\/p>\n<p>Para saber mais sobre as novas cal\u00e7adas, os mun\u00edcipes poder\u00e3o retirar seus exemplares na Pra\u00e7a de Atendimento da Subprefeitura de Ermelino Matarazzo, localizada na Avenida S\u00e3o Miguel, 5550.<\/p>\n<p><em>Fonte: Prefeitura de S. Paulo<\/em><\/p>\n\n<div style=\"font-size: 0px; height: 0px; line-height: 0px; margin: 0; padding: 0; clear: both;\"><\/div>","protected":false},"excerpt":{"rendered":"<p>Elaborada para orientar os mun\u00edcipes sobre a import\u00e2ncia da constru\u00e7\u00e3o, recupera\u00e7\u00e3o e manuten\u00e7\u00e3o das cal\u00e7adas da cidade em bom estado de conserva\u00e7\u00e3o. Em janeiro de 2012, a Prefeitura de S\u00e3o Paulo regulamentou a Lei n\u00ba 15.442, que estabelece um novo padr\u00e3o de fiscaliza\u00e7\u00e3o para as cal\u00e7adas da Cidade de S\u00e3o Paulo. Para organizar o passeio p\u00fablico, a Prefeitura definiu um novo padr\u00e3o arquitet\u00f4nico que divide as cal\u00e7adas em faixas. As cal\u00e7adas com at\u00e9 2 metros de largura ser\u00e3o divididas em 2 faixas diferenciadas por textura ou cor e as com mais de 2 metros , em 3 faixas , tamb\u00e9m <\/p>\n","protected":false},"author":1,"featured_media":0,"comment_status":"open","ping_status":"closed","sticky":false,"template":"","format":"standard","meta":{"footnotes":""},"categories":[6],"tags":[],"class_list":["post-652","post","type-post","status-publish","format-standard","hentry","category-noticias-em-ermelino-matarazzo"],"aioseo_notices":[],"_links":{"self":[{"href":"https:\/\/www.encontraermelinomatarazzo.com.br\/sobre\/wp-json\/wp\/v2\/posts\/652","targetHints":{"allow":["GET"]}}],"collection":[{"href":"https:\/\/www.encontraermelinomatarazzo.com.br\/sobre\/wp-json\/wp\/v2\/posts"}],"about":[{"href":"https:\/\/www.encontraermelinomatarazzo.com.br\/sobre\/wp-json\/wp\/v2\/types\/post"}],"author":[{"embeddable":true,"href":"https:\/\/www.encontraermelinomatarazzo.com.br\/sobre\/wp-json\/wp\/v2\/users\/1"}],"replies":[{"embeddable":true,"href":"https:\/\/www.encontraermelinomatarazzo.com.br\/sobre\/wp-json\/wp\/v2\/comments?post=652"}],"version-history":[{"count":0,"href":"https:\/\/www.encontraermelinomatarazzo.com.br\/sobre\/wp-json\/wp\/v2\/posts\/652\/revisions"}],"wp:attachment":[{"href":"https:\/\/www.encontraermelinomatarazzo.com.br\/sobre\/wp-json\/wp\/v2\/media?parent=652"}],"wp:term":[{"taxonomy":"category","embeddable":true,"href":"https:\/\/www.encontraermelinomatarazzo.com.br\/sobre\/wp-json\/wp\/v2\/categories?post=652"},{"taxonomy":"post_tag","embeddable":true,"href":"https:\/\/www.encontraermelinomatarazzo.com.br\/sobre\/wp-json\/wp\/v2\/tags?post=652"}],"curies":[{"name":"wp","href":"https:\/\/api.w.org\/{rel}","templated":true}]}}