{"id":705,"date":"2012-07-05T15:04:53","date_gmt":"2012-07-05T17:04:53","guid":{"rendered":"http:\/\/www.encontraermelinomatarazzo.com.br\/noticias\/?p=705"},"modified":"2019-04-29T17:14:49","modified_gmt":"2019-04-29T19:14:49","slug":"subprefeitura-ermelino-matarazzo-executa-a-limpeza-e-a-manutencao-da-praca-pedro-luis-matavelli","status":"publish","type":"post","link":"https:\/\/www.encontraermelinomatarazzo.com.br\/sobre\/subprefeitura-ermelino-matarazzo-executa-a-limpeza-e-a-manutencao-da-praca-pedro-luis-matavelli\/","title":{"rendered":"Subprefeitura Ermelino Matarazzo executa a limpeza e a manuten\u00e7\u00e3o da Pra\u00e7a Pedro Luis Matavelli"},"content":{"rendered":"<div class=\"582a572a76647b318fccfc02422c37de\" data-index=\"1\" style=\"float: none; margin:0px;\">\n<!-- Anuncio display - global -->\r\n<ins class=\"adsbygoogle\"\r\n     style=\"display:block\"\r\n     data-ad-client=\"ca-pub-8585364105181520\"\r\n     data-ad-slot=\"8789329856\"\r\n     data-ad-format=\"auto\"\r\n     data-full-width-responsive=\"true\"><\/ins>\r\n<script>\r\n     (adsbygoogle = window.adsbygoogle || []).push({});\r\n<\/script>\n<\/div>\n<p>No dia 4\/7 a equipe de limpeza e manuten\u00e7\u00e3o de \u00e1reas verdes executa a limpeza e a manuten\u00e7\u00e3o da Pra\u00e7a Pedro Luis Matavelli, localizada na Avenida Paranagu\u00e1 altura do n\u00ba 1979.<\/p>\n<p>O trabalho consiste no corte da grama, pequenas podas e no recolhimento do lixo e entulho jogados irregularmente no local.<\/p>\n<p>A equipe \u00e9 composta de dois motoristas, dez agentes operacionais, um caminh\u00e3o, uma perua Kombi, ro\u00e7adeiras el\u00e9tricas, vassor\u00f5es, rastelos e tesouras de poda.<\/p>\n<p>Com extens\u00e3o de 2.200 m\u00b2, a Pra\u00e7a Pedro Luis Matavelli \u00e9 uma das pra\u00e7as mais arborizadas do Distrito de Ermelino Matarazzo, com cal\u00e7adas largas \u00e9 muito utilizada para a pr\u00e1tica de caminhadas matinais.<\/p>\n<p><em>Fonte: Prefeitura de S. Paulo<\/em><\/p>\n\n<div style=\"font-size: 0px; height: 0px; line-height: 0px; margin: 0; padding: 0; clear: both;\"><\/div>","protected":false},"excerpt":{"rendered":"<p>No dia 4\/7 a equipe de limpeza e manuten\u00e7\u00e3o de \u00e1reas verdes executa a limpeza e a manuten\u00e7\u00e3o da Pra\u00e7a Pedro Luis Matavelli, localizada na Avenida Paranagu\u00e1 altura do n\u00ba 1979. O trabalho consiste no corte da grama, pequenas podas e no recolhimento do lixo e entulho jogados irregularmente no local. A equipe \u00e9 composta de dois motoristas, dez agentes operacionais, um caminh\u00e3o, uma perua Kombi, ro\u00e7adeiras el\u00e9tricas, vassor\u00f5es, rastelos e tesouras de poda. Com extens\u00e3o de 2.200 m\u00b2, a Pra\u00e7a Pedro Luis Matavelli \u00e9 uma das pra\u00e7as mais arborizadas do Distrito de Ermelino Matarazzo, com cal\u00e7adas largas \u00e9 muito <\/p>\n","protected":false},"author":1,"featured_media":0,"comment_status":"open","ping_status":"closed","sticky":false,"template":"","format":"standard","meta":{"footnotes":""},"categories":[6],"tags":[],"class_list":["post-705","post","type-post","status-publish","format-standard","hentry","category-noticias-em-ermelino-matarazzo"],"aioseo_notices":[],"_links":{"self":[{"href":"https:\/\/www.encontraermelinomatarazzo.com.br\/sobre\/wp-json\/wp\/v2\/posts\/705","targetHints":{"allow":["GET"]}}],"collection":[{"href":"https:\/\/www.encontraermelinomatarazzo.com.br\/sobre\/wp-json\/wp\/v2\/posts"}],"about":[{"href":"https:\/\/www.encontraermelinomatarazzo.com.br\/sobre\/wp-json\/wp\/v2\/types\/post"}],"author":[{"embeddable":true,"href":"https:\/\/www.encontraermelinomatarazzo.com.br\/sobre\/wp-json\/wp\/v2\/users\/1"}],"replies":[{"embeddable":true,"href":"https:\/\/www.encontraermelinomatarazzo.com.br\/sobre\/wp-json\/wp\/v2\/comments?post=705"}],"version-history":[{"count":0,"href":"https:\/\/www.encontraermelinomatarazzo.com.br\/sobre\/wp-json\/wp\/v2\/posts\/705\/revisions"}],"wp:attachment":[{"href":"https:\/\/www.encontraermelinomatarazzo.com.br\/sobre\/wp-json\/wp\/v2\/media?parent=705"}],"wp:term":[{"taxonomy":"category","embeddable":true,"href":"https:\/\/www.encontraermelinomatarazzo.com.br\/sobre\/wp-json\/wp\/v2\/categories?post=705"},{"taxonomy":"post_tag","embeddable":true,"href":"https:\/\/www.encontraermelinomatarazzo.com.br\/sobre\/wp-json\/wp\/v2\/tags?post=705"}],"curies":[{"name":"wp","href":"https:\/\/api.w.org\/{rel}","templated":true}]}}