{"id":741,"date":"2012-08-15T09:59:04","date_gmt":"2012-08-15T11:59:04","guid":{"rendered":"http:\/\/www.encontraermelinomatarazzo.com.br\/noticias\/?p=741"},"modified":"2019-04-29T17:14:48","modified_gmt":"2019-04-29T19:14:48","slug":"conseg-ermelino-matarazzo-promove-reuniao-nesta-quinta-feira","status":"publish","type":"post","link":"https:\/\/www.encontraermelinomatarazzo.com.br\/sobre\/conseg-ermelino-matarazzo-promove-reuniao-nesta-quinta-feira\/","title":{"rendered":"Conseg Ermelino Matarazzo promove reuni\u00e3o nesta quinta-feira"},"content":{"rendered":"<div class=\"582a572a76647b318fccfc02422c37de\" data-index=\"1\" style=\"float: none; margin:0px;\">\n<!-- Anuncio display - global -->\r\n<ins class=\"adsbygoogle\"\r\n     style=\"display:block\"\r\n     data-ad-client=\"ca-pub-8585364105181520\"\r\n     data-ad-slot=\"8789329856\"\r\n     data-ad-format=\"auto\"\r\n     data-full-width-responsive=\"true\"><\/ins>\r\n<script>\r\n     (adsbygoogle = window.adsbygoogle || []).push({});\r\n<\/script>\n<\/div>\n<p>Nesta quinta-feira (16\/8), \u00e0s 20h, no Largo 1\u00b0 de Maio, 14, em frente a Base da Pol\u00edcia Militar do <a title=\"62\u00b0 DP\" href=\"http:\/\/www.encontraermelinomatarazzo.com.br\/ermelino-matarazzo\/62-dp-de-ermelino-matarazzo.shtml\" target=\"_blank\">62 DP<\/a>, ser\u00e1 realizada a reuni\u00e3o do\u00a0 Conselho Comunit\u00e1rio de Seguran\u00e7a (Conseg) de Ermelino Matarazzo.<\/p>\n<p>Os Conselhos Comunit\u00e1rios de Seguran\u00e7a s\u00e3o grupos organizados, formados por moradores do bairro, que se re\u00fanem para discutir, analisar e dar sugest\u00f5es para a implanta\u00e7\u00e3o de a\u00e7\u00f5es que possam ser aplicadas, com o objetivo de aumento a seguran\u00e7a p\u00fablica local.<\/p>\n<p>Cada Conseg possui dois representantes da Secretaria de Seguran\u00e7a P\u00fablica: o Comandante da Pol\u00edcia Militar e o Delegado de Pol\u00edcia titular do Distrito Policial do bairro.<\/p>\n<p>A participa\u00e7\u00e3o dos cidad\u00e3os de cada uma das regi\u00f5es \u00e9 fundamental import\u00e2ncia , pois o Conseg \u00e9 f\u00f3rum criado para que o cidad\u00e3o possa apresentar sugest\u00f5es \u00e0s autoridades respons\u00e1veis pela seguran\u00e7a p\u00fablica.<\/p>\n<p><em>Fonte: Prefeitura de S. Paulo<\/em><\/p>\n\n<div style=\"font-size: 0px; height: 0px; line-height: 0px; margin: 0; padding: 0; clear: both;\"><\/div>","protected":false},"excerpt":{"rendered":"<p>Nesta quinta-feira (16\/8), \u00e0s 20h, no Largo 1\u00b0 de Maio, 14, em frente a Base da Pol\u00edcia Militar do 62 DP, ser\u00e1 realizada a reuni\u00e3o do\u00a0 Conselho Comunit\u00e1rio de Seguran\u00e7a (Conseg) de Ermelino Matarazzo. Os Conselhos Comunit\u00e1rios de Seguran\u00e7a s\u00e3o grupos organizados, formados por moradores do bairro, que se re\u00fanem para discutir, analisar e dar sugest\u00f5es para a implanta\u00e7\u00e3o de a\u00e7\u00f5es que possam ser aplicadas, com o objetivo de aumento a seguran\u00e7a p\u00fablica local. Cada Conseg possui dois representantes da Secretaria de Seguran\u00e7a P\u00fablica: o Comandante da Pol\u00edcia Militar e o Delegado de Pol\u00edcia titular do Distrito Policial do bairro. <\/p>\n","protected":false},"author":1,"featured_media":0,"comment_status":"open","ping_status":"closed","sticky":false,"template":"","format":"standard","meta":{"footnotes":""},"categories":[6],"tags":[],"class_list":["post-741","post","type-post","status-publish","format-standard","hentry","category-noticias-em-ermelino-matarazzo"],"aioseo_notices":[],"_links":{"self":[{"href":"https:\/\/www.encontraermelinomatarazzo.com.br\/sobre\/wp-json\/wp\/v2\/posts\/741","targetHints":{"allow":["GET"]}}],"collection":[{"href":"https:\/\/www.encontraermelinomatarazzo.com.br\/sobre\/wp-json\/wp\/v2\/posts"}],"about":[{"href":"https:\/\/www.encontraermelinomatarazzo.com.br\/sobre\/wp-json\/wp\/v2\/types\/post"}],"author":[{"embeddable":true,"href":"https:\/\/www.encontraermelinomatarazzo.com.br\/sobre\/wp-json\/wp\/v2\/users\/1"}],"replies":[{"embeddable":true,"href":"https:\/\/www.encontraermelinomatarazzo.com.br\/sobre\/wp-json\/wp\/v2\/comments?post=741"}],"version-history":[{"count":0,"href":"https:\/\/www.encontraermelinomatarazzo.com.br\/sobre\/wp-json\/wp\/v2\/posts\/741\/revisions"}],"wp:attachment":[{"href":"https:\/\/www.encontraermelinomatarazzo.com.br\/sobre\/wp-json\/wp\/v2\/media?parent=741"}],"wp:term":[{"taxonomy":"category","embeddable":true,"href":"https:\/\/www.encontraermelinomatarazzo.com.br\/sobre\/wp-json\/wp\/v2\/categories?post=741"},{"taxonomy":"post_tag","embeddable":true,"href":"https:\/\/www.encontraermelinomatarazzo.com.br\/sobre\/wp-json\/wp\/v2\/tags?post=741"}],"curies":[{"name":"wp","href":"https:\/\/api.w.org\/{rel}","templated":true}]}}