{"id":758,"date":"2012-08-24T11:55:08","date_gmt":"2012-08-24T13:55:08","guid":{"rendered":"http:\/\/www.encontraermelinomatarazzo.com.br\/noticias\/?p=758"},"modified":"2019-04-29T17:14:48","modified_gmt":"2019-04-29T19:14:48","slug":"operacao-cata-bagulho-visita-regiao-do-ermelino-neste-sabado-confira","status":"publish","type":"post","link":"https:\/\/www.encontraermelinomatarazzo.com.br\/sobre\/operacao-cata-bagulho-visita-regiao-do-ermelino-neste-sabado-confira\/","title":{"rendered":"Opera\u00e7\u00e3o Cata Bagulho visita regi\u00e3o do Ermelino neste s\u00e1bado; confira"},"content":{"rendered":"<div class=\"582a572a76647b318fccfc02422c37de\" data-index=\"1\" style=\"float: none; margin:0px;\">\n<!-- Anuncio display - global -->\r\n<ins class=\"adsbygoogle\"\r\n     style=\"display:block\"\r\n     data-ad-client=\"ca-pub-8585364105181520\"\r\n     data-ad-slot=\"8789329856\"\r\n     data-ad-format=\"auto\"\r\n     data-full-width-responsive=\"true\"><\/ins>\r\n<script>\r\n     (adsbygoogle = window.adsbygoogle || []).push({});\r\n<\/script>\n<\/div>\n<p>A Prefeitura de S\u00e3o Paulo realiza neste s\u00e1bado (25\/8) a Opera\u00e7\u00e3o Cata-Bagulho em 14 Subprefeituras da cidade. O servi\u00e7o \u00e9 gratuito e recolhe materiais inserv\u00edveis como m\u00f3veis velhos, eletrodom\u00e9sticos quebrados, pneus, garrafas, colch\u00f5es e papel\u00e3o. O objetivo da opera\u00e7\u00e3o \u00e9 prevenir o descarte irregular de materiais em vias da cidade, comprometendo o escoamento da \u00e1gua em dias de chuva, que pode gerar alagamentos e enchentes.<\/p>\n<p>O descarte irregular de materiais inserv\u00edveis \u00e9 considerado crime ambiental sujeito a multa de R$13 mil, por isso se algum mun\u00edcipe quiser descartar algum item em desuso, mas sua rua n\u00e3o foi atendida nas ultimas opera\u00e7\u00f5es, \u00e9 poss\u00edvel solicitar que a Subprefeitura da regi\u00e3o inclua a via na programa\u00e7\u00e3o atrav\u00e9s do telefone 156 ou comparecer a um dos Ecopontos espalhados pela cidade. O limite di\u00e1rio para cada morador \u00e9 de uma caixa d\u2019 \u00e1gua de mil litros, o equivalente a 25% de uma ca\u00e7amba.<\/p>\n<p><strong>ARICANDUVA\/FORMOSA\/CARR\u00c3O \u2013 a partir das 9h<\/strong><br \/>\nOnde: O per\u00edmetro atendido fica entre a Av. Aricanduva (lado par &#8211; entre Rua Julio Cola\u00e7o e Av. Itaquera), Av. Itaquera (entre Av. Aricanduva e Av. 19 de Janeiro), Av. 19 de Janeiro (toda extens\u00e3o), Av. Cons. Carr\u00e3o (entre Rua Dentista Barreto e Av. 19 de Janeiro), Rua Dentista Barreto (entre Av. Cons. Carr\u00e3o e Rua J\u00falio Cola\u00e7o) e Rua J\u00falio Cola\u00e7o (entre Rua Dentista Barreto e Av. Aricanduva).<\/p>\n<p><strong>CIDADE ADEMAR \u2013 a partir das 15h<\/strong><br \/>\nOnde: Distrito da Pedreira<\/p>\n<p><strong>ERMELINO MATARAZZO \u2013 a partir das 10h<\/strong><br \/>\n<strong> Onde: Jardim Popular<\/strong><\/p>\n<p><strong>FREGUESIA\/BRASIL\u00c2NDIA \u2013 a partir das 7h<\/strong><br \/>\nOnde: Vila Morro Grande e o Jardim Monte Alegre<\/p>\n<p><strong>IPIRANGA \u2013 8h \u00e0s 11h<\/strong><br \/>\nOnde: Os caminh\u00f5es da Subprefeitura percorrer\u00e3o o per\u00edmetro formado pela Avenida Nossa Senhora das Merc\u00eas, Rua Marques de Lages, Avenida do Cursino, Avenida Fujaro, Avenida Dr. Abr\u00e3o de Moraes, Rua Ribeiro Lacerda e Rua do Boqueir\u00e3o e Avenida Tancredo Neves.<\/p>\n<p><strong>ITAQUERA \u2013 7h \u00e0s 11h<\/strong><br \/>\nOnde: Jardim Ipanema, regi\u00e3o de Cidade L\u00edder, subdistrito de Itaquera, no per\u00edmetro formado pelas ruas Henrique Perdig\u00e3o, Valen\u00e7a do Minho, Jasmim da Espanha e Filippo Juvara.<\/p>\n<p><strong>JABAQUARA \u2013 a partir das 7h<\/strong><br \/>\nOnde: Vila Babil\u00f4nia e parte da Vila Santa Catarina (avenidas Brasil, Santa Catarina, Alba, Barr\u00e2nia, Atos Damasceno, Iboti, Jurupari, Taquaritiba, rua Oriental, travessa Jacinto Francisco Pires, entre outras)<\/p>\n<p><strong>JA\u00c7AN\u00c3\/TREMEMB\u00c9 \u2013 a partir das 8h<\/strong><br \/>\nOnde: Setor 12: Furnas \/ Jardim Joana D\u00b4arc. As equipes de limpeza passar\u00e3o por diversas vias da regi\u00e3o, como a Rua Ushikichi Kamia (entre Estr. de Furnas e Av. Cabu\u00e7u), Rua de Furnas (entre a Rua Manuel Vieira da Luz e Av. Ushikichi Kamia), Rua S\u00e3o Gabriel, Rua da Fonte, Rua da Esperan\u00e7a, Alameda dos Eucaliptos, Alameda dos Pinheiros, entre outras.<\/p>\n<p><strong>ENCONTRA MOOCA \u2013 a partir das 11h<\/strong><br \/>\nOnde: Ser\u00e3o percorridas 242 vias da regi\u00e3o, entre elas a Avenida Paes de Barros e Ruas da Mooca, dos Trilhos, Borges de Figueiredo, Visconde de Inhomerim, do Hip\u00f3dromo, Taquari, Tabajaras, Dian\u00f3polis, Chamant\u00e1 e Frei Gaspar.<\/p>\n<p><strong>PIRITUBA\/JARAGU\u00c1 \u2013 a partir das 11h<\/strong><br \/>\nOnde: Vila Guedes, Vila Soares, Jardim Vista Linda, Jardim Mutinga, Jardim Maristela, Vila Maria Eug\u00eania, Jardim Mangalot e Jardim Santo Elias.<\/p>\n<p><strong>SANTANA\/TUCURUVI \u2013 7h \u00e0s 13h<\/strong><br \/>\nOnde: A opera\u00e7\u00e3o abranger\u00e1 o per\u00edmetro interno entre a Av. Cruzeiro do Sul (entre a Rua Alfredo Pujol e a Marginal Tiet\u00ea), Rua Alfredo Pujol (at\u00e9 Rua Maria Curupaiti), Rua Maria Curupaiti (entre a Rua Alfredo Pujol e Av. Braz Leme), Av. Braz Leme (at\u00e9 a Rua Marambaia) e Rua Brazelisa Alves de Carvalho (entre a Rua Marambaia e a Marginal Tiet\u00ea).<\/p>\n<p><strong>SANTO AMARO \u2013 8h \u00e0s 15h<\/strong><br \/>\nOnde: per\u00edmetro formado pela Rua Conde de It\u00fa, Rua Belterra, Av. Washington Luis, Av. Prof. Vicente Rao, Av. Prof. Rubens Gomes de Souza e Av. Santo Amaro.<\/p>\n<p><strong>S\u00c9 \u2013 a partir das 12h<\/strong><br \/>\nOnde: distrito do Cambuci, delimitado pela Avenida Lacerda Franco, Rua Coronel Diogo, Rua Bas\u00edlio da Cunha, Rua Gaspar Fernandes, Rua Engenheiro Prudente, Rua Ari Cajado, Rua Leandro de Carvalho, Rua Almirante Pestana, Avenida do Estado, Rua Presidente Batista Pereira, Viaduto S\u00e3o Carlos, Linha da CPTM, Rua da Mooca, Avenida do Estado\/Viaduto 31 de Mar\u00e7o, Rua Ant\u00f4nio de S\u00e1, Avenida Prefeito Passos, Rua Otto de Alencar, Rua Teixeira Mendes, Rua do Lavap\u00e9s, Rua Francisco Justino de Azevedo, Rua Miguel Teles J\u00fanior e Rua Alves Ribeiro.<\/p>\n<p><strong>VILA MARIANA \u2013 7h \u00e0s 17h<\/strong><br \/>\nOnde: dentro do quadril\u00e1tero formado pelas avenidas Pedro Alvares Cabral \/ Prof. No\u00e9 de Azevedo\/Vinte e Tr\u00eas de Maio e as ruas Sena Madureira e Vergueiro.<\/p>\n<p><em>Fonte: Prefeitura de S. Paulo<\/em><\/p>\n\n<div style=\"font-size: 0px; height: 0px; line-height: 0px; margin: 0; padding: 0; clear: both;\"><\/div>","protected":false},"excerpt":{"rendered":"<p>A Prefeitura de S\u00e3o Paulo realiza neste s\u00e1bado (25\/8) a Opera\u00e7\u00e3o Cata-Bagulho em 14 Subprefeituras da cidade. O servi\u00e7o \u00e9 gratuito e recolhe materiais inserv\u00edveis como m\u00f3veis velhos, eletrodom\u00e9sticos quebrados, pneus, garrafas, colch\u00f5es e papel\u00e3o. O objetivo da opera\u00e7\u00e3o \u00e9 prevenir o descarte irregular de materiais em vias da cidade, comprometendo o escoamento da \u00e1gua em dias de chuva, que pode gerar alagamentos e enchentes. O descarte irregular de materiais inserv\u00edveis \u00e9 considerado crime ambiental sujeito a multa de R$13 mil, por isso se algum mun\u00edcipe quiser descartar algum item em desuso, mas sua rua n\u00e3o foi atendida nas ultimas <\/p>\n","protected":false},"author":1,"featured_media":0,"comment_status":"open","ping_status":"closed","sticky":false,"template":"","format":"standard","meta":{"footnotes":""},"categories":[6],"tags":[],"class_list":["post-758","post","type-post","status-publish","format-standard","hentry","category-noticias-em-ermelino-matarazzo"],"aioseo_notices":[],"_links":{"self":[{"href":"https:\/\/www.encontraermelinomatarazzo.com.br\/sobre\/wp-json\/wp\/v2\/posts\/758","targetHints":{"allow":["GET"]}}],"collection":[{"href":"https:\/\/www.encontraermelinomatarazzo.com.br\/sobre\/wp-json\/wp\/v2\/posts"}],"about":[{"href":"https:\/\/www.encontraermelinomatarazzo.com.br\/sobre\/wp-json\/wp\/v2\/types\/post"}],"author":[{"embeddable":true,"href":"https:\/\/www.encontraermelinomatarazzo.com.br\/sobre\/wp-json\/wp\/v2\/users\/1"}],"replies":[{"embeddable":true,"href":"https:\/\/www.encontraermelinomatarazzo.com.br\/sobre\/wp-json\/wp\/v2\/comments?post=758"}],"version-history":[{"count":0,"href":"https:\/\/www.encontraermelinomatarazzo.com.br\/sobre\/wp-json\/wp\/v2\/posts\/758\/revisions"}],"wp:attachment":[{"href":"https:\/\/www.encontraermelinomatarazzo.com.br\/sobre\/wp-json\/wp\/v2\/media?parent=758"}],"wp:term":[{"taxonomy":"category","embeddable":true,"href":"https:\/\/www.encontraermelinomatarazzo.com.br\/sobre\/wp-json\/wp\/v2\/categories?post=758"},{"taxonomy":"post_tag","embeddable":true,"href":"https:\/\/www.encontraermelinomatarazzo.com.br\/sobre\/wp-json\/wp\/v2\/tags?post=758"}],"curies":[{"name":"wp","href":"https:\/\/api.w.org\/{rel}","templated":true}]}}